{"id":81499,"date":"2017-09-06T05:04:24","date_gmt":"2017-09-06T09:04:24","guid":{"rendered":"http:\/\/www.eltrabajo.cl\/2017\/?p=81499"},"modified":"2017-09-06T05:04:24","modified_gmt":"2017-09-06T09:04:24","slug":"denuncian-millonario-despilfarro-en-reparar-puente-25-de-mayo-en-tierras-blancas","status":"publish","type":"post","link":"https:\/\/eltrabajo.cl\/portal\/denuncian-millonario-despilfarro-en-reparar-puente-25-de-mayo-en-tierras-blancas\/","title":{"rendered":"Denuncian millonario despilfarro en reparar puente 25 de Mayo en Tierras Blancas"},"content":{"rendered":"<figure id=\"attachment_81500\" aria-describedby=\"caption-attachment-81500\" style=\"width: 580px\" class=\"wp-caption alignnone\"><img data-recalc-dims=\"1\" loading=\"lazy\" decoding=\"async\" class=\"size-full wp-image-81500\" src=\"https:\/\/i0.wp.com\/www.eltrabajo.cl\/2017\/wp-content\/uploads\/2017\/09\/puente-25-de-mayo-tierras-blancas.jpg?resize=580%2C400\" alt=\"El dirigente vecinal Eusebio Berm\u00fadez muestra uno de los \u2018clavos de oro\u2019.\" width=\"580\" height=\"400\" srcset=\"https:\/\/i0.wp.com\/eltrabajo.cl\/portal\/wp-content\/uploads\/2017\/09\/puente-25-de-mayo-tierras-blancas.jpg?w=580&amp;ssl=1 580w, https:\/\/i0.wp.com\/eltrabajo.cl\/portal\/wp-content\/uploads\/2017\/09\/puente-25-de-mayo-tierras-blancas.jpg?resize=200%2C138&amp;ssl=1 200w, https:\/\/i0.wp.com\/eltrabajo.cl\/portal\/wp-content\/uploads\/2017\/09\/puente-25-de-mayo-tierras-blancas.jpg?resize=300%2C207&amp;ssl=1 300w, https:\/\/i0.wp.com\/eltrabajo.cl\/portal\/wp-content\/uploads\/2017\/09\/puente-25-de-mayo-tierras-blancas.jpg?resize=218%2C150&amp;ssl=1 218w, https:\/\/i0.wp.com\/eltrabajo.cl\/portal\/wp-content\/uploads\/2017\/09\/puente-25-de-mayo-tierras-blancas.jpg?resize=400%2C276&amp;ssl=1 400w\" sizes=\"auto, (max-width: 580px) 100vw, 580px\" \/><figcaption id=\"caption-attachment-81500\" class=\"wp-caption-text\">El dirigente vecinal Eusebio Berm\u00fadez muestra uno de los \u2018clavos de oro\u2019.<\/figcaption><\/figure>\n<ul>\n<li><span style=\"color: #ff0000;\"><strong>Vecinos lo han rebautizado como \u2018El puente de los clavos de oro\u2019:<\/strong><\/span><\/li>\n<\/ul>\n<p>Pese a que el puente se llama 25 de Mayo, los vecinos del sector Tierras Blancas lo han llegado a llamar \u2018El Puente de los Clavos de Oro\u2019, simplemente porque han visto como se han gastado alrededor de 50 millones de pesos en repararlo, sin embargo los vecinos dicen que contin\u00faa en mal estado.<br \/>\nUna de las personas y dirigente vecinal del sector Tierras Blancas, Eusebio Berm\u00fadez, se refiri\u00f3 a lo mismo en los siguientes t\u00e9rmino: \u201cEste es el puente Clavos de Oro, porque se han hecho dos reparaciones que tienen un valor de 25 millones cada reparaci\u00f3n, y lo \u00fanico que hacen es cambiarle los tablones y ponerle m\u00e1s clavos. Llevamos 17 a\u00f1os solicitando la reparaci\u00f3n de este puente y no hemos tenido respuesta, se supone que el dise\u00f1o y el proyecto est\u00e1n listos, pero no est\u00e1n los recursos para cambiar el puente. Aparte tenemos 37 hoyos o eventos en aproximadamente un kil\u00f3metro y se ha solicitado a Vialidad, a la se\u00f1ora Claudia Lizama, al se\u00f1or alcalde, al se\u00f1or Gobernador y no tenemos respuesta, ninguna respuesta, ninguna soluci\u00f3n, es decir nada\u201d.<br \/>\n<strong>&#8211; \u00bfUstedes quieren que le cambien este puente definitivamente?<\/strong><br \/>\n&#8211; Definitivamente. En invierno con las heladas no se puede pasar, personas que pasan, personas que se caen porque como se forma una costra de hielo, es caerse.<br \/>\nAgrega que cuando hay un accidente en el cruce Tres Esquinas, todo el tr\u00e1nsito se desv\u00eda por ese sector: \u201cEste puente es la ruta principal de acceso y salida en caso de emergencia, por donde pasan micros, buses, todo por este puente\u201d, dice el dirigente.<br \/>\nReitera que son cincuenta millones de pesos que se han gastado en cambiar tablones y clavos, ese es el motivo por el cual lo llaman \u2018El Puente de los Clavos de Oro\u2019.<br \/>\nRepite que definitivamente quieren que cambien el puente: \u201cLos vecinos me comentan sobre este problema, se puede ver a ciclistas transitando con problemas y riesgos\u201d.<br \/>\nOtro de los dirigentes del sector, espec\u00edficamente del rubro de la locomoci\u00f3n colectiva, Jos\u00e9 Daniel Tapia Tapia, Presidente de la l\u00ednea de taxis colectivos Rinconada, San Felipe, Llay Llay, confirma los problemas, especialmente los 37 agujeros que hay en un trayecto de un kil\u00f3metro; \u201cpor supuesto, es algo que a nosotros nos est\u00e1 molestando, sobre todo por los veh\u00edculos que se echan a perder. Hace tiempo que estamos en movimiento que haya reparaci\u00f3n del camino Bucalemu, incluso el de la Hacienda que tambi\u00e9n ocupamos y tambi\u00e9n tiene sus hoyos, hemos luchado harto por esto y resulta que el tiempo pasa, pero no tenemos resultados\u201d, finaliz\u00f3.<br \/>\nEn tanto el Consejero Regional y Presidente del Core, Rolando Stevenson Velasco, se mostr\u00f3 sorprendido por la situaci\u00f3n, se\u00f1alando que el puente debe ser reemplazado \u201cpor un puente que en primer lugar tenga dos v\u00edas, porque esta es la \u00fanica alternativa viniendo de Santiago cuando hay alg\u00fan conflicto. Yo dentro de la semana har\u00e9 las recomendaciones y peticiones a las autoridades que correspondan, porque los vecinos tienen una duda tremenda por los costos que ha significado la reparaci\u00f3n con tablones y clavos grandes, pero no se justifica para gente el estado en que se encuentra el puente\u201d, finaliz\u00f3.<\/p>\n<figure id=\"attachment_81501\" aria-describedby=\"caption-attachment-81501\" style=\"width: 580px\" class=\"wp-caption alignnone\"><img data-recalc-dims=\"1\" loading=\"lazy\" decoding=\"async\" class=\"size-full wp-image-81501\" src=\"https:\/\/i0.wp.com\/www.eltrabajo.cl\/2017\/wp-content\/uploads\/2017\/09\/puente-25-de-mayo-tierras-blancas1.jpg?resize=580%2C400\" alt=\"S\u00f3lo un veh\u00edculo a la vez puede pasar por el Puente 25 de Mayo.\" width=\"580\" height=\"400\" srcset=\"https:\/\/i0.wp.com\/eltrabajo.cl\/portal\/wp-content\/uploads\/2017\/09\/puente-25-de-mayo-tierras-blancas1.jpg?w=580&amp;ssl=1 580w, https:\/\/i0.wp.com\/eltrabajo.cl\/portal\/wp-content\/uploads\/2017\/09\/puente-25-de-mayo-tierras-blancas1.jpg?resize=200%2C138&amp;ssl=1 200w, https:\/\/i0.wp.com\/eltrabajo.cl\/portal\/wp-content\/uploads\/2017\/09\/puente-25-de-mayo-tierras-blancas1.jpg?resize=300%2C207&amp;ssl=1 300w, https:\/\/i0.wp.com\/eltrabajo.cl\/portal\/wp-content\/uploads\/2017\/09\/puente-25-de-mayo-tierras-blancas1.jpg?resize=218%2C150&amp;ssl=1 218w, https:\/\/i0.wp.com\/eltrabajo.cl\/portal\/wp-content\/uploads\/2017\/09\/puente-25-de-mayo-tierras-blancas1.jpg?resize=400%2C276&amp;ssl=1 400w\" sizes=\"auto, (max-width: 580px) 100vw, 580px\" \/><figcaption id=\"caption-attachment-81501\" class=\"wp-caption-text\">S\u00f3lo un veh\u00edculo a la vez puede pasar por el Puente 25 de Mayo.<\/figcaption><\/figure>\n","protected":false},"excerpt":{"rendered":"<p>Vecinos lo han rebautizado como \u2018El puente de los clavos de oro\u2019: Pese a que el puente se llama 25 de Mayo, los vecinos del sector Tierras Blancas lo han llegado a&#8230;<\/p>\n","protected":false},"author":1,"featured_media":81500,"comment_status":"open","ping_status":"open","sticky":false,"template":"","format":"standard","meta":{"advanced_seo_description":"","jetpack_seo_html_title":"","jetpack_seo_noindex":false,"_jetpack_memberships_contains_paid_content":false,"footnotes":""},"categories":[15],"tags":[],"class_list":["post-81499","post","type-post","status-publish","format-standard","has-post-thumbnail","hentry","category-comunidad"],"jetpack_featured_media_url":"https:\/\/i0.wp.com\/eltrabajo.cl\/portal\/wp-content\/uploads\/2017\/09\/puente-25-de-mayo-tierras-blancas.jpg?fit=580%2C400&ssl=1","jetpack_sharing_enabled":true,"jetpack_likes_enabled":true,"jetpack-related-posts":[],"_links":{"self":[{"href":"https:\/\/eltrabajo.cl\/portal\/wp-json\/wp\/v2\/posts\/81499","targetHints":{"allow":["GET"]}}],"collection":[{"href":"https:\/\/eltrabajo.cl\/portal\/wp-json\/wp\/v2\/posts"}],"about":[{"href":"https:\/\/eltrabajo.cl\/portal\/wp-json\/wp\/v2\/types\/post"}],"author":[{"embeddable":true,"href":"https:\/\/eltrabajo.cl\/portal\/wp-json\/wp\/v2\/users\/1"}],"replies":[{"embeddable":true,"href":"https:\/\/eltrabajo.cl\/portal\/wp-json\/wp\/v2\/comments?post=81499"}],"version-history":[{"count":0,"href":"https:\/\/eltrabajo.cl\/portal\/wp-json\/wp\/v2\/posts\/81499\/revisions"}],"wp:featuredmedia":[{"embeddable":true,"href":"https:\/\/eltrabajo.cl\/portal\/wp-json\/wp\/v2\/media\/81500"}],"wp:attachment":[{"href":"https:\/\/eltrabajo.cl\/portal\/wp-json\/wp\/v2\/media?parent=81499"}],"wp:term":[{"taxonomy":"category","embeddable":true,"href":"https:\/\/eltrabajo.cl\/portal\/wp-json\/wp\/v2\/categories?post=81499"},{"taxonomy":"post_tag","embeddable":true,"href":"https:\/\/eltrabajo.cl\/portal\/wp-json\/wp\/v2\/tags?post=81499"}],"curies":[{"name":"wp","href":"https:\/\/api.w.org\/{rel}","templated":true}]}}