{"id":81503,"date":"2017-09-06T05:05:24","date_gmt":"2017-09-06T09:05:24","guid":{"rendered":"http:\/\/www.eltrabajo.cl\/2017\/?p=81503"},"modified":"2017-09-06T05:05:24","modified_gmt":"2017-09-06T09:05:24","slug":"a-balazos-se-enfrentaron-con-carabineros-tras-millonario-asalto","status":"publish","type":"post","link":"https:\/\/eltrabajo.cl\/portal\/a-balazos-se-enfrentaron-con-carabineros-tras-millonario-asalto\/","title":{"rendered":"A balazos se enfrentaron con Carabineros tras millonario asalto"},"content":{"rendered":"<figure id=\"attachment_81504\" aria-describedby=\"caption-attachment-81504\" style=\"width: 580px\" class=\"wp-caption alignnone\"><img data-recalc-dims=\"1\" loading=\"lazy\" decoding=\"async\" class=\"size-full wp-image-81504\" src=\"https:\/\/i0.wp.com\/www.eltrabajo.cl\/2017\/wp-content\/uploads\/2017\/09\/camion-sustraido.jpg?resize=580%2C400\" alt=\"El Chofer del cami\u00f3n de empresa Adelco fue intimidado por los delincuentes, quienes lo enca\u00f1onaron con una pistola oblig\u00e1ndolo a descender para arrebatarle el m\u00f3vil.\" width=\"580\" height=\"400\" srcset=\"https:\/\/i0.wp.com\/eltrabajo.cl\/portal\/wp-content\/uploads\/2017\/09\/camion-sustraido.jpg?w=580&amp;ssl=1 580w, https:\/\/i0.wp.com\/eltrabajo.cl\/portal\/wp-content\/uploads\/2017\/09\/camion-sustraido.jpg?resize=200%2C138&amp;ssl=1 200w, https:\/\/i0.wp.com\/eltrabajo.cl\/portal\/wp-content\/uploads\/2017\/09\/camion-sustraido.jpg?resize=300%2C207&amp;ssl=1 300w, https:\/\/i0.wp.com\/eltrabajo.cl\/portal\/wp-content\/uploads\/2017\/09\/camion-sustraido.jpg?resize=218%2C150&amp;ssl=1 218w, https:\/\/i0.wp.com\/eltrabajo.cl\/portal\/wp-content\/uploads\/2017\/09\/camion-sustraido.jpg?resize=400%2C276&amp;ssl=1 400w\" sizes=\"auto, (max-width: 580px) 100vw, 580px\" \/><figcaption id=\"caption-attachment-81504\" class=\"wp-caption-text\">El Chofer del cami\u00f3n de empresa Adelco fue intimidado por los delincuentes, quienes lo enca\u00f1onaron con una pistola oblig\u00e1ndolo a descender para arrebatarle el m\u00f3vil.<\/figcaption><\/figure>\n<ul>\n<li><strong><span style=\"color: #ff0000;\">Intimidaron con pistola a chofer y se robaron cami\u00f3n con mercader\u00edas:<\/span>\u00a0Cinco antisociales protagonizaron violento atraco en Justo Estay con Julio Figueroa en San Felipe. Tras un largo operativo por parte de Carabineros, se logr\u00f3 la detenci\u00f3n de cuatro presuntos autores, quienes enfrentar\u00e1n la justicia el d\u00eda de hoy.<\/strong><\/li>\n<\/ul>\n<p>Un amplio operativo policial se registr\u00f3 la tarde de ayer martes, luego de producirse el robo de un cami\u00f3n con mercader\u00edas y dinero en efectivo. El asalto fue cometido por cinco antisociales, uno de los cuales, para impedir ser detenido, dispar\u00f3 en contra de Carabineros. El procedimiento culmin\u00f3 con la captura de cuatro de estos peligrosos sujetos, quienes ser\u00e1n sometidos a control de detenci\u00f3n el d\u00eda de hoy.<br \/>\nLos hechos se produjeron en calle Justo Estay esquina Regalado Hern\u00e1ndez, donde se encontraba estacionado un cami\u00f3n que transportaba mercader\u00edas de la empresa Adelco, cuyo conductor fue intimidado con un rev\u00f3lver por cinco delincuentes que obligaron a la v\u00edctima a descender del m\u00f3vil.<br \/>\nLa informaci\u00f3n policial detalla que dos de los individuos sustrajeron el cami\u00f3n iniciando la marcha en direcci\u00f3n al sector El Asiento, mientras los otros tres delincuentes restantes escoltaban al cami\u00f3n a bordo de un veh\u00edculo marca Nissan V16.<br \/>\nCarabineros, tras ser alertados por la v\u00edctima, iniciaron la persecuci\u00f3n de los delincuentes, logrando individualizar a los tres sujetos que se movilizaban en el autom\u00f3vil, siendo detenidos en el sector de las pozas en calle Benigno Caldera, los cuales manten\u00edan al interior de este m\u00f3vil dos pistolas fulminantes y dos destornilladores.<br \/>\nAsimismo la polic\u00eda motorizada logr\u00f3 dar con la ubicaci\u00f3n del cami\u00f3n sustra\u00eddo, pero los delincuentes que iban en ese veh\u00edculo ya hab\u00edan descendido, huyendo en distintas direcciones, efectuando disparos en contra de los funcionarios policiales, obligando a Carabineros a hacer uso de sus armas de servicio.<br \/>\nLa Capit\u00e1n de Carabineros Carolina Fern\u00e1ndez, inform\u00f3 que a ra\u00edz de este enfrentamiento no resultaron personas civiles ni funcionarios policiales heridos: \u201cConforme a las diligencias que se efectuaron en la b\u00fasqueda de estos individuos, a las 14:50 horas se logra la detenci\u00f3n de un cuarto antisocial, quien manten\u00eda en su poder el dinero sustra\u00eddo al chofer del cami\u00f3n ($364.000) y el celular de la v\u00edctima. Este sujeto adem\u00e1s portaba pasta base de coca\u00edna, personal policial reconoce a este individuo, quien efect\u00faa los disparos en contra de Carabineros\u201d.<br \/>\nLa oficial agreg\u00f3 que tras un rastreo en el lugar se logr\u00f3 la incautaci\u00f3n de una pistola a fogueo que habr\u00eda sido utilizada para intimidar a la v\u00edctima. No obstante los cuatro sujetos capturados, quienes poseen un amplio prontuario delictivo, fueron identificados como Carlos Antonio Acevedo Cataldo (32), Barney Oliver Meza Esp\u00edndola (37), Ram\u00f3n Nonato Saravia Esp\u00edndola (27) y Nicol\u00e1s Hern\u00e1n Iturrieta Leiva (25), los cuales ser\u00e1n sometidos a control de detenci\u00f3n el d\u00eda de hoy en el Juzgado de Garant\u00eda de San Felipe.<br \/>\nLa v\u00edctima avalu\u00f3 el robo en $12.674.605 incluyendo la mercader\u00eda, el cami\u00f3n de la empresa Adelco, el tel\u00e9fono celular y el dinero en efectivo sustra\u00eddo por los delincuentes.<br \/>\n<strong>Pablo Salinas Sald\u00edas<\/strong><\/p>\n<figure id=\"attachment_81505\" aria-describedby=\"caption-attachment-81505\" style=\"width: 580px\" class=\"wp-caption alignnone\"><img data-recalc-dims=\"1\" loading=\"lazy\" decoding=\"async\" class=\"size-full wp-image-81505\" src=\"https:\/\/i0.wp.com\/www.eltrabajo.cl\/2017\/wp-content\/uploads\/2017\/09\/CARLOS-ACEVEDO-CATALDO.jpg?resize=580%2C400\" alt=\"Carlos Acevedo Cataldo, uno de los sujetos detenidos acusado de ser protagonista de este asalto a mano armada ocurrido la tarde de ayer en San Felipe. El detenido posee un largo historial delictual.\" width=\"580\" height=\"400\" srcset=\"https:\/\/i0.wp.com\/eltrabajo.cl\/portal\/wp-content\/uploads\/2017\/09\/CARLOS-ACEVEDO-CATALDO.jpg?w=580&amp;ssl=1 580w, https:\/\/i0.wp.com\/eltrabajo.cl\/portal\/wp-content\/uploads\/2017\/09\/CARLOS-ACEVEDO-CATALDO.jpg?resize=200%2C138&amp;ssl=1 200w, https:\/\/i0.wp.com\/eltrabajo.cl\/portal\/wp-content\/uploads\/2017\/09\/CARLOS-ACEVEDO-CATALDO.jpg?resize=300%2C207&amp;ssl=1 300w, https:\/\/i0.wp.com\/eltrabajo.cl\/portal\/wp-content\/uploads\/2017\/09\/CARLOS-ACEVEDO-CATALDO.jpg?resize=218%2C150&amp;ssl=1 218w, https:\/\/i0.wp.com\/eltrabajo.cl\/portal\/wp-content\/uploads\/2017\/09\/CARLOS-ACEVEDO-CATALDO.jpg?resize=400%2C276&amp;ssl=1 400w\" sizes=\"auto, (max-width: 580px) 100vw, 580px\" \/><figcaption id=\"caption-attachment-81505\" class=\"wp-caption-text\">Carlos Acevedo Cataldo, uno de los sujetos detenidos acusado de ser protagonista de este asalto a mano armada ocurrido la tarde de ayer en San Felipe. El detenido posee un largo historial delictual.<\/figcaption><\/figure>\n","protected":false},"excerpt":{"rendered":"<p>Intimidaron con pistola a chofer y se robaron cami\u00f3n con mercader\u00edas:\u00a0Cinco antisociales protagonizaron violento atraco en Justo Estay con Julio Figueroa en San Felipe. Tras un largo operativo por parte de Carabineros,&#8230;<\/p>\n","protected":false},"author":1,"featured_media":81505,"comment_status":"open","ping_status":"open","sticky":false,"template":"","format":"standard","meta":{"advanced_seo_description":"","jetpack_seo_html_title":"","jetpack_seo_noindex":false,"_jetpack_memberships_contains_paid_content":false,"footnotes":""},"categories":[21],"tags":[],"class_list":["post-81503","post","type-post","status-publish","format-standard","has-post-thumbnail","hentry","category-policial"],"jetpack_featured_media_url":"https:\/\/i0.wp.com\/eltrabajo.cl\/portal\/wp-content\/uploads\/2017\/09\/CARLOS-ACEVEDO-CATALDO.jpg?fit=580%2C400&ssl=1","jetpack_sharing_enabled":true,"jetpack_likes_enabled":true,"jetpack-related-posts":[],"_links":{"self":[{"href":"https:\/\/eltrabajo.cl\/portal\/wp-json\/wp\/v2\/posts\/81503","targetHints":{"allow":["GET"]}}],"collection":[{"href":"https:\/\/eltrabajo.cl\/portal\/wp-json\/wp\/v2\/posts"}],"about":[{"href":"https:\/\/eltrabajo.cl\/portal\/wp-json\/wp\/v2\/types\/post"}],"author":[{"embeddable":true,"href":"https:\/\/eltrabajo.cl\/portal\/wp-json\/wp\/v2\/users\/1"}],"replies":[{"embeddable":true,"href":"https:\/\/eltrabajo.cl\/portal\/wp-json\/wp\/v2\/comments?post=81503"}],"version-history":[{"count":0,"href":"https:\/\/eltrabajo.cl\/portal\/wp-json\/wp\/v2\/posts\/81503\/revisions"}],"wp:featuredmedia":[{"embeddable":true,"href":"https:\/\/eltrabajo.cl\/portal\/wp-json\/wp\/v2\/media\/81505"}],"wp:attachment":[{"href":"https:\/\/eltrabajo.cl\/portal\/wp-json\/wp\/v2\/media?parent=81503"}],"wp:term":[{"taxonomy":"category","embeddable":true,"href":"https:\/\/eltrabajo.cl\/portal\/wp-json\/wp\/v2\/categories?post=81503"},{"taxonomy":"post_tag","embeddable":true,"href":"https:\/\/eltrabajo.cl\/portal\/wp-json\/wp\/v2\/tags?post=81503"}],"curies":[{"name":"wp","href":"https:\/\/api.w.org\/{rel}","templated":true}]}}