{"id":81513,"date":"2017-09-07T05:00:57","date_gmt":"2017-09-07T09:00:57","guid":{"rendered":"http:\/\/www.eltrabajo.cl\/2017\/?p=81513"},"modified":"2017-09-07T05:00:57","modified_gmt":"2017-09-07T09:00:57","slug":"en-detencion-ciudadana-reducen-a-sujeto-que-robo-bicicleta-en-condominio","status":"publish","type":"post","link":"https:\/\/eltrabajo.cl\/portal\/en-detencion-ciudadana-reducen-a-sujeto-que-robo-bicicleta-en-condominio\/","title":{"rendered":"En detenci\u00f3n ciudadana reducen a sujeto que rob\u00f3 bicicleta en condominio"},"content":{"rendered":"<figure id=\"attachment_81514\" aria-describedby=\"caption-attachment-81514\" style=\"width: 580px\" class=\"wp-caption alignnone\"><img data-recalc-dims=\"1\" loading=\"lazy\" decoding=\"async\" class=\"size-full wp-image-81514\" src=\"https:\/\/i0.wp.com\/www.eltrabajo.cl\/2017\/wp-content\/uploads\/2017\/09\/BICICLETA.jpg?resize=580%2C400\" alt=\"Carabineros encontr\u00f3 el napole\u00f3n que habr\u00eda utilizado el imputado para efectuar el robo de una bicicleta al interior del Condominio San Ignacio de Llay Llay.\" width=\"580\" height=\"400\" srcset=\"https:\/\/i0.wp.com\/eltrabajo.cl\/portal\/wp-content\/uploads\/2017\/09\/BICICLETA.jpg?w=580&amp;ssl=1 580w, https:\/\/i0.wp.com\/eltrabajo.cl\/portal\/wp-content\/uploads\/2017\/09\/BICICLETA.jpg?resize=200%2C138&amp;ssl=1 200w, https:\/\/i0.wp.com\/eltrabajo.cl\/portal\/wp-content\/uploads\/2017\/09\/BICICLETA.jpg?resize=300%2C207&amp;ssl=1 300w, https:\/\/i0.wp.com\/eltrabajo.cl\/portal\/wp-content\/uploads\/2017\/09\/BICICLETA.jpg?resize=218%2C150&amp;ssl=1 218w, https:\/\/i0.wp.com\/eltrabajo.cl\/portal\/wp-content\/uploads\/2017\/09\/BICICLETA.jpg?resize=400%2C276&amp;ssl=1 400w\" sizes=\"auto, (max-width: 580px) 100vw, 580px\" \/><figcaption id=\"caption-attachment-81514\" class=\"wp-caption-text\">Carabineros encontr\u00f3 el napole\u00f3n que habr\u00eda utilizado el imputado para efectuar el robo de una bicicleta al interior del Condominio San Ignacio de Llay Llay.<\/figcaption><\/figure>\n<ul>\n<li><strong><span style=\"color: #ff0000;\">Utiliz\u00f3 un napole\u00f3n para apoderarse del m\u00f3vil:<\/span>\u00a0Vecinos advirtieron el delito, logrando reducir al intruso para ser entregado a personal de Carabineros.<\/strong><\/li>\n<\/ul>\n<p><strong>LLAY LAY.-<\/strong> Un nuevo caso de detenci\u00f3n ciudadana se registr\u00f3 la tarde del martes al interior del Condominio San Ignacio de Llay Llay, luego que un grupo de vecinos se percat\u00f3 del robo de una bicicleta efectuado por un sujeto de 50 a\u00f1os de edad, quien utilizando un napole\u00f3n cort\u00f3 la cadena de seguridad para apoderarse de la especie, siendo reducido de inmediato por los residentes.<br \/>\nTras la retenci\u00f3n de este antisocial, concurri\u00f3 personal de la Subcomisar\u00eda de Carabineros de esa localidad, procediendo a la detenci\u00f3n del individuo tras obtener las declaraciones de los vecinos de dicho condominio.<br \/>\nEn el sitio del suceso, Carabineros encontr\u00f3 un napole\u00f3n, herramienta ampliamente utilizada por delincuentes para cometer hechos delictuales, informando que el m\u00f3vil de dos ruedas se encontraba en las afueras de un domicilio, atado a una reja con una cadena de seguridad, la que habr\u00eda sido cortada por el acusado utilizando dicha herramienta.<br \/>\nAsimismo la polic\u00eda uniformada indic\u00f3 que el detenido manten\u00eda dentro de una mochila el asiento de otra bicicleta, desconoci\u00e9ndose su procedencia.<br \/>\nPor instrucci\u00f3n del Fiscal de turno, el imputado de iniciales J.M.C.Z. de 50 a\u00f1os de edad, sin antecedentes delictuales, fue derivado hasta Tribunales para ser formalizado por el delito de robo en lugar no habitado.<br \/>\nAl t\u00e9rmino de la audiencia el detenido fue dejado en libertad bajo cautelares de prohibici\u00f3n de acercarse al propietario del m\u00f3vil y arraigo nacional dentro de los pr\u00f3ximos 60 d\u00edas fijados para la investigaci\u00f3n del caso.<br \/>\n<strong>Pablo Salinas Sald\u00edas<\/strong><\/p>\n<figure id=\"attachment_81515\" aria-describedby=\"caption-attachment-81515\" style=\"width: 580px\" class=\"wp-caption alignnone\"><img data-recalc-dims=\"1\" loading=\"lazy\" decoding=\"async\" class=\"size-full wp-image-81515\" src=\"https:\/\/i0.wp.com\/www.eltrabajo.cl\/2017\/wp-content\/uploads\/2017\/09\/detenido-LLAY-LLAY.jpg?resize=580%2C396\" alt=\"El imputado fue detenido por Carabineros de la Subcomisar\u00eda de Llay Llay tras la retenci\u00f3n ciudadana.\" width=\"580\" height=\"396\" srcset=\"https:\/\/i0.wp.com\/eltrabajo.cl\/portal\/wp-content\/uploads\/2017\/09\/detenido-LLAY-LLAY.jpg?w=580&amp;ssl=1 580w, https:\/\/i0.wp.com\/eltrabajo.cl\/portal\/wp-content\/uploads\/2017\/09\/detenido-LLAY-LLAY.jpg?resize=200%2C137&amp;ssl=1 200w, https:\/\/i0.wp.com\/eltrabajo.cl\/portal\/wp-content\/uploads\/2017\/09\/detenido-LLAY-LLAY.jpg?resize=300%2C205&amp;ssl=1 300w, https:\/\/i0.wp.com\/eltrabajo.cl\/portal\/wp-content\/uploads\/2017\/09\/detenido-LLAY-LLAY.jpg?resize=220%2C150&amp;ssl=1 220w, https:\/\/i0.wp.com\/eltrabajo.cl\/portal\/wp-content\/uploads\/2017\/09\/detenido-LLAY-LLAY.jpg?resize=400%2C273&amp;ssl=1 400w\" sizes=\"auto, (max-width: 580px) 100vw, 580px\" \/><figcaption id=\"caption-attachment-81515\" class=\"wp-caption-text\">El imputado fue detenido por Carabineros de la Subcomisar\u00eda de Llay Llay tras la retenci\u00f3n ciudadana.<\/figcaption><\/figure>\n","protected":false},"excerpt":{"rendered":"<p>Utiliz\u00f3 un napole\u00f3n para apoderarse del m\u00f3vil:\u00a0Vecinos advirtieron el delito, logrando reducir al intruso para ser entregado a personal de Carabineros. LLAY LAY.- Un nuevo caso de detenci\u00f3n ciudadana se registr\u00f3 la&#8230;<\/p>\n","protected":false},"author":1,"featured_media":81515,"comment_status":"open","ping_status":"open","sticky":false,"template":"","format":"standard","meta":{"advanced_seo_description":"","jetpack_seo_html_title":"","jetpack_seo_noindex":false,"_jetpack_memberships_contains_paid_content":false,"footnotes":""},"categories":[21],"tags":[],"class_list":["post-81513","post","type-post","status-publish","format-standard","has-post-thumbnail","hentry","category-policial"],"jetpack_featured_media_url":"https:\/\/i0.wp.com\/eltrabajo.cl\/portal\/wp-content\/uploads\/2017\/09\/detenido-LLAY-LLAY.jpg?fit=580%2C396&ssl=1","jetpack_sharing_enabled":true,"jetpack_likes_enabled":true,"jetpack-related-posts":[],"_links":{"self":[{"href":"https:\/\/eltrabajo.cl\/portal\/wp-json\/wp\/v2\/posts\/81513","targetHints":{"allow":["GET"]}}],"collection":[{"href":"https:\/\/eltrabajo.cl\/portal\/wp-json\/wp\/v2\/posts"}],"about":[{"href":"https:\/\/eltrabajo.cl\/portal\/wp-json\/wp\/v2\/types\/post"}],"author":[{"embeddable":true,"href":"https:\/\/eltrabajo.cl\/portal\/wp-json\/wp\/v2\/users\/1"}],"replies":[{"embeddable":true,"href":"https:\/\/eltrabajo.cl\/portal\/wp-json\/wp\/v2\/comments?post=81513"}],"version-history":[{"count":0,"href":"https:\/\/eltrabajo.cl\/portal\/wp-json\/wp\/v2\/posts\/81513\/revisions"}],"wp:featuredmedia":[{"embeddable":true,"href":"https:\/\/eltrabajo.cl\/portal\/wp-json\/wp\/v2\/media\/81515"}],"wp:attachment":[{"href":"https:\/\/eltrabajo.cl\/portal\/wp-json\/wp\/v2\/media?parent=81513"}],"wp:term":[{"taxonomy":"category","embeddable":true,"href":"https:\/\/eltrabajo.cl\/portal\/wp-json\/wp\/v2\/categories?post=81513"},{"taxonomy":"post_tag","embeddable":true,"href":"https:\/\/eltrabajo.cl\/portal\/wp-json\/wp\/v2\/tags?post=81513"}],"curies":[{"name":"wp","href":"https:\/\/api.w.org\/{rel}","templated":true}]}}