{"id":81517,"date":"2017-09-07T05:01:21","date_gmt":"2017-09-07T09:01:21","guid":{"rendered":"http:\/\/www.eltrabajo.cl\/2017\/?p=81517"},"modified":"2017-09-07T05:01:21","modified_gmt":"2017-09-07T09:01:21","slug":"exito-total-logro-el-quinto-encuentro-de-fiteros-realizado-en-san-felipe","status":"publish","type":"post","link":"https:\/\/eltrabajo.cl\/portal\/exito-total-logro-el-quinto-encuentro-de-fiteros-realizado-en-san-felipe\/","title":{"rendered":"\u00c9xito total logr\u00f3 el Quinto encuentro de \u2018Fiteros\u2019 realizado en San Felipe"},"content":{"rendered":"<figure id=\"attachment_81518\" aria-describedby=\"caption-attachment-81518\" style=\"width: 580px\" class=\"wp-caption alignnone\"><img data-recalc-dims=\"1\" loading=\"lazy\" decoding=\"async\" class=\"size-full wp-image-81518\" src=\"https:\/\/i0.wp.com\/www.eltrabajo.cl\/2017\/wp-content\/uploads\/2017\/09\/Fiteros-2.jpg?resize=580%2C399\" alt=\"Danilo Contreras, uno de los organizadores, junto a un participante del encuentro de fiteros.\" width=\"580\" height=\"399\" srcset=\"https:\/\/i0.wp.com\/eltrabajo.cl\/portal\/wp-content\/uploads\/2017\/09\/Fiteros-2.jpg?w=580&amp;ssl=1 580w, https:\/\/i0.wp.com\/eltrabajo.cl\/portal\/wp-content\/uploads\/2017\/09\/Fiteros-2.jpg?resize=200%2C138&amp;ssl=1 200w, https:\/\/i0.wp.com\/eltrabajo.cl\/portal\/wp-content\/uploads\/2017\/09\/Fiteros-2.jpg?resize=300%2C206&amp;ssl=1 300w, https:\/\/i0.wp.com\/eltrabajo.cl\/portal\/wp-content\/uploads\/2017\/09\/Fiteros-2.jpg?resize=218%2C150&amp;ssl=1 218w, https:\/\/i0.wp.com\/eltrabajo.cl\/portal\/wp-content\/uploads\/2017\/09\/Fiteros-2.jpg?resize=400%2C275&amp;ssl=1 400w\" sizes=\"auto, (max-width: 580px) 100vw, 580px\" \/><figcaption id=\"caption-attachment-81518\" class=\"wp-caption-text\">Danilo Contreras, uno de los organizadores, junto a un participante del encuentro de fiteros.<\/figcaption><\/figure>\n<p>Con mucho \u00e9xito se llev\u00f3 a cabo el Quinto encuentro de Fiteros de Aconcagua San Felipe 2017, realizado el pasado s\u00e1bado 3 de septiembre en nuestra ciudad.<br \/>\nDanilo Contreras, integrante de la Comisi\u00f3n Organizadora, dijo que por primera vez llegaron 86 autos (Fititos): \u00abPara nosotros fue bueno porque por primera vez lo hicimos ac\u00e1 en San Felipe, llegaron autos de distintas ciudades como Curic\u00f3 que se gan\u00f3 el premio al mejor team, por ser el de m\u00e1s lejos; tambi\u00e9n llegaron desde Vi\u00f1a del Mar, Valpara\u00edso, Santiago, Lampa, Los Andes, obviamente de San Felipe, Quillota, La Calera, La Cruz, tambi\u00e9n llegaron Combis Zastava. Cabe destacar que hubo harta gente, buen ambiente, para nosotros fue todo un \u00e9xito que llegaran tantos veh\u00edculos, por primera vez ac\u00e1\u00bb, dijo.<br \/>\nEl evento se realiz\u00f3 en dependencias de Sodimac en Tocornal, hasta donde lleg\u00f3 una considerable cantidad de veh\u00edculos Fiat 600 en muy buenas condiciones de mantenci\u00f3n, esperando los organizadores que el pr\u00f3ximo a\u00f1o vengan muchos m\u00e1s.<br \/>\nEl team que result\u00f3 ganador por ser el de m\u00e1s lejos, en este caso Curic\u00f3, se gan\u00f3 cuatro neum\u00e1ticos, un bid\u00f3n de aceite y un filtro.<br \/>\n\u00abLa idea de este encuentro fitero es compartir, divertirse, todo en muy buena onda, todo sin fines de lucro. El fito que llegaba (su conductor) pagaba su entrada y eso daba derecho a que se le regalara un completo con una bebida, un taz\u00f3n, logos indentificatorios del encuentro que van adheridos a los vidrios; m\u00e1s que nada es para juntarse, compartir an\u00e9cdotas\u00bb, sostuvo Contreras.<br \/>\nComo algo nuevo en este quinto encuentro de fiteros, fue premiar tambi\u00e9n a las mujeres, en este caso la ganadora fue de la ciudad de Santiago.<br \/>\nEl encuentro se desarroll\u00f3 desde las 12:00 hasta las 17:00 horas.<\/p>\n<figure id=\"attachment_81519\" aria-describedby=\"caption-attachment-81519\" style=\"width: 580px\" class=\"wp-caption alignnone\"><img data-recalc-dims=\"1\" loading=\"lazy\" decoding=\"async\" class=\"size-full wp-image-81519\" src=\"https:\/\/i0.wp.com\/www.eltrabajo.cl\/2017\/wp-content\/uploads\/2017\/09\/Fiteros-5.jpg?resize=580%2C400\" alt=\"Los organizadores haciendo entrega de su premio a uno de los Team ganadores.\" width=\"580\" height=\"400\" srcset=\"https:\/\/i0.wp.com\/eltrabajo.cl\/portal\/wp-content\/uploads\/2017\/09\/Fiteros-5.jpg?w=580&amp;ssl=1 580w, https:\/\/i0.wp.com\/eltrabajo.cl\/portal\/wp-content\/uploads\/2017\/09\/Fiteros-5.jpg?resize=200%2C138&amp;ssl=1 200w, https:\/\/i0.wp.com\/eltrabajo.cl\/portal\/wp-content\/uploads\/2017\/09\/Fiteros-5.jpg?resize=300%2C207&amp;ssl=1 300w, https:\/\/i0.wp.com\/eltrabajo.cl\/portal\/wp-content\/uploads\/2017\/09\/Fiteros-5.jpg?resize=218%2C150&amp;ssl=1 218w, https:\/\/i0.wp.com\/eltrabajo.cl\/portal\/wp-content\/uploads\/2017\/09\/Fiteros-5.jpg?resize=400%2C276&amp;ssl=1 400w\" sizes=\"auto, (max-width: 580px) 100vw, 580px\" \/><figcaption id=\"caption-attachment-81519\" class=\"wp-caption-text\">Los organizadores haciendo entrega de su premio a uno de los Team ganadores.<\/figcaption><\/figure>\n<figure id=\"attachment_81520\" aria-describedby=\"caption-attachment-81520\" style=\"width: 580px\" class=\"wp-caption alignnone\"><img data-recalc-dims=\"1\" loading=\"lazy\" decoding=\"async\" class=\"size-full wp-image-81520\" src=\"https:\/\/i0.wp.com\/www.eltrabajo.cl\/2017\/wp-content\/uploads\/2017\/09\/Fiteros-6.jpg?resize=580%2C399\" alt=\"Una panor\u00e1mica de los Fitos que se dieron cita en el quinto encuentro de San Felipe.\" width=\"580\" height=\"399\" srcset=\"https:\/\/i0.wp.com\/eltrabajo.cl\/portal\/wp-content\/uploads\/2017\/09\/Fiteros-6.jpg?w=580&amp;ssl=1 580w, https:\/\/i0.wp.com\/eltrabajo.cl\/portal\/wp-content\/uploads\/2017\/09\/Fiteros-6.jpg?resize=200%2C138&amp;ssl=1 200w, https:\/\/i0.wp.com\/eltrabajo.cl\/portal\/wp-content\/uploads\/2017\/09\/Fiteros-6.jpg?resize=300%2C206&amp;ssl=1 300w, https:\/\/i0.wp.com\/eltrabajo.cl\/portal\/wp-content\/uploads\/2017\/09\/Fiteros-6.jpg?resize=218%2C150&amp;ssl=1 218w, https:\/\/i0.wp.com\/eltrabajo.cl\/portal\/wp-content\/uploads\/2017\/09\/Fiteros-6.jpg?resize=400%2C275&amp;ssl=1 400w\" sizes=\"auto, (max-width: 580px) 100vw, 580px\" \/><figcaption id=\"caption-attachment-81520\" class=\"wp-caption-text\">Una panor\u00e1mica de los Fitos que se dieron cita en el quinto encuentro de San Felipe.<\/figcaption><\/figure>\n<figure id=\"attachment_81521\" aria-describedby=\"caption-attachment-81521\" style=\"width: 580px\" class=\"wp-caption alignnone\"><img data-recalc-dims=\"1\" loading=\"lazy\" decoding=\"async\" class=\"size-full wp-image-81521\" src=\"https:\/\/i0.wp.com\/www.eltrabajo.cl\/2017\/wp-content\/uploads\/2017\/09\/Fiteros.jpg?resize=580%2C399\" alt=\"En familia disfrutando del Quinto Encuentro de Fiteros de Aconcagua, posando con el logo de la actividad.\" width=\"580\" height=\"399\" srcset=\"https:\/\/i0.wp.com\/eltrabajo.cl\/portal\/wp-content\/uploads\/2017\/09\/Fiteros.jpg?w=580&amp;ssl=1 580w, https:\/\/i0.wp.com\/eltrabajo.cl\/portal\/wp-content\/uploads\/2017\/09\/Fiteros.jpg?resize=200%2C138&amp;ssl=1 200w, https:\/\/i0.wp.com\/eltrabajo.cl\/portal\/wp-content\/uploads\/2017\/09\/Fiteros.jpg?resize=300%2C206&amp;ssl=1 300w, https:\/\/i0.wp.com\/eltrabajo.cl\/portal\/wp-content\/uploads\/2017\/09\/Fiteros.jpg?resize=218%2C150&amp;ssl=1 218w, https:\/\/i0.wp.com\/eltrabajo.cl\/portal\/wp-content\/uploads\/2017\/09\/Fiteros.jpg?resize=400%2C275&amp;ssl=1 400w\" sizes=\"auto, (max-width: 580px) 100vw, 580px\" \/><figcaption id=\"caption-attachment-81521\" class=\"wp-caption-text\">En familia disfrutando del Quinto Encuentro de Fiteros de Aconcagua, posando con el logo de la actividad.<\/figcaption><\/figure>\n","protected":false},"excerpt":{"rendered":"<p>Con mucho \u00e9xito se llev\u00f3 a cabo el Quinto encuentro de Fiteros de Aconcagua San Felipe 2017, realizado el pasado s\u00e1bado 3 de septiembre en nuestra ciudad. Danilo Contreras, integrante de la&#8230;<\/p>\n","protected":false},"author":1,"featured_media":81520,"comment_status":"open","ping_status":"open","sticky":false,"template":"","format":"standard","meta":{"advanced_seo_description":"","jetpack_seo_html_title":"","jetpack_seo_noindex":false,"_jetpack_memberships_contains_paid_content":false,"footnotes":""},"categories":[15],"tags":[],"class_list":["post-81517","post","type-post","status-publish","format-standard","has-post-thumbnail","hentry","category-comunidad"],"jetpack_featured_media_url":"https:\/\/i0.wp.com\/eltrabajo.cl\/portal\/wp-content\/uploads\/2017\/09\/Fiteros-6.jpg?fit=580%2C399&ssl=1","jetpack_sharing_enabled":true,"jetpack_likes_enabled":true,"jetpack-related-posts":[],"_links":{"self":[{"href":"https:\/\/eltrabajo.cl\/portal\/wp-json\/wp\/v2\/posts\/81517","targetHints":{"allow":["GET"]}}],"collection":[{"href":"https:\/\/eltrabajo.cl\/portal\/wp-json\/wp\/v2\/posts"}],"about":[{"href":"https:\/\/eltrabajo.cl\/portal\/wp-json\/wp\/v2\/types\/post"}],"author":[{"embeddable":true,"href":"https:\/\/eltrabajo.cl\/portal\/wp-json\/wp\/v2\/users\/1"}],"replies":[{"embeddable":true,"href":"https:\/\/eltrabajo.cl\/portal\/wp-json\/wp\/v2\/comments?post=81517"}],"version-history":[{"count":0,"href":"https:\/\/eltrabajo.cl\/portal\/wp-json\/wp\/v2\/posts\/81517\/revisions"}],"wp:featuredmedia":[{"embeddable":true,"href":"https:\/\/eltrabajo.cl\/portal\/wp-json\/wp\/v2\/media\/81520"}],"wp:attachment":[{"href":"https:\/\/eltrabajo.cl\/portal\/wp-json\/wp\/v2\/media?parent=81517"}],"wp:term":[{"taxonomy":"category","embeddable":true,"href":"https:\/\/eltrabajo.cl\/portal\/wp-json\/wp\/v2\/categories?post=81517"},{"taxonomy":"post_tag","embeddable":true,"href":"https:\/\/eltrabajo.cl\/portal\/wp-json\/wp\/v2\/tags?post=81517"}],"curies":[{"name":"wp","href":"https:\/\/api.w.org\/{rel}","templated":true}]}}