{"id":81523,"date":"2017-09-07T05:02:28","date_gmt":"2017-09-07T09:02:28","guid":{"rendered":"http:\/\/www.eltrabajo.cl\/2017\/?p=81523"},"modified":"2017-09-07T05:02:28","modified_gmt":"2017-09-07T09:02:28","slug":"conferencia-no-es-facil-ser-padres-hoy-con-la-experta-sylvia-langford","status":"publish","type":"post","link":"https:\/\/eltrabajo.cl\/portal\/conferencia-no-es-facil-ser-padres-hoy-con-la-experta-sylvia-langford\/","title":{"rendered":"Conferencia \u2018No es f\u00e1cil ser padres\u2019 hoy con la experta Sylvia Langford"},"content":{"rendered":"<figure id=\"attachment_81524\" aria-describedby=\"caption-attachment-81524\" style=\"width: 580px\" class=\"wp-caption alignnone\"><img data-recalc-dims=\"1\" loading=\"lazy\" decoding=\"async\" class=\"size-full wp-image-81524\" src=\"https:\/\/i0.wp.com\/www.eltrabajo.cl\/2017\/wp-content\/uploads\/2017\/09\/Langford1.jpg?resize=580%2C398\" alt=\"HOY EN SAN FELIPE.- La manera de enfocar los temas de familia de esta profesional son de inter\u00e9s nacional, regularmente ella es invitada a programas de televisi\u00f3n.\" width=\"580\" height=\"398\" srcset=\"https:\/\/i0.wp.com\/eltrabajo.cl\/portal\/wp-content\/uploads\/2017\/09\/Langford1.jpg?w=580&amp;ssl=1 580w, https:\/\/i0.wp.com\/eltrabajo.cl\/portal\/wp-content\/uploads\/2017\/09\/Langford1.jpg?resize=200%2C137&amp;ssl=1 200w, https:\/\/i0.wp.com\/eltrabajo.cl\/portal\/wp-content\/uploads\/2017\/09\/Langford1.jpg?resize=300%2C206&amp;ssl=1 300w, https:\/\/i0.wp.com\/eltrabajo.cl\/portal\/wp-content\/uploads\/2017\/09\/Langford1.jpg?resize=219%2C150&amp;ssl=1 219w, https:\/\/i0.wp.com\/eltrabajo.cl\/portal\/wp-content\/uploads\/2017\/09\/Langford1.jpg?resize=400%2C274&amp;ssl=1 400w\" sizes=\"auto, (max-width: 580px) 100vw, 580px\" \/><figcaption id=\"caption-attachment-81524\" class=\"wp-caption-text\">HOY EN SAN FELIPE.- La manera de enfocar los temas de familia de esta profesional son de inter\u00e9s nacional, regularmente ella es invitada a programas de televisi\u00f3n.<\/figcaption><\/figure>\n<ul>\n<li><span style=\"color: #ff0000;\"><strong>En el Teatro Municipal a las 16:00 horas:<\/strong><\/span><\/li>\n<\/ul>\n<p>Es muy com\u00fan escuchar en todos los estratos de nuestra sociedad, comentarios en los que los adultos y mayores aseguran que los m\u00e9todos de ense\u00f1anza, tanto en aula como en el hogar que se aplicaban en el siglo pasado, eran mejores que los actuales, postura que miles apoyan y que muchos discuten; lo cierto del caso es que este siempre ser\u00e1 un tema actual, pues siempre existen estos roles vigentes en nuestras vidas.<br \/>\nEs para tratar este juego de roles, responsabilidades y derechos de cada uno, que hoy jueves a las 16:00 horas en el Teatro Municipal de San Felipe, se estar\u00e1 desarrollando la charla motivacional \u2018No es f\u00e1cil ser padres\u2019, presentada por la prestigiosa conferencista inglesa, Sylvia Langford. Esta es una iniciativa desarrollada por la Direcci\u00f3n Provincial de Educaci\u00f3n.<\/p>\n<p><span style=\"color: #ff0000;\"><strong>\u00bfHIJOS MAMONES?<\/strong><\/span><br \/>\nEsta emprendedora psic\u00f3loga y escritora, quien durante m\u00e1s de 30 a\u00f1os se ha dedicado a observar, investigar y trabajar con personas de distintas edades, para entender cu\u00e1les son los motores que sostienen al ser humano y lo mueven a alcanzar sus metas, ha publicado tambi\u00e9n doce libros, entre ellos \u2018Ups, form\u00e9 un Mam\u00f3n\u2019; \u2018Educando las emociones\u2019 y \u2018S\u00faper Pap\u00e1s al rescate\u2019, entre otros.<br \/>\n\u00abPara m\u00ed es una buena oportunidad el poder visitar San Felipe, mi trabajo ayudar\u00e1 a fortalecer el \u00e1rea de la convivencia escolar en las escuelas y liceos de la comuna, es por ello que invito a directivos, docentes, asistentes de la educaci\u00f3n, padres y apoderados\u00bb, coment\u00f3 Langford v\u00eda telef\u00f3nica a Diario El Trabajo.<br \/>\nEsta europea, creadora del M\u00e9todo Langford, reconocido por Unesco Latinoam\u00e9rica como Educaci\u00f3n para la paz, se desenvuelve con su propuesta de trabajo desde Iquique a Punta Arenas con ni\u00f1os y j\u00f3venes, padres y profesores.<\/p>\n<p><span style=\"color: #ff0000;\"><strong>ENTRADA GRATUITA<\/strong><\/span><br \/>\n\u00abDurante la hora de duraci\u00f3n de esta charla motivacional, los pap\u00e1s comprender\u00e1n lo dif\u00edcil y ca\u00f3tico que es \u2018ser padres\u2019 cuando no hay liderazgo, y cuando sobreprotegen o son amigos de sus hijos. A trav\u00e9s de ejemplos simples y cotidianos, los padres logran identificar y reconocer sus actitudes y conductas sobreprotectoras con su hijo y sus consecuencias. Esta reflexi\u00f3n permite tomar decisiones para mejorar la vida familiar y ser padres con liderazgo, sin caer en el autoritarismo y alejados de la permisividad, es decir, tranquilos, pacientes, cercanos, claros, sistem\u00e1ticos y coherentes, lo cual genera un entorno familiar con similares caracter\u00edsticas\u00bb, ampli\u00f3 la profesional.<br \/>\n<strong>Roberto Gonz\u00e1lez Short<\/strong><\/p>\n<figure id=\"attachment_81525\" aria-describedby=\"caption-attachment-81525\" style=\"width: 579px\" class=\"wp-caption alignnone\"><img data-recalc-dims=\"1\" loading=\"lazy\" decoding=\"async\" class=\"size-full wp-image-81525\" src=\"https:\/\/i0.wp.com\/www.eltrabajo.cl\/2017\/wp-content\/uploads\/2017\/09\/Langford2.jpg?resize=579%2C926\" alt=\"TREMENDO T\u00cdTULO.- Este es uno de los doce libros que ha publicado Sylvia Langford, y que tambi\u00e9n ella explica en sus charlas motivacionales.\" width=\"579\" height=\"926\" srcset=\"https:\/\/i0.wp.com\/eltrabajo.cl\/portal\/wp-content\/uploads\/2017\/09\/Langford2.jpg?w=579&amp;ssl=1 579w, https:\/\/i0.wp.com\/eltrabajo.cl\/portal\/wp-content\/uploads\/2017\/09\/Langford2.jpg?resize=94%2C150&amp;ssl=1 94w, https:\/\/i0.wp.com\/eltrabajo.cl\/portal\/wp-content\/uploads\/2017\/09\/Langford2.jpg?resize=188%2C300&amp;ssl=1 188w, https:\/\/i0.wp.com\/eltrabajo.cl\/portal\/wp-content\/uploads\/2017\/09\/Langford2.jpg?resize=400%2C640&amp;ssl=1 400w\" sizes=\"auto, (max-width: 579px) 100vw, 579px\" \/><figcaption id=\"caption-attachment-81525\" class=\"wp-caption-text\">TREMENDO T\u00cdTULO.- Este es uno de los doce libros que ha publicado Sylvia Langford, y que tambi\u00e9n ella explica en sus charlas motivacionales.<\/figcaption><\/figure>\n","protected":false},"excerpt":{"rendered":"<p>En el Teatro Municipal a las 16:00 horas: Es muy com\u00fan escuchar en todos los estratos de nuestra sociedad, comentarios en los que los adultos y mayores aseguran que los m\u00e9todos de&#8230;<\/p>\n","protected":false},"author":1,"featured_media":81524,"comment_status":"open","ping_status":"open","sticky":false,"template":"","format":"standard","meta":{"advanced_seo_description":"","jetpack_seo_html_title":"","jetpack_seo_noindex":false,"_jetpack_memberships_contains_paid_content":false,"footnotes":""},"categories":[15],"tags":[],"class_list":["post-81523","post","type-post","status-publish","format-standard","has-post-thumbnail","hentry","category-comunidad"],"jetpack_featured_media_url":"https:\/\/i0.wp.com\/eltrabajo.cl\/portal\/wp-content\/uploads\/2017\/09\/Langford1.jpg?fit=580%2C398&ssl=1","jetpack_sharing_enabled":true,"jetpack_likes_enabled":true,"jetpack-related-posts":[],"_links":{"self":[{"href":"https:\/\/eltrabajo.cl\/portal\/wp-json\/wp\/v2\/posts\/81523","targetHints":{"allow":["GET"]}}],"collection":[{"href":"https:\/\/eltrabajo.cl\/portal\/wp-json\/wp\/v2\/posts"}],"about":[{"href":"https:\/\/eltrabajo.cl\/portal\/wp-json\/wp\/v2\/types\/post"}],"author":[{"embeddable":true,"href":"https:\/\/eltrabajo.cl\/portal\/wp-json\/wp\/v2\/users\/1"}],"replies":[{"embeddable":true,"href":"https:\/\/eltrabajo.cl\/portal\/wp-json\/wp\/v2\/comments?post=81523"}],"version-history":[{"count":0,"href":"https:\/\/eltrabajo.cl\/portal\/wp-json\/wp\/v2\/posts\/81523\/revisions"}],"wp:featuredmedia":[{"embeddable":true,"href":"https:\/\/eltrabajo.cl\/portal\/wp-json\/wp\/v2\/media\/81524"}],"wp:attachment":[{"href":"https:\/\/eltrabajo.cl\/portal\/wp-json\/wp\/v2\/media?parent=81523"}],"wp:term":[{"taxonomy":"category","embeddable":true,"href":"https:\/\/eltrabajo.cl\/portal\/wp-json\/wp\/v2\/categories?post=81523"},{"taxonomy":"post_tag","embeddable":true,"href":"https:\/\/eltrabajo.cl\/portal\/wp-json\/wp\/v2\/tags?post=81523"}],"curies":[{"name":"wp","href":"https:\/\/api.w.org\/{rel}","templated":true}]}}