{"id":81527,"date":"2017-09-07T05:03:20","date_gmt":"2017-09-07T08:03:20","guid":{"rendered":"http:\/\/www.eltrabajo.cl\/2017\/?p=81527"},"modified":"2020-08-12T10:53:28","modified_gmt":"2020-08-12T14:53:28","slug":"confuso-y-lamentable-enredo-genera-evento-a-beneficio-del-chino-zuniga","status":"publish","type":"post","link":"https:\/\/eltrabajo.cl\/portal\/confuso-y-lamentable-enredo-genera-evento-a-beneficio-del-chino-zuniga\/","title":{"rendered":"Confuso y lamentable enredo genera evento a beneficio del \u2018Chino\u2019 Z\u00fa\u00f1iga"},"content":{"rendered":"<figure id=\"attachment_81531\" aria-describedby=\"caption-attachment-81531\" style=\"width: 580px\" class=\"wp-caption alignnone\"><img data-recalc-dims=\"1\" loading=\"lazy\" decoding=\"async\" class=\"size-full wp-image-81531\" src=\"https:\/\/i0.wp.com\/www.eltrabajo.cl\/2017\/wp-content\/uploads\/2017\/09\/beneficio_Sylvia-Meneses.jpg?resize=580%2C399\" alt=\"Sylvia Meneses, esposa del \u2018Chino\u2019 Z\u00fa\u00f1iga.\" width=\"580\" height=\"399\" srcset=\"https:\/\/i0.wp.com\/eltrabajo.cl\/portal\/wp-content\/uploads\/2017\/09\/beneficio_Sylvia-Meneses.jpg?w=580&amp;ssl=1 580w, https:\/\/i0.wp.com\/eltrabajo.cl\/portal\/wp-content\/uploads\/2017\/09\/beneficio_Sylvia-Meneses.jpg?resize=200%2C138&amp;ssl=1 200w, https:\/\/i0.wp.com\/eltrabajo.cl\/portal\/wp-content\/uploads\/2017\/09\/beneficio_Sylvia-Meneses.jpg?resize=300%2C206&amp;ssl=1 300w, https:\/\/i0.wp.com\/eltrabajo.cl\/portal\/wp-content\/uploads\/2017\/09\/beneficio_Sylvia-Meneses.jpg?resize=218%2C150&amp;ssl=1 218w, https:\/\/i0.wp.com\/eltrabajo.cl\/portal\/wp-content\/uploads\/2017\/09\/beneficio_Sylvia-Meneses.jpg?resize=400%2C275&amp;ssl=1 400w\" sizes=\"auto, (max-width: 580px) 100vw, 580px\" \/><figcaption id=\"caption-attachment-81531\" class=\"wp-caption-text\">Sylvia Meneses, esposa del \u2018Chino\u2019 Z\u00fa\u00f1iga.<\/figcaption><\/figure>\n<ul>\n<li><span style=\"color: #ff0000;\"><strong>Familiares del cantante reclaman el dinero recaudado:<\/strong><\/span><\/li>\n<\/ul>\n<p>Luego que un grupo de amigos personales y excompa\u00f1eros de trabajo del conocido m\u00fasico aconcag\u00fcino Juan Ram\u00f3n \u2018Chino\u2019 Z\u00fa\u00f1iga, decidieran desarrollar una actividad bailable a beneficio del artista, quien desde hace varios meses se encuentra hospitalizado, inconsciente y con los efectos propios en su piel por esta condici\u00f3n, una penosa situaci\u00f3n se gener\u00f3 ayer mi\u00e9rcoles cuando la esposa de don Juan se present\u00f3 en nuestra Sala de Redacci\u00f3n para denunciar lo que seg\u00fan ella, habr\u00eda sido un abuso de confianza por parte de quienes organizaron el evento, pues el dinero recaudado no se lo hab\u00edan entregado a ella.<\/p>\n<p><span style=\"color: #ff0000;\"><strong>SERIAS ACUSACIONES<\/strong><\/span><br \/>\nSylvia Meneses, esposa del \u2018Chino\u2019 Z\u00fa\u00f1iga, explic\u00f3 a Diario El Trabajo que \u00aba nosotros, su familia, la familia de Juan, estas personas nunca nos solicitaron autorizaci\u00f3n para hacer este evento, nos parec\u00eda absolutamente extra\u00f1o que no lo comunicaran a nosotros, la familia. Nosotros fuimos el viernes a ver de qu\u00e9 se trataba la actividad (\u2026) algunas cosas nos parecieron raras, un locutor anunci\u00f3 que har\u00edan una rifa para contratar a una persona cuidadora de mi esposo, nosotros nos quedamos \u2018de una pieza\u2019, mi hija intent\u00f3 preguntar y aclarar al p\u00fablico que nosotros, su familia, somos quienes tenemos que cuidarlo, pero no le permitieron usar el micr\u00f3fono para hacerlo (\u2026) este lunes llegaron algunas de estas personas a mi casa, llevaron unos pa\u00f1ales y cosas de aseo personal, mi hija me llam\u00f3 y decidimos no recibirles nada, preguntamos cu\u00e1nto se recaud\u00f3 de dinero, pues todo lo que pidieron estas personas lo hicieron a nombre de mi marido, entonces esto, los pa\u00f1ales, se llama limosna, y nosotros no hemos pedido limosna a nadie (\u2026) creo que todo esto es una burla a la familia y al dolor que todos estamos pasando, reconozco que s\u00ed hay algunas personas que nos han estado apoyando y se han preocupado de Juan (\u2026) yo lo que pido es que dejen estas personas de solicitar dinero para mi esposo, no tienen por qu\u00e9 hacerlo, porque aqu\u00ed lo que corresponde es que si se pide a nombre de Juan Z\u00fa\u00f1iga, este beneficio lo deben entregar a su familia\u00bb, denunci\u00f3 Meneses.<\/p>\n<p><span style=\"color: #ff0000;\"><strong>EMPRESARIO RESPONDE<\/strong><\/span><br \/>\nNuestro medio viaj\u00f3 hasta el local tur\u00edstico para hablar con Sergio Ferrada, administrador de El Negro Bueno: \u00abNosotros este evento lo hicimos como un grupo de amigos. Juanito es nuestro amigo y \u00e9l fue cantante en nuestro centro de eventos por m\u00e1s de 27 a\u00f1os. Hicimos este evento con la intenci\u00f3n de darle una mejor calidad de vida, nosotros conversamos con sus hijos, entiendo que Juanito necesita pa\u00f1ales, toallitas h\u00famedas y cremas para su piel. Nosotros hicimos esta actividad con la autorizaci\u00f3n de los hijos de Juanito, y su mujer (do\u00f1a Sylvia) estaba al tanto de todo esto, as\u00ed que hoy d\u00eda no nos vengan a criticar que nosotros pasamos a llevar a la familia de Juanito (\u2026) yo soy uno de los pocos amigos que lo visita, porque me doy cuenta de lo abandonado que est\u00e1 \u00e9l en el hospital, y por eso tomamos cartas en el asunto, (\u2026) logramos reunir m\u00e1s de 400.000 pesos, dinero que hoy entregamos a su familia, no entendemos c\u00f3mo es que nos generan este problema si con tanto cari\u00f1o hemos querido ayudar\u00bb, indic\u00f3 Ferrada a Diario El Trabajo.<\/p>\n<p><span style=\"color: #ff0000;\"><strong>LAS EXPLICACIONES<\/strong><\/span><br \/>\nDo\u00f1a Rosa Montenegro, gestora del evento a beneficio del \u2018Chino\u2019 Z\u00fa\u00f1iga y conocida sanfelipe\u00f1a que vende mote con huesillo en Alameda O\u2019Higgins, explic\u00f3 por su parte que \u00abnosotros hicimos este beneficio despu\u00e9s que conversamos la idea con el hijo de don Juan, Marcos, y despu\u00e9s se la inform\u00e9 a la se\u00f1ora Sylvia, ambos estuvieron de acuerdo. Yo recurr\u00ed a la que fuera casa de trabajo de don Juan por tantos a\u00f1os, El Negro Bueno, centro de eventos ubicado en Rinconada de Silva, all\u00e1 me apoyaron al 100% con esta actividad, ellos se involucraron junto a otros amigos de Juanito, luego yo habl\u00e9 con muchas personas y empresas de la comuna, Carnes KAR, Tienda La Giralda, Zapater\u00eda Real, Casa Pintita y muchas personas que hicieron llegar su regalo o donativo, as\u00ed hicimos rifas durante el evento. Entre todos quienes hicimos la actividad hab\u00edamos determinado administrar ese dinero para comprar pa\u00f1ales y cremas para Juanito, el lunes fui con un representante de El Negro Bueno a casa de la familia para entregar estos productos, minutos despu\u00e9s cuando ven\u00edamos de regreso, por tel\u00e9fono estos familiares me pidieron que me llevara los pa\u00f1ales y cremas, pues ellos lo que necesitan es el dinero (\u2026) Luego de reunirme con el grupo de amigos, todos decidimos que entregar\u00edamos todo el dinero a do\u00f1a Sylvia, esposa de Juanito, y as\u00ed lo hicimos este mi\u00e9rcoles, la se\u00f1ora firm\u00f3 el Recibido, pero no acept\u00f3 los pa\u00f1ales\u00bb, explic\u00f3 finalmente Montenegro.<br \/>\n<strong>Roberto Gonz\u00e1lez Short<\/strong><\/p>\n<figure id=\"attachment_81528\" aria-describedby=\"caption-attachment-81528\" style=\"width: 580px\" class=\"wp-caption alignnone\"><img data-recalc-dims=\"1\" loading=\"lazy\" decoding=\"async\" class=\"size-full wp-image-81528\" src=\"https:\/\/i0.wp.com\/www.eltrabajo.cl\/2017\/wp-content\/uploads\/2017\/09\/beneficio-zu%C3%B1iga.jpg?resize=580%2C399\" alt=\"EL CHINAZO.- Aqu\u00ed tenemos al \u2018Chino\u2019 Z\u00fa\u00f1iga, compartiendo con su hija Ail\u00edn, cuando \u00e9l gozaba de buena salud.\" width=\"580\" height=\"399\" srcset=\"https:\/\/i0.wp.com\/eltrabajo.cl\/portal\/wp-content\/uploads\/2017\/09\/beneficio-zu%C3%B1iga.jpg?w=580&amp;ssl=1 580w, https:\/\/i0.wp.com\/eltrabajo.cl\/portal\/wp-content\/uploads\/2017\/09\/beneficio-zu%C3%B1iga.jpg?resize=200%2C138&amp;ssl=1 200w, https:\/\/i0.wp.com\/eltrabajo.cl\/portal\/wp-content\/uploads\/2017\/09\/beneficio-zu%C3%B1iga.jpg?resize=300%2C206&amp;ssl=1 300w, https:\/\/i0.wp.com\/eltrabajo.cl\/portal\/wp-content\/uploads\/2017\/09\/beneficio-zu%C3%B1iga.jpg?resize=218%2C150&amp;ssl=1 218w, https:\/\/i0.wp.com\/eltrabajo.cl\/portal\/wp-content\/uploads\/2017\/09\/beneficio-zu%C3%B1iga.jpg?resize=400%2C275&amp;ssl=1 400w\" sizes=\"auto, (max-width: 580px) 100vw, 580px\" \/><figcaption id=\"caption-attachment-81528\" class=\"wp-caption-text\">EL CHINAZO.- Aqu\u00ed tenemos al \u2018Chino\u2019 Z\u00fa\u00f1iga, compartiendo con su hija Ail\u00edn, cuando \u00e9l gozaba de buena salud.<\/figcaption><\/figure>\n<figure id=\"attachment_81529\" aria-describedby=\"caption-attachment-81529\" style=\"width: 580px\" class=\"wp-caption alignnone\"><img data-recalc-dims=\"1\" loading=\"lazy\" decoding=\"async\" class=\"size-full wp-image-81529\" src=\"https:\/\/i0.wp.com\/www.eltrabajo.cl\/2017\/wp-content\/uploads\/2017\/09\/beneficio_Rosa-Montenegro.jpg?resize=580%2C399\" alt=\"Do\u00f1a Rosa Montenegro, gestora del evento a beneficio del \u2018Chino\u2019 Z\u00fa\u00f1iga.\" width=\"580\" height=\"399\" srcset=\"https:\/\/i0.wp.com\/eltrabajo.cl\/portal\/wp-content\/uploads\/2017\/09\/beneficio_Rosa-Montenegro.jpg?w=580&amp;ssl=1 580w, https:\/\/i0.wp.com\/eltrabajo.cl\/portal\/wp-content\/uploads\/2017\/09\/beneficio_Rosa-Montenegro.jpg?resize=200%2C138&amp;ssl=1 200w, https:\/\/i0.wp.com\/eltrabajo.cl\/portal\/wp-content\/uploads\/2017\/09\/beneficio_Rosa-Montenegro.jpg?resize=300%2C206&amp;ssl=1 300w, https:\/\/i0.wp.com\/eltrabajo.cl\/portal\/wp-content\/uploads\/2017\/09\/beneficio_Rosa-Montenegro.jpg?resize=218%2C150&amp;ssl=1 218w, https:\/\/i0.wp.com\/eltrabajo.cl\/portal\/wp-content\/uploads\/2017\/09\/beneficio_Rosa-Montenegro.jpg?resize=400%2C275&amp;ssl=1 400w\" sizes=\"auto, (max-width: 580px) 100vw, 580px\" \/><figcaption id=\"caption-attachment-81529\" class=\"wp-caption-text\">Do\u00f1a Rosa Montenegro, gestora del evento a beneficio del \u2018Chino\u2019 Z\u00fa\u00f1iga.<\/figcaption><\/figure>\n<figure id=\"attachment_81530\" aria-describedby=\"caption-attachment-81530\" style=\"width: 580px\" class=\"wp-caption alignnone\"><img data-recalc-dims=\"1\" loading=\"lazy\" decoding=\"async\" class=\"size-full wp-image-81530\" src=\"https:\/\/i0.wp.com\/www.eltrabajo.cl\/2017\/wp-content\/uploads\/2017\/09\/beneficio_Sergio-Ferrada.jpg?resize=580%2C399\" alt=\"Sergio Ferrada, administrador de El Negro Bueno.\" width=\"580\" height=\"399\" srcset=\"https:\/\/i0.wp.com\/eltrabajo.cl\/portal\/wp-content\/uploads\/2017\/09\/beneficio_Sergio-Ferrada.jpg?w=580&amp;ssl=1 580w, https:\/\/i0.wp.com\/eltrabajo.cl\/portal\/wp-content\/uploads\/2017\/09\/beneficio_Sergio-Ferrada.jpg?resize=200%2C138&amp;ssl=1 200w, https:\/\/i0.wp.com\/eltrabajo.cl\/portal\/wp-content\/uploads\/2017\/09\/beneficio_Sergio-Ferrada.jpg?resize=300%2C206&amp;ssl=1 300w, https:\/\/i0.wp.com\/eltrabajo.cl\/portal\/wp-content\/uploads\/2017\/09\/beneficio_Sergio-Ferrada.jpg?resize=218%2C150&amp;ssl=1 218w, https:\/\/i0.wp.com\/eltrabajo.cl\/portal\/wp-content\/uploads\/2017\/09\/beneficio_Sergio-Ferrada.jpg?resize=400%2C275&amp;ssl=1 400w\" sizes=\"auto, (max-width: 580px) 100vw, 580px\" \/><figcaption id=\"caption-attachment-81530\" class=\"wp-caption-text\">Sergio Ferrada, administrador de El Negro Bueno.<\/figcaption><\/figure>\n<figure id=\"attachment_81532\" aria-describedby=\"caption-attachment-81532\" style=\"width: 580px\" class=\"wp-caption alignnone\"><img data-recalc-dims=\"1\" loading=\"lazy\" decoding=\"async\" class=\"size-full wp-image-81532\" src=\"https:\/\/i0.wp.com\/www.eltrabajo.cl\/2017\/wp-content\/uploads\/2017\/09\/beneficio2.jpg?resize=580%2C399\" alt=\"REBOTARON.- Estas son las bolsas con pa\u00f1ales y cremas que la familia de don Juan Z\u00fa\u00f1iga se neg\u00f3 aceptar.\" width=\"580\" height=\"399\" srcset=\"https:\/\/i0.wp.com\/eltrabajo.cl\/portal\/wp-content\/uploads\/2017\/09\/beneficio2.jpg?w=580&amp;ssl=1 580w, https:\/\/i0.wp.com\/eltrabajo.cl\/portal\/wp-content\/uploads\/2017\/09\/beneficio2.jpg?resize=200%2C138&amp;ssl=1 200w, https:\/\/i0.wp.com\/eltrabajo.cl\/portal\/wp-content\/uploads\/2017\/09\/beneficio2.jpg?resize=300%2C206&amp;ssl=1 300w, https:\/\/i0.wp.com\/eltrabajo.cl\/portal\/wp-content\/uploads\/2017\/09\/beneficio2.jpg?resize=218%2C150&amp;ssl=1 218w, https:\/\/i0.wp.com\/eltrabajo.cl\/portal\/wp-content\/uploads\/2017\/09\/beneficio2.jpg?resize=400%2C275&amp;ssl=1 400w\" sizes=\"auto, (max-width: 580px) 100vw, 580px\" \/><figcaption id=\"caption-attachment-81532\" class=\"wp-caption-text\">REBOTARON.- Estas son las bolsas con pa\u00f1ales y cremas que la familia de don Juan Z\u00fa\u00f1iga se neg\u00f3 aceptar.<\/figcaption><\/figure>\n<figure id=\"attachment_81533\" aria-describedby=\"caption-attachment-81533\" style=\"width: 579px\" class=\"wp-caption alignnone\"><img data-recalc-dims=\"1\" loading=\"lazy\" decoding=\"async\" class=\"size-full wp-image-81533\" src=\"https:\/\/i0.wp.com\/www.eltrabajo.cl\/2017\/wp-content\/uploads\/2017\/09\/beneficio3.jpg?resize=579%2C869\" alt=\"CUENTAS CLARAS.- Este es el documento en el que los organizadores del evento registraron las entradas y salidas de dinero, mismo que ya recibi\u00f3 do\u00f1a Sylvia Meneses.\" width=\"579\" height=\"869\" srcset=\"https:\/\/i0.wp.com\/eltrabajo.cl\/portal\/wp-content\/uploads\/2017\/09\/beneficio3.jpg?w=579&amp;ssl=1 579w, https:\/\/i0.wp.com\/eltrabajo.cl\/portal\/wp-content\/uploads\/2017\/09\/beneficio3.jpg?resize=100%2C150&amp;ssl=1 100w, https:\/\/i0.wp.com\/eltrabajo.cl\/portal\/wp-content\/uploads\/2017\/09\/beneficio3.jpg?resize=200%2C300&amp;ssl=1 200w, https:\/\/i0.wp.com\/eltrabajo.cl\/portal\/wp-content\/uploads\/2017\/09\/beneficio3.jpg?resize=400%2C600&amp;ssl=1 400w\" sizes=\"auto, (max-width: 579px) 100vw, 579px\" \/><figcaption id=\"caption-attachment-81533\" class=\"wp-caption-text\">CUENTAS CLARAS.- Este es el documento en el que los organizadores del evento registraron las entradas y salidas de dinero, mismo que ya recibi\u00f3 do\u00f1a Sylvia Meneses.<\/figcaption><\/figure>\n","protected":false},"excerpt":{"rendered":"<p>Familiares del cantante reclaman el dinero recaudado: Luego que un grupo de amigos personales y excompa\u00f1eros de trabajo del conocido m\u00fasico aconcag\u00fcino Juan Ram\u00f3n \u2018Chino\u2019 Z\u00fa\u00f1iga, decidieran desarrollar una actividad bailable a&#8230;<\/p>\n","protected":false},"author":1,"featured_media":81528,"comment_status":"open","ping_status":"open","sticky":false,"template":"","format":"standard","meta":{"advanced_seo_description":"","jetpack_seo_html_title":"","jetpack_seo_noindex":false,"_jetpack_memberships_contains_paid_content":false,"footnotes":""},"categories":[15],"tags":[],"class_list":["post-81527","post","type-post","status-publish","format-standard","has-post-thumbnail","hentry","category-comunidad"],"jetpack_featured_media_url":"https:\/\/i0.wp.com\/eltrabajo.cl\/portal\/wp-content\/uploads\/2017\/09\/beneficio-zu%C3%B1iga.jpg?fit=580%2C399&ssl=1","jetpack_sharing_enabled":true,"jetpack_likes_enabled":true,"jetpack-related-posts":[],"_links":{"self":[{"href":"https:\/\/eltrabajo.cl\/portal\/wp-json\/wp\/v2\/posts\/81527","targetHints":{"allow":["GET"]}}],"collection":[{"href":"https:\/\/eltrabajo.cl\/portal\/wp-json\/wp\/v2\/posts"}],"about":[{"href":"https:\/\/eltrabajo.cl\/portal\/wp-json\/wp\/v2\/types\/post"}],"author":[{"embeddable":true,"href":"https:\/\/eltrabajo.cl\/portal\/wp-json\/wp\/v2\/users\/1"}],"replies":[{"embeddable":true,"href":"https:\/\/eltrabajo.cl\/portal\/wp-json\/wp\/v2\/comments?post=81527"}],"version-history":[{"count":0,"href":"https:\/\/eltrabajo.cl\/portal\/wp-json\/wp\/v2\/posts\/81527\/revisions"}],"wp:featuredmedia":[{"embeddable":true,"href":"https:\/\/eltrabajo.cl\/portal\/wp-json\/wp\/v2\/media\/81528"}],"wp:attachment":[{"href":"https:\/\/eltrabajo.cl\/portal\/wp-json\/wp\/v2\/media?parent=81527"}],"wp:term":[{"taxonomy":"category","embeddable":true,"href":"https:\/\/eltrabajo.cl\/portal\/wp-json\/wp\/v2\/categories?post=81527"},{"taxonomy":"post_tag","embeddable":true,"href":"https:\/\/eltrabajo.cl\/portal\/wp-json\/wp\/v2\/tags?post=81527"}],"curies":[{"name":"wp","href":"https:\/\/api.w.org\/{rel}","templated":true}]}}