{"id":81540,"date":"2017-09-07T05:05:35","date_gmt":"2017-09-07T09:05:35","guid":{"rendered":"http:\/\/www.eltrabajo.cl\/2017\/?p=81540"},"modified":"2017-09-07T05:05:35","modified_gmt":"2017-09-07T09:05:35","slug":"investigan-muerte-de-joven-mujer-por-aparente-intoxicacion","status":"publish","type":"post","link":"https:\/\/eltrabajo.cl\/portal\/investigan-muerte-de-joven-mujer-por-aparente-intoxicacion\/","title":{"rendered":"Investigan muerte de joven mujer por aparente intoxicaci\u00f3n"},"content":{"rendered":"<figure id=\"attachment_81541\" aria-describedby=\"caption-attachment-81541\" style=\"width: 577px\" class=\"wp-caption alignnone\"><img data-recalc-dims=\"1\" loading=\"lazy\" decoding=\"async\" class=\"size-full wp-image-81541\" src=\"https:\/\/i0.wp.com\/www.eltrabajo.cl\/2017\/wp-content\/uploads\/2017\/09\/servicio_medico_legal.jpg?resize=577%2C400\" alt=\"El cuerpo de la fallecida fue remitido al Servicio M\u00e9dico Legal para la autopsia de rigor que determine la causal de muerte. (Foto Referencial).\" width=\"577\" height=\"400\" srcset=\"https:\/\/i0.wp.com\/eltrabajo.cl\/portal\/wp-content\/uploads\/2017\/09\/servicio_medico_legal.jpg?w=577&amp;ssl=1 577w, https:\/\/i0.wp.com\/eltrabajo.cl\/portal\/wp-content\/uploads\/2017\/09\/servicio_medico_legal.jpg?resize=200%2C139&amp;ssl=1 200w, https:\/\/i0.wp.com\/eltrabajo.cl\/portal\/wp-content\/uploads\/2017\/09\/servicio_medico_legal.jpg?resize=300%2C208&amp;ssl=1 300w, https:\/\/i0.wp.com\/eltrabajo.cl\/portal\/wp-content\/uploads\/2017\/09\/servicio_medico_legal.jpg?resize=216%2C150&amp;ssl=1 216w, https:\/\/i0.wp.com\/eltrabajo.cl\/portal\/wp-content\/uploads\/2017\/09\/servicio_medico_legal.jpg?resize=400%2C277&amp;ssl=1 400w\" sizes=\"auto, (max-width: 577px) 100vw, 577px\" \/><figcaption id=\"caption-attachment-81541\" class=\"wp-caption-text\">El cuerpo de la fallecida fue remitido al Servicio M\u00e9dico Legal para la autopsia de rigor que determine la causal de muerte. (Foto Referencial).<\/figcaption><\/figure>\n<ul>\n<li><strong><span style=\"color: #ff0000;\">Asesora del hogar hall\u00f3 a su empleadora convulsionando:<\/span>\u00a0El hecho ocurri\u00f3 la tarde de este martes al interior de una vivienda de calle Bulnes en Putaendo. La causal de muerte se mantiene como indeterminada, quedando a la espera de la autopsia de rigor en el Servicio M\u00e9dico Legal.<\/strong><\/li>\n<\/ul>\n<p>Por causa indeterminada fue calificada por la Polic\u00eda de Investigaciones, el fallecimiento de una mujer de 42 a\u00f1os de edad, identificada como Myriam \u00c1lvarez Johnson, quien fue ingresada en el Hospital San Antonio de Putaendo con convulsiones, trascendiendo en algunos medios de comunicaci\u00f3n que su deceso se habr\u00eda debido a una presunta intoxicaci\u00f3n por el consumo de alg\u00fan elemento no identificado, lo que deber\u00e1 ser determinado cient\u00edficamente en la autopsia.<br \/>\nLos hechos habr\u00edan ocurrido la tarde de este martes al interior de un domicilio ubicado en calle Bulnes, frente a la Plaza de Armas de Putaendo, momento en que la asesora del hogar se percat\u00f3 que su empleadora se encontraba tendida en el suelo, convulsionando, requiriendo el auxilio del personal de Samu que traslad\u00f3 a la paciente hasta el hospital.<br \/>\nPese a los esfuerzos m\u00e9dicos para intentar estabilizar a la mujer, \u00e9sta falleci\u00f3 minutos m\u00e1s tarde por causas indeterminadas que fueron de conocimiento de Carabineros, quienes adoptaron el procedimiento, dando paso a las pericias de la Brigada de Homicidios de la PDI de Los Andes que descart\u00f3 la intervenci\u00f3n de terceros en el hecho.<br \/>\nEl cuerpo de la joven mujer fue remitido hasta el Servicio M\u00e9dico Legal para practicarle la autopsia correspondiente que revelar\u00eda cient\u00edficamente la causal de muerte.<br \/>\n<strong>Pablo Salinas Sald\u00edas<\/strong><\/p>\n","protected":false},"excerpt":{"rendered":"<p>Asesora del hogar hall\u00f3 a su empleadora convulsionando:\u00a0El hecho ocurri\u00f3 la tarde de este martes al interior de una vivienda de calle Bulnes en Putaendo. La causal de muerte se mantiene como&#8230;<\/p>\n","protected":false},"author":1,"featured_media":81541,"comment_status":"open","ping_status":"open","sticky":false,"template":"","format":"standard","meta":{"advanced_seo_description":"","jetpack_seo_html_title":"","jetpack_seo_noindex":false,"_jetpack_memberships_contains_paid_content":false,"footnotes":""},"categories":[21],"tags":[],"class_list":["post-81540","post","type-post","status-publish","format-standard","has-post-thumbnail","hentry","category-policial"],"jetpack_featured_media_url":"https:\/\/i0.wp.com\/eltrabajo.cl\/portal\/wp-content\/uploads\/2017\/09\/servicio_medico_legal.jpg?fit=577%2C400&ssl=1","jetpack_sharing_enabled":true,"jetpack_likes_enabled":true,"jetpack-related-posts":[],"_links":{"self":[{"href":"https:\/\/eltrabajo.cl\/portal\/wp-json\/wp\/v2\/posts\/81540","targetHints":{"allow":["GET"]}}],"collection":[{"href":"https:\/\/eltrabajo.cl\/portal\/wp-json\/wp\/v2\/posts"}],"about":[{"href":"https:\/\/eltrabajo.cl\/portal\/wp-json\/wp\/v2\/types\/post"}],"author":[{"embeddable":true,"href":"https:\/\/eltrabajo.cl\/portal\/wp-json\/wp\/v2\/users\/1"}],"replies":[{"embeddable":true,"href":"https:\/\/eltrabajo.cl\/portal\/wp-json\/wp\/v2\/comments?post=81540"}],"version-history":[{"count":0,"href":"https:\/\/eltrabajo.cl\/portal\/wp-json\/wp\/v2\/posts\/81540\/revisions"}],"wp:featuredmedia":[{"embeddable":true,"href":"https:\/\/eltrabajo.cl\/portal\/wp-json\/wp\/v2\/media\/81541"}],"wp:attachment":[{"href":"https:\/\/eltrabajo.cl\/portal\/wp-json\/wp\/v2\/media?parent=81540"}],"wp:term":[{"taxonomy":"category","embeddable":true,"href":"https:\/\/eltrabajo.cl\/portal\/wp-json\/wp\/v2\/categories?post=81540"},{"taxonomy":"post_tag","embeddable":true,"href":"https:\/\/eltrabajo.cl\/portal\/wp-json\/wp\/v2\/tags?post=81540"}],"curies":[{"name":"wp","href":"https:\/\/api.w.org\/{rel}","templated":true}]}}