{"id":81543,"date":"2017-09-07T05:06:19","date_gmt":"2017-09-07T09:06:19","guid":{"rendered":"http:\/\/www.eltrabajo.cl\/2017\/?p=81543"},"modified":"2017-09-07T05:06:19","modified_gmt":"2017-09-07T09:06:19","slug":"tras-las-rejas-banda-delictual-que-asalto-camion-y-disparo-a-carabineros","status":"publish","type":"post","link":"https:\/\/eltrabajo.cl\/portal\/tras-las-rejas-banda-delictual-que-asalto-camion-y-disparo-a-carabineros\/","title":{"rendered":"Tras las rejas banda delictual que asalt\u00f3 cami\u00f3n y dispar\u00f3 a Carabineros"},"content":{"rendered":"<figure id=\"attachment_81544\" aria-describedby=\"caption-attachment-81544\" style=\"width: 580px\" class=\"wp-caption alignnone\"><img data-recalc-dims=\"1\" loading=\"lazy\" decoding=\"async\" class=\"size-full wp-image-81544\" src=\"https:\/\/i0.wp.com\/www.eltrabajo.cl\/2017\/wp-content\/uploads\/2017\/09\/CARLOS-ACEVEDO-CATALDO-1.jpg?resize=580%2C399\" alt=\"Carlos Acevedo Cataldo, uno de los protagonistas de este asalto, quien posee un largo historial delictivo, fue enviado a la c\u00e1rcel junto a sus otros c\u00f3mplices.\" width=\"580\" height=\"399\" srcset=\"https:\/\/i0.wp.com\/eltrabajo.cl\/portal\/wp-content\/uploads\/2017\/09\/CARLOS-ACEVEDO-CATALDO-1.jpg?w=580&amp;ssl=1 580w, https:\/\/i0.wp.com\/eltrabajo.cl\/portal\/wp-content\/uploads\/2017\/09\/CARLOS-ACEVEDO-CATALDO-1.jpg?resize=200%2C138&amp;ssl=1 200w, https:\/\/i0.wp.com\/eltrabajo.cl\/portal\/wp-content\/uploads\/2017\/09\/CARLOS-ACEVEDO-CATALDO-1.jpg?resize=300%2C206&amp;ssl=1 300w, https:\/\/i0.wp.com\/eltrabajo.cl\/portal\/wp-content\/uploads\/2017\/09\/CARLOS-ACEVEDO-CATALDO-1.jpg?resize=218%2C150&amp;ssl=1 218w, https:\/\/i0.wp.com\/eltrabajo.cl\/portal\/wp-content\/uploads\/2017\/09\/CARLOS-ACEVEDO-CATALDO-1.jpg?resize=400%2C275&amp;ssl=1 400w\" sizes=\"auto, (max-width: 580px) 100vw, 580px\" \/><figcaption id=\"caption-attachment-81544\" class=\"wp-caption-text\">Carlos Acevedo Cataldo, uno de los protagonistas de este asalto, quien posee un largo historial delictivo, fue enviado a la c\u00e1rcel junto a sus otros c\u00f3mplices.<\/figcaption><\/figure>\n<ul>\n<li><strong><span style=\"color: #ff0000;\">Cuatro sujetos formalizados en Tribunales:\u00a0<\/span>Peligrosos antisociales fueron capturados por Carabineros la tarde de este martes, tras una intensa persecuci\u00f3n que se inici\u00f3 en calle Julio Figueroa esquina Justo Estay en San Felipe.<\/strong><\/li>\n<\/ul>\n<p>Bajo la cautelar de prisi\u00f3n preventiva qued\u00f3 la banda delictual integrada por cuatro peligrosos antisociales que protagonizaron el robo de un cami\u00f3n con mercader\u00eda y dinero en efectivo, intimidando con pistolas al chofer para luego escapar en este m\u00f3vil y trenzarse a balazos con Carabineros la tarde de este martes.<br \/>\nRecordemos que los hechos se produjeron en calle Justo Estay esquina Regalado Hern\u00e1ndez en San Felipe, donde se encontraba estacionado un cami\u00f3n que transportaba mercader\u00edas de la empresa Adelco, cuyo conductor fue intimidado con armas de fuego por cinco delincuentes que obligaron a la v\u00edctima a descender.<br \/>\nSeg\u00fan se pudo conocer, dos de estos individuos aboardaron el cami\u00f3n y se lo llevaron en direcci\u00f3n al sector El Asiento, mientras los otros tres delincuentes escoltaban al veh\u00edculo de carga a bordo de un autom\u00f3vil marca Nissan V16, quienes momentos m\u00e1s tarde fueron capturados en el sector de las pozas en calle Benigno Caldera.<br \/>\nEl amplio operativo cont\u00f3 con efectivos de distintas unidades, quienes efectuaron un cerco policial hasta dar con la ubicaci\u00f3n del cami\u00f3n sustra\u00eddo, pero los delincuentes que iban en ese veh\u00edculo ya hab\u00edan descendido, huyendo en distintas direcciones, efectuando disparos en contra de los funcionarios policiales, obligando a Carabineros a hacer uso de sus armas de servicio. De esta forma se logr\u00f3 frustrar el robo avaluado en $12.674.605 incluyendo la mercader\u00eda, el cami\u00f3n de la empresa Adelco, el tel\u00e9fono celular de la v\u00edctima y el dinero en efectivo sustra\u00eddo por los delincuentes, consistente en $364.000.<br \/>\nLa polic\u00eda uniformada culmin\u00f3 con las detenciones de cuatro de los cinco involucrados en estos hechos, identificados como Carlos Antonio Acevedo Cataldo (32), Barney Oliver Meza Esp\u00edndola (37), Ram\u00f3n Nonato Saravia Esp\u00edndola (27) y Nicol\u00e1s Hern\u00e1n Iturrieta Leiva (25), todos con antecedentes delictuales por diversos delitos.<br \/>\nSus detenciones fueron controladas la ma\u00f1ana de ayer mi\u00e9rcoles en el Juzgado de Garant\u00eda de San Felipe. La Fiscal\u00eda solicit\u00f3 a este tribunal la m\u00e1xima cautelar de prisi\u00f3n preventiva por representar un serio peligro para la seguridad de la sociedad y un inminente peligro de fuga.<br \/>\nEl Juez de Garant\u00eda acept\u00f3 el requerimiento del Ministerio P\u00fablico, ordenando el ingreso de los acusados hasta el Centro de Cumplimiento Penitenciario de San Felipe, fijando un plazo de investigaci\u00f3n de 90 d\u00edas.<br \/>\n<strong>Pablo Salinas Sald\u00edas<\/strong><\/p>\n<figure id=\"attachment_81504\" aria-describedby=\"caption-attachment-81504\" style=\"width: 580px\" class=\"wp-caption alignnone\"><img data-recalc-dims=\"1\" loading=\"lazy\" decoding=\"async\" class=\"size-full wp-image-81504\" src=\"https:\/\/i0.wp.com\/www.eltrabajo.cl\/2017\/wp-content\/uploads\/2017\/09\/camion-sustraido.jpg?resize=580%2C400\" alt=\"El Chofer del cami\u00f3n de empresa Adelco fue intimidado por los delincuentes, quienes lo enca\u00f1onaron con una pistola oblig\u00e1ndolo a descender para arrebatarle el m\u00f3vil.\" width=\"580\" height=\"400\" srcset=\"https:\/\/i0.wp.com\/eltrabajo.cl\/portal\/wp-content\/uploads\/2017\/09\/camion-sustraido.jpg?w=580&amp;ssl=1 580w, https:\/\/i0.wp.com\/eltrabajo.cl\/portal\/wp-content\/uploads\/2017\/09\/camion-sustraido.jpg?resize=200%2C138&amp;ssl=1 200w, https:\/\/i0.wp.com\/eltrabajo.cl\/portal\/wp-content\/uploads\/2017\/09\/camion-sustraido.jpg?resize=300%2C207&amp;ssl=1 300w, https:\/\/i0.wp.com\/eltrabajo.cl\/portal\/wp-content\/uploads\/2017\/09\/camion-sustraido.jpg?resize=218%2C150&amp;ssl=1 218w, https:\/\/i0.wp.com\/eltrabajo.cl\/portal\/wp-content\/uploads\/2017\/09\/camion-sustraido.jpg?resize=400%2C276&amp;ssl=1 400w\" sizes=\"auto, (max-width: 580px) 100vw, 580px\" \/><figcaption id=\"caption-attachment-81504\" class=\"wp-caption-text\">El Chofer del cami\u00f3n de empresa Adelco fue intimidado por los delincuentes, quienes lo enca\u00f1onaron con una pistola oblig\u00e1ndolo a descender para arrebatarle el m\u00f3vil.<\/figcaption><\/figure>\n","protected":false},"excerpt":{"rendered":"<p>Cuatro sujetos formalizados en Tribunales:\u00a0Peligrosos antisociales fueron capturados por Carabineros la tarde de este martes, tras una intensa persecuci\u00f3n que se inici\u00f3 en calle Julio Figueroa esquina Justo Estay en San Felipe&#8230;.<\/p>\n","protected":false},"author":1,"featured_media":81504,"comment_status":"open","ping_status":"open","sticky":false,"template":"","format":"standard","meta":{"advanced_seo_description":"","jetpack_seo_html_title":"","jetpack_seo_noindex":false,"_jetpack_memberships_contains_paid_content":false,"footnotes":""},"categories":[21],"tags":[],"class_list":["post-81543","post","type-post","status-publish","format-standard","has-post-thumbnail","hentry","category-policial"],"jetpack_featured_media_url":"https:\/\/i0.wp.com\/eltrabajo.cl\/portal\/wp-content\/uploads\/2017\/09\/camion-sustraido.jpg?fit=580%2C400&ssl=1","jetpack_sharing_enabled":true,"jetpack_likes_enabled":true,"jetpack-related-posts":[],"_links":{"self":[{"href":"https:\/\/eltrabajo.cl\/portal\/wp-json\/wp\/v2\/posts\/81543","targetHints":{"allow":["GET"]}}],"collection":[{"href":"https:\/\/eltrabajo.cl\/portal\/wp-json\/wp\/v2\/posts"}],"about":[{"href":"https:\/\/eltrabajo.cl\/portal\/wp-json\/wp\/v2\/types\/post"}],"author":[{"embeddable":true,"href":"https:\/\/eltrabajo.cl\/portal\/wp-json\/wp\/v2\/users\/1"}],"replies":[{"embeddable":true,"href":"https:\/\/eltrabajo.cl\/portal\/wp-json\/wp\/v2\/comments?post=81543"}],"version-history":[{"count":0,"href":"https:\/\/eltrabajo.cl\/portal\/wp-json\/wp\/v2\/posts\/81543\/revisions"}],"wp:featuredmedia":[{"embeddable":true,"href":"https:\/\/eltrabajo.cl\/portal\/wp-json\/wp\/v2\/media\/81504"}],"wp:attachment":[{"href":"https:\/\/eltrabajo.cl\/portal\/wp-json\/wp\/v2\/media?parent=81543"}],"wp:term":[{"taxonomy":"category","embeddable":true,"href":"https:\/\/eltrabajo.cl\/portal\/wp-json\/wp\/v2\/categories?post=81543"},{"taxonomy":"post_tag","embeddable":true,"href":"https:\/\/eltrabajo.cl\/portal\/wp-json\/wp\/v2\/tags?post=81543"}],"curies":[{"name":"wp","href":"https:\/\/api.w.org\/{rel}","templated":true}]}}