{"id":81555,"date":"2017-09-08T05:02:46","date_gmt":"2017-09-08T09:02:46","guid":{"rendered":"http:\/\/www.eltrabajo.cl\/2017\/?p=81555"},"modified":"2017-09-08T05:02:46","modified_gmt":"2017-09-08T09:02:46","slug":"dos-anos-a-sadico-que-torturo-a-su-pareja-dejandola-gravemente-herida","status":"publish","type":"post","link":"https:\/\/eltrabajo.cl\/portal\/dos-anos-a-sadico-que-torturo-a-su-pareja-dejandola-gravemente-herida\/","title":{"rendered":"Dos a\u00f1os a s\u00e1dico que tortur\u00f3 a su pareja dej\u00e1ndola gravemente herida"},"content":{"rendered":"<figure id=\"attachment_81556\" aria-describedby=\"caption-attachment-81556\" style=\"width: 580px\" class=\"wp-caption alignnone\"><img data-recalc-dims=\"1\" loading=\"lazy\" decoding=\"async\" class=\"size-full wp-image-81556\" src=\"https:\/\/i0.wp.com\/www.eltrabajo.cl\/2017\/wp-content\/uploads\/2017\/09\/yohalan-parra-meneses.jpg?resize=580%2C399\" alt=\"Yohalan Parra Meneses, alias \u2018El Pate Lija\u2019, fue condenado a dos a\u00f1os de c\u00e1rcel por agredir gravemente a su pareja con quien mantiene un hijo en com\u00fan.\" width=\"580\" height=\"399\" srcset=\"https:\/\/i0.wp.com\/eltrabajo.cl\/portal\/wp-content\/uploads\/2017\/09\/yohalan-parra-meneses.jpg?w=580&amp;ssl=1 580w, https:\/\/i0.wp.com\/eltrabajo.cl\/portal\/wp-content\/uploads\/2017\/09\/yohalan-parra-meneses.jpg?resize=200%2C138&amp;ssl=1 200w, https:\/\/i0.wp.com\/eltrabajo.cl\/portal\/wp-content\/uploads\/2017\/09\/yohalan-parra-meneses.jpg?resize=300%2C206&amp;ssl=1 300w, https:\/\/i0.wp.com\/eltrabajo.cl\/portal\/wp-content\/uploads\/2017\/09\/yohalan-parra-meneses.jpg?resize=218%2C150&amp;ssl=1 218w, https:\/\/i0.wp.com\/eltrabajo.cl\/portal\/wp-content\/uploads\/2017\/09\/yohalan-parra-meneses.jpg?resize=400%2C275&amp;ssl=1 400w\" sizes=\"auto, (max-width: 580px) 100vw, 580px\" \/><figcaption id=\"caption-attachment-81556\" class=\"wp-caption-text\">Yohalan Parra Meneses, alias \u2018El Pate Lija\u2019, fue condenado a dos a\u00f1os de c\u00e1rcel por agredir gravemente a su pareja con quien mantiene un hijo en com\u00fan.<\/figcaption><\/figure>\n<ul>\n<li><strong><span style=\"color: #ff0000;\">Corte rechaz\u00f3 recurso de nulidad de la Defensa:<\/span>\u00a0El juicio se llev\u00f3 a cabo sin el importante relato de la v\u00edctima, quien declin\u00f3 continuar con el proceso judicial.<\/strong><\/li>\n<\/ul>\n<p>La Corte de Apelaciones de Valpara\u00edso rechaz\u00f3 el recurso de nulidad elevado por la defensa de Yohalan Octavio Parra Meneses, alias \u2018El Pate Lija\u2019, ordenando el c\u00famplase la condena de dos a\u00f1os de c\u00e1rcel impuesta por el Tribunal Oral en Lo Penal de San Felipe, que lo sentenci\u00f3 por las graves lesiones causada a su pareja, a quien tortur\u00f3 apu\u00f1al\u00e1ndola en su cuerpo, adem\u00e1s de fracturarle la nariz e intentar quemarla.<br \/>\nDurante el juicio llevado a cabo semanas atr\u00e1s, prestaron declaraci\u00f3n ante el estrado de este tribunal, los padres de la afectada, testigos y funcionarios policiales. Sin embargo la v\u00edctima de estos graves hechos desisti\u00f3 participar del procedimiento judicial, toda vez que la agredida habr\u00eda retomado la relaci\u00f3n con su victimario, del cual naci\u00f3 un hijo en com\u00fan.<br \/>\nSeg\u00fan los especialistas, este fen\u00f3meno de la retracci\u00f3n se presenta de manera recurrente en personas que han sufrido violencia intrafamiliar, donde las v\u00edctimas desisten de la denuncia con la finalidad de no perjudicar a su pareja o padre de sus hijos.<\/p>\n<p><span style=\"color: #ff0000;\"><strong>ALGO DE HISTORIA<\/strong><\/span><br \/>\nComo se recordar\u00e1, el incre\u00edble caso investigado por la Fiscal\u00eda de San Felipe, ocurri\u00f3 el pasado 1 de marzo de 2016, a eso de las 07:00 horas al interior de una vivienda de la poblaci\u00f3n Morand\u00e9 en la comuna de Llay Llay, lugar donde se encontraba la v\u00edctima, quien por aparentes celos fue agredida a golpes de pu\u00f1o por el sentenciado, quien tom\u00f3 un cuchillo provoc\u00e1ndole heridas en una de sus piernas y gl\u00fateo.<br \/>\nLa tortura continu\u00f3 cuando el atacante tom\u00f3 del cuello a la mujer para asfixiarla, provocando que la v\u00edctima perdiera por unos minutos la conciencia. Posteriormente el desalmado tom\u00f3 un desodorante en spray que utiliz\u00f3 como lanza llamas, dirigiendo el fuego hacia la cara de la mujer, quien consternada por el bestial acto, se cubri\u00f3 con las manos para que no le quemara el rostro.<br \/>\nSeg\u00fan el testimonio dado por la v\u00edctima a la Polic\u00eda, dar\u00eda cuenta que el sujeto no descansar\u00eda hasta matarla y que no la dejar\u00eda salir de su casa, amenazando con incendiar la vivienda de sus padres si lo delataba, continuando su relato con otros crueles actos a los que fue sometida, imposibles de describir en esta nota.<br \/>\nLa v\u00edctima fue atendida en el Hospital de Llay Llay, siendo diagnosticada por el m\u00e9dico de turno de m\u00faltiples equimosis, heridas de arma blanca, hematomas, cortes en los labios, fractura nasal, lesiones en su totalidad de car\u00e1cter grave.<br \/>\nEl Tribunal Oral en Lo Penal, tras el juicio, absolvi\u00f3 al acusado de los delitos de amenazas, sin embargo conden\u00f3 por las lesiones graves en contra de la v\u00edctima, a la pena de dos a\u00f1os de presidio menor en su grado medio. El cumplimiento de esta sentencia deber\u00e1 hacerse de manera efectiva en la c\u00e1rcel, sirvi\u00e9ndole de abono los 61 d\u00edas que permaneci\u00f3 privado de libertad por esta causa.<br \/>\nCabe mencionar que Parra Meneses mantiene un largo historial delictivo por hurto, porte de arma cortante, violaci\u00f3n de morada, entre otras. Adem\u00e1s ha sido condenado por dos delitos de robo con violencia, asimismo mantiene causas vigentes por robo con intimidaci\u00f3n, hurto simple, amenazas, entre otras.<br \/>\nLa Ilustr\u00edsima Corte de Apelaciones orden\u00f3 que la sentencia del Tribunal Oral en Lo Penal de San Felipe quede firme y ejecutoriada.<br \/>\n<strong>Pablo Salinas Sald\u00edas<\/strong><\/p>\n","protected":false},"excerpt":{"rendered":"<p>Corte rechaz\u00f3 recurso de nulidad de la Defensa:\u00a0El juicio se llev\u00f3 a cabo sin el importante relato de la v\u00edctima, quien declin\u00f3 continuar con el proceso judicial. La Corte de Apelaciones de&#8230;<\/p>\n","protected":false},"author":1,"featured_media":81556,"comment_status":"open","ping_status":"open","sticky":false,"template":"","format":"standard","meta":{"advanced_seo_description":"","jetpack_seo_html_title":"","jetpack_seo_noindex":false,"_jetpack_memberships_contains_paid_content":false,"footnotes":""},"categories":[21],"tags":[],"class_list":["post-81555","post","type-post","status-publish","format-standard","has-post-thumbnail","hentry","category-policial"],"jetpack_featured_media_url":"https:\/\/i0.wp.com\/eltrabajo.cl\/portal\/wp-content\/uploads\/2017\/09\/yohalan-parra-meneses.jpg?fit=580%2C399&ssl=1","jetpack_sharing_enabled":true,"jetpack_likes_enabled":true,"jetpack-related-posts":[],"_links":{"self":[{"href":"https:\/\/eltrabajo.cl\/portal\/wp-json\/wp\/v2\/posts\/81555","targetHints":{"allow":["GET"]}}],"collection":[{"href":"https:\/\/eltrabajo.cl\/portal\/wp-json\/wp\/v2\/posts"}],"about":[{"href":"https:\/\/eltrabajo.cl\/portal\/wp-json\/wp\/v2\/types\/post"}],"author":[{"embeddable":true,"href":"https:\/\/eltrabajo.cl\/portal\/wp-json\/wp\/v2\/users\/1"}],"replies":[{"embeddable":true,"href":"https:\/\/eltrabajo.cl\/portal\/wp-json\/wp\/v2\/comments?post=81555"}],"version-history":[{"count":0,"href":"https:\/\/eltrabajo.cl\/portal\/wp-json\/wp\/v2\/posts\/81555\/revisions"}],"wp:featuredmedia":[{"embeddable":true,"href":"https:\/\/eltrabajo.cl\/portal\/wp-json\/wp\/v2\/media\/81556"}],"wp:attachment":[{"href":"https:\/\/eltrabajo.cl\/portal\/wp-json\/wp\/v2\/media?parent=81555"}],"wp:term":[{"taxonomy":"category","embeddable":true,"href":"https:\/\/eltrabajo.cl\/portal\/wp-json\/wp\/v2\/categories?post=81555"},{"taxonomy":"post_tag","embeddable":true,"href":"https:\/\/eltrabajo.cl\/portal\/wp-json\/wp\/v2\/tags?post=81555"}],"curies":[{"name":"wp","href":"https:\/\/api.w.org\/{rel}","templated":true}]}}