{"id":81558,"date":"2017-09-08T05:03:24","date_gmt":"2017-09-08T09:03:24","guid":{"rendered":"http:\/\/www.eltrabajo.cl\/2017\/?p=81558"},"modified":"2017-09-08T05:03:24","modified_gmt":"2017-09-08T09:03:24","slug":"comienza-la-copa-juan-arancibia-en-serie-adultos","status":"publish","type":"post","link":"https:\/\/eltrabajo.cl\/portal\/comienza-la-copa-juan-arancibia-en-serie-adultos\/","title":{"rendered":"Comienza la Copa Juan Arancibia en serie adultos"},"content":{"rendered":"<figure id=\"attachment_81559\" aria-describedby=\"caption-attachment-81559\" style=\"width: 580px\" class=\"wp-caption alignnone\"><img data-recalc-dims=\"1\" loading=\"lazy\" decoding=\"async\" class=\"size-full wp-image-81559\" src=\"https:\/\/i0.wp.com\/www.eltrabajo.cl\/2017\/wp-content\/uploads\/2017\/09\/basquetbol.jpg?resize=580%2C400\" alt=\"Este domingo en el Fort\u00edn Prat comenzar\u00e1 a jugarse la Copa Juan Arancibia Y\u00e1\u00f1ez en serie de Honor.\" width=\"580\" height=\"400\" srcset=\"https:\/\/i0.wp.com\/eltrabajo.cl\/portal\/wp-content\/uploads\/2017\/09\/basquetbol.jpg?w=580&amp;ssl=1 580w, https:\/\/i0.wp.com\/eltrabajo.cl\/portal\/wp-content\/uploads\/2017\/09\/basquetbol.jpg?resize=200%2C138&amp;ssl=1 200w, https:\/\/i0.wp.com\/eltrabajo.cl\/portal\/wp-content\/uploads\/2017\/09\/basquetbol.jpg?resize=300%2C207&amp;ssl=1 300w, https:\/\/i0.wp.com\/eltrabajo.cl\/portal\/wp-content\/uploads\/2017\/09\/basquetbol.jpg?resize=218%2C150&amp;ssl=1 218w, https:\/\/i0.wp.com\/eltrabajo.cl\/portal\/wp-content\/uploads\/2017\/09\/basquetbol.jpg?resize=400%2C276&amp;ssl=1 400w\" sizes=\"auto, (max-width: 580px) 100vw, 580px\" \/><figcaption id=\"caption-attachment-81559\" class=\"wp-caption-text\">Este domingo en el Fort\u00edn Prat comenzar\u00e1 a jugarse la Copa Juan Arancibia Y\u00e1\u00f1ez en serie de Honor.<\/figcaption><\/figure>\n<ul>\n<li><span style=\"color: #ff0000;\"><strong>El valor de la entrada al Fort\u00edn Prat ser\u00e1 de $1.500.<\/strong><\/span><\/li>\n<\/ul>\n<p>Juan Arancibia dej\u00f3 una huella imborrable en los cestos locales, y ha sido el club Arturo Prat el que se ha encargado de mantener vivo el recuerdo del desaparecido entrenador organizando torneos que llevan su nombre.<br \/>\nPara este domingo los de la calle Santo Domingo dar\u00e1n inicio a la Copa Juan Arancibia para series de honor, evento que deber\u00eda prolongarse hasta el mes de noviembre y que hasta el cierre de la presente edici\u00f3n ya ten\u00eda confirmada la presencia de los clubes Calle Larga, Rinconada, San Felipe Basket, Frutexport, Agua Sana, Lasen, I Ball, \u00c1rabe y Arturo Prat.<br \/>\nPara la primera fecha se agendaron dos partidos, en una velada que partir\u00e1 a las seis de la tarde con el duelo entre los quintetos de Agua Sana y Lasen.<br \/>\nProgramaci\u00f3n fecha 1<br \/>\nDomingo 10 de septiembre, Fort\u00edn Prat<br \/>\n18:00 horas: Agua Sana \u2013 Lasen<br \/>\n19:30 horas: Arturo Prat &#8211; Arabe<\/p>\n","protected":false},"excerpt":{"rendered":"<p>El valor de la entrada al Fort\u00edn Prat ser\u00e1 de $1.500. Juan Arancibia dej\u00f3 una huella imborrable en los cestos locales, y ha sido el club Arturo Prat el que se ha&#8230;<\/p>\n","protected":false},"author":1,"featured_media":81559,"comment_status":"open","ping_status":"open","sticky":false,"template":"","format":"standard","meta":{"advanced_seo_description":"","jetpack_seo_html_title":"","jetpack_seo_noindex":false,"_jetpack_memberships_contains_paid_content":false,"footnotes":""},"categories":[19],"tags":[],"class_list":["post-81558","post","type-post","status-publish","format-standard","has-post-thumbnail","hentry","category-deportes"],"jetpack_featured_media_url":"https:\/\/i0.wp.com\/eltrabajo.cl\/portal\/wp-content\/uploads\/2017\/09\/basquetbol.jpg?fit=580%2C400&ssl=1","jetpack_sharing_enabled":true,"jetpack_likes_enabled":true,"jetpack-related-posts":[],"_links":{"self":[{"href":"https:\/\/eltrabajo.cl\/portal\/wp-json\/wp\/v2\/posts\/81558","targetHints":{"allow":["GET"]}}],"collection":[{"href":"https:\/\/eltrabajo.cl\/portal\/wp-json\/wp\/v2\/posts"}],"about":[{"href":"https:\/\/eltrabajo.cl\/portal\/wp-json\/wp\/v2\/types\/post"}],"author":[{"embeddable":true,"href":"https:\/\/eltrabajo.cl\/portal\/wp-json\/wp\/v2\/users\/1"}],"replies":[{"embeddable":true,"href":"https:\/\/eltrabajo.cl\/portal\/wp-json\/wp\/v2\/comments?post=81558"}],"version-history":[{"count":0,"href":"https:\/\/eltrabajo.cl\/portal\/wp-json\/wp\/v2\/posts\/81558\/revisions"}],"wp:featuredmedia":[{"embeddable":true,"href":"https:\/\/eltrabajo.cl\/portal\/wp-json\/wp\/v2\/media\/81559"}],"wp:attachment":[{"href":"https:\/\/eltrabajo.cl\/portal\/wp-json\/wp\/v2\/media?parent=81558"}],"wp:term":[{"taxonomy":"category","embeddable":true,"href":"https:\/\/eltrabajo.cl\/portal\/wp-json\/wp\/v2\/categories?post=81558"},{"taxonomy":"post_tag","embeddable":true,"href":"https:\/\/eltrabajo.cl\/portal\/wp-json\/wp\/v2\/tags?post=81558"}],"curies":[{"name":"wp","href":"https:\/\/api.w.org\/{rel}","templated":true}]}}