{"id":81565,"date":"2017-09-08T05:05:19","date_gmt":"2017-09-08T09:05:19","guid":{"rendered":"http:\/\/www.eltrabajo.cl\/2017\/?p=81565"},"modified":"2017-09-08T05:05:19","modified_gmt":"2017-09-08T09:05:19","slug":"colegios-de-aconcagua-no-reciben-a-ninos-con-trastorno-del-espectro-autista","status":"publish","type":"post","link":"https:\/\/eltrabajo.cl\/portal\/colegios-de-aconcagua-no-reciben-a-ninos-con-trastorno-del-espectro-autista\/","title":{"rendered":"Colegios de Aconcagua no reciben a ni\u00f1os con Trastorno del Espectro Autista"},"content":{"rendered":"<figure id=\"attachment_81569\" aria-describedby=\"caption-attachment-81569\" style=\"width: 580px\" class=\"wp-caption alignnone\"><img data-recalc-dims=\"1\" loading=\"lazy\" decoding=\"async\" class=\"size-full wp-image-81569\" src=\"https:\/\/i0.wp.com\/www.eltrabajo.cl\/2017\/wp-content\/uploads\/2017\/09\/TEA-Paula-Valdivia1.jpg?resize=580%2C399\" alt=\"Paula Valdivia, vicepresidenta de Fundaci\u00f3n So\u00f1arte.\" width=\"580\" height=\"399\" srcset=\"https:\/\/i0.wp.com\/eltrabajo.cl\/portal\/wp-content\/uploads\/2017\/09\/TEA-Paula-Valdivia1.jpg?w=580&amp;ssl=1 580w, https:\/\/i0.wp.com\/eltrabajo.cl\/portal\/wp-content\/uploads\/2017\/09\/TEA-Paula-Valdivia1.jpg?resize=200%2C138&amp;ssl=1 200w, https:\/\/i0.wp.com\/eltrabajo.cl\/portal\/wp-content\/uploads\/2017\/09\/TEA-Paula-Valdivia1.jpg?resize=300%2C206&amp;ssl=1 300w, https:\/\/i0.wp.com\/eltrabajo.cl\/portal\/wp-content\/uploads\/2017\/09\/TEA-Paula-Valdivia1.jpg?resize=218%2C150&amp;ssl=1 218w, https:\/\/i0.wp.com\/eltrabajo.cl\/portal\/wp-content\/uploads\/2017\/09\/TEA-Paula-Valdivia1.jpg?resize=400%2C275&amp;ssl=1 400w\" sizes=\"auto, (max-width: 580px) 100vw, 580px\" \/><figcaption id=\"caption-attachment-81569\" class=\"wp-caption-text\">Paula Valdivia, vicepresidenta de Fundaci\u00f3n So\u00f1arte.<\/figcaption><\/figure>\n<ul>\n<li><strong><span style=\"color: #ff0000;\">Hay m\u00e1s de 30 familias afectadas:<\/span>\u00a0Autoridades se comprometieron a buscar las razones por las que no se brindan matr\u00edculas a alumnos diagnosticados con esta condici\u00f3n, y a realizar un catastro con el fin de poder resolver esta carencia antes que comience el a\u00f1o acad\u00e9mico 2018<\/strong><\/li>\n<\/ul>\n<p>Una delicada situaci\u00f3n es la que est\u00e1n atravesando m\u00e1s de 30 familias de las provincias de San Felipe y Los Andes, cuyos hijos padecen Trastorno del Espectro Autista, TEA, y que debido a su condici\u00f3n no han logrado obtener matr\u00edcula en ning\u00fan establecimiento educacional de la zona.<br \/>\nEstos ni\u00f1os y ni\u00f1as se atienden en el Centro Terap\u00e9utico Casa Azul de San Felipe, forman parte de Fundaci\u00f3n So\u00f1artey pese al tratamiento que reciben, al momento de querer incorporarse a un colegio, el diagn\u00f3stico parece ser categ\u00f3rico, pues son rechazados argumentando que no existen cupos, cuando, al parecer, la realidad es que los establecimientos y sus profesionales no est\u00e1n capacitados para trabajar con TEA.<br \/>\nPaula Valdivia es la vicepresidenta de Fundaci\u00f3n So\u00f1arte y su hijo de 11 a\u00f1os vive con esta condici\u00f3n. Seg\u00fan cuenta, el ni\u00f1o alcanz\u00f3 a cursar hasta segundo b\u00e1sico y hace dos a\u00f1os que no logra incorporarlo al sistema de educaci\u00f3n formal: \u00abNo sabemos si es porque tienen TEA o porque realmente no hay m\u00e1s recursos para PIE\u00bb, plantea Valdivia.<br \/>\nA ra\u00edz de esta situaci\u00f3n es que representantes de la fundaci\u00f3n se reunieron con el Gobernador de la Provincia de San Felipe, Eduardo Le\u00f3n; con el Director Regional de la Superintendencia de Educaci\u00f3n, Pablo Mencklenburg; y el Director Provincial de Educaci\u00f3n, Jorge Olivero.<br \/>\nDe acuerdo a lo manifestado por Valdivia, la idea es comenzar a elaborar un plan de trabajo que les permita recuperar la educaci\u00f3n de sus hijos, a m\u00e1s tardar el pr\u00f3ximo a\u00f1o.<br \/>\n\u00abQueremos encontrar una soluci\u00f3n: c\u00f3mo se pueden mejorar los recursos, c\u00f3mo se puede capacitar a los profesores, a la gente del PIE (Programa de Integraci\u00f3n Escolar)\u2026 no hay alternativas ni en educaci\u00f3n p\u00fablica ni privada, cuando llevamos a nuestros hijos y les presentamos el diagn\u00f3stico, nos dicen que no hay cupo, entonces queremos saber la verdad, si es verdad que no hay cupos en esos colegios donde hemos consultado por matr\u00edculas\u00bb, argument\u00f3 la vicepresidenta de Fundaci\u00f3n So\u00f1arte.<br \/>\nLa inclusi\u00f3n de estos ni\u00f1os y ni\u00f1as a la educaci\u00f3n debiera ser un derecho garantizado por el Estado, as\u00ed como tambi\u00e9n, proporcionar los recursos necesarios a los establecimientos educacionales para contar con docentes y profesionales preparados para educar a infantes con TEA.<br \/>\nBajo esa premisa, el Director Regional de la Superintendencia de Educaci\u00f3n Valpara\u00edso, Pablo Mecklenburg, reconoce que es primera vez que en la regi\u00f3n existe una demanda de este tipo, por lo que la primera tarea es identificar las razones por las cuales no hay matr\u00edculas para estos ni\u00f1os y, a partir de eso, se definir\u00e1n tres cursos de acci\u00f3n: \u00abPrimero vamos a levantar un catastro a nivel provincial, respecto de cu\u00e1ntos ni\u00f1os est\u00e1n en esta condici\u00f3n; lo segundo, les pedimos que cuando haya casos de discriminaci\u00f3n o de vulneraci\u00f3n de derechos, hagan la denuncia de manera directa a la Superintendencia para nosotros iniciar los procesos investigativos sancionatorios; y, a propuesta del Gobernador, vamos a reunirnos con los Departamentos de Educaci\u00f3n municipal de la provincia para enfrentar el tema de manera conjunta\u00bb, detall\u00f3 Mecklenburg.<br \/>\nA su vez, el Gobernador de la Provincia de San Felipe, Eduardo Le\u00f3n, record\u00f3 que el Gobierno de la Presidenta Michelle Bachelet, ha sido bastante claro en temas de inclusi\u00f3n y bajo esa perspectiva, \u00abtodos y todas tenemos derecho a estudiar, tenemos derecho a desarrollar nuestros talentos, as\u00ed que vamos a trabajar en varias l\u00edneas, por lo pronto, vamos a tener una reuni\u00f3n con los Daem, ellos nos van a hacer llegar un catastro de los ni\u00f1os que tienen detectados sin matr\u00edcula, se estima que son m\u00e1s, as\u00ed que vamos a hacer un trabajo permanente para poder garantizar la educaci\u00f3n a estos ni\u00f1os y ni\u00f1as\u00bb, sentenci\u00f3 la m\u00e1xima autoridad provincial.<\/p>\n<figure id=\"attachment_81566\" aria-describedby=\"caption-attachment-81566\" style=\"width: 580px\" class=\"wp-caption alignnone\"><img data-recalc-dims=\"1\" loading=\"lazy\" decoding=\"async\" class=\"size-full wp-image-81566\" src=\"https:\/\/i0.wp.com\/www.eltrabajo.cl\/2017\/wp-content\/uploads\/2017\/09\/TEA-Fundacion-so%C3%B1arte.jpg?resize=580%2C400\" alt=\"Representantes de Fundaci\u00f3n So\u00f1arte se reunieron con autoridades de Gobierno para resolver exclusi\u00f3n de ni\u00f1os con TEA del sistema de educaci\u00f3n formal.\" width=\"580\" height=\"400\" srcset=\"https:\/\/i0.wp.com\/eltrabajo.cl\/portal\/wp-content\/uploads\/2017\/09\/TEA-Fundacion-so%C3%B1arte.jpg?w=580&amp;ssl=1 580w, https:\/\/i0.wp.com\/eltrabajo.cl\/portal\/wp-content\/uploads\/2017\/09\/TEA-Fundacion-so%C3%B1arte.jpg?resize=200%2C138&amp;ssl=1 200w, https:\/\/i0.wp.com\/eltrabajo.cl\/portal\/wp-content\/uploads\/2017\/09\/TEA-Fundacion-so%C3%B1arte.jpg?resize=300%2C207&amp;ssl=1 300w, https:\/\/i0.wp.com\/eltrabajo.cl\/portal\/wp-content\/uploads\/2017\/09\/TEA-Fundacion-so%C3%B1arte.jpg?resize=218%2C150&amp;ssl=1 218w, https:\/\/i0.wp.com\/eltrabajo.cl\/portal\/wp-content\/uploads\/2017\/09\/TEA-Fundacion-so%C3%B1arte.jpg?resize=400%2C276&amp;ssl=1 400w\" sizes=\"auto, (max-width: 580px) 100vw, 580px\" \/><figcaption id=\"caption-attachment-81566\" class=\"wp-caption-text\">Representantes de Fundaci\u00f3n So\u00f1arte se reunieron con autoridades de Gobierno para resolver exclusi\u00f3n de ni\u00f1os con TEA del sistema de educaci\u00f3n formal.<\/figcaption><\/figure>\n<figure id=\"attachment_81567\" aria-describedby=\"caption-attachment-81567\" style=\"width: 580px\" class=\"wp-caption alignnone\"><img data-recalc-dims=\"1\" loading=\"lazy\" decoding=\"async\" class=\"size-full wp-image-81567\" src=\"https:\/\/i0.wp.com\/www.eltrabajo.cl\/2017\/wp-content\/uploads\/2017\/09\/TEA-gobernador-eduardo-leon.jpg?resize=580%2C399\" alt=\"Gobernador de la Provincia de San Felipe, Eduardo Le\u00f3n.\" width=\"580\" height=\"399\" srcset=\"https:\/\/i0.wp.com\/eltrabajo.cl\/portal\/wp-content\/uploads\/2017\/09\/TEA-gobernador-eduardo-leon.jpg?w=580&amp;ssl=1 580w, https:\/\/i0.wp.com\/eltrabajo.cl\/portal\/wp-content\/uploads\/2017\/09\/TEA-gobernador-eduardo-leon.jpg?resize=200%2C138&amp;ssl=1 200w, https:\/\/i0.wp.com\/eltrabajo.cl\/portal\/wp-content\/uploads\/2017\/09\/TEA-gobernador-eduardo-leon.jpg?resize=300%2C206&amp;ssl=1 300w, https:\/\/i0.wp.com\/eltrabajo.cl\/portal\/wp-content\/uploads\/2017\/09\/TEA-gobernador-eduardo-leon.jpg?resize=218%2C150&amp;ssl=1 218w, https:\/\/i0.wp.com\/eltrabajo.cl\/portal\/wp-content\/uploads\/2017\/09\/TEA-gobernador-eduardo-leon.jpg?resize=400%2C275&amp;ssl=1 400w\" sizes=\"auto, (max-width: 580px) 100vw, 580px\" \/><figcaption id=\"caption-attachment-81567\" class=\"wp-caption-text\">Gobernador de la Provincia de San Felipe, Eduardo Le\u00f3n.<\/figcaption><\/figure>\n<figure id=\"attachment_81568\" aria-describedby=\"caption-attachment-81568\" style=\"width: 580px\" class=\"wp-caption alignnone\"><img data-recalc-dims=\"1\" loading=\"lazy\" decoding=\"async\" class=\"size-full wp-image-81568\" src=\"https:\/\/i0.wp.com\/www.eltrabajo.cl\/2017\/wp-content\/uploads\/2017\/09\/TEA-pablo-mecklenburg-dir-reg-superint-educ.jpg?resize=580%2C399\" alt=\"Pablo Mecklenburg, Director Regional de la Superintendencia de Educaci\u00f3n de Valpara\u00edso.\" width=\"580\" height=\"399\" srcset=\"https:\/\/i0.wp.com\/eltrabajo.cl\/portal\/wp-content\/uploads\/2017\/09\/TEA-pablo-mecklenburg-dir-reg-superint-educ.jpg?w=580&amp;ssl=1 580w, https:\/\/i0.wp.com\/eltrabajo.cl\/portal\/wp-content\/uploads\/2017\/09\/TEA-pablo-mecklenburg-dir-reg-superint-educ.jpg?resize=200%2C138&amp;ssl=1 200w, https:\/\/i0.wp.com\/eltrabajo.cl\/portal\/wp-content\/uploads\/2017\/09\/TEA-pablo-mecklenburg-dir-reg-superint-educ.jpg?resize=300%2C206&amp;ssl=1 300w, https:\/\/i0.wp.com\/eltrabajo.cl\/portal\/wp-content\/uploads\/2017\/09\/TEA-pablo-mecklenburg-dir-reg-superint-educ.jpg?resize=218%2C150&amp;ssl=1 218w, https:\/\/i0.wp.com\/eltrabajo.cl\/portal\/wp-content\/uploads\/2017\/09\/TEA-pablo-mecklenburg-dir-reg-superint-educ.jpg?resize=400%2C275&amp;ssl=1 400w\" sizes=\"auto, (max-width: 580px) 100vw, 580px\" \/><figcaption id=\"caption-attachment-81568\" class=\"wp-caption-text\">Pablo Mecklenburg, Director Regional de la Superintendencia de Educaci\u00f3n de Valpara\u00edso.<\/figcaption><\/figure>\n","protected":false},"excerpt":{"rendered":"<p>Hay m\u00e1s de 30 familias afectadas:\u00a0Autoridades se comprometieron a buscar las razones por las que no se brindan matr\u00edculas a alumnos diagnosticados con esta condici\u00f3n, y a realizar un catastro con el&#8230;<\/p>\n","protected":false},"author":1,"featured_media":81566,"comment_status":"open","ping_status":"open","sticky":false,"template":"","format":"standard","meta":{"advanced_seo_description":"","jetpack_seo_html_title":"","jetpack_seo_noindex":false,"_jetpack_memberships_contains_paid_content":false,"footnotes":""},"categories":[15],"tags":[],"class_list":["post-81565","post","type-post","status-publish","format-standard","has-post-thumbnail","hentry","category-comunidad"],"jetpack_featured_media_url":"https:\/\/i0.wp.com\/eltrabajo.cl\/portal\/wp-content\/uploads\/2017\/09\/TEA-Fundacion-so%C3%B1arte.jpg?fit=580%2C400&ssl=1","jetpack_sharing_enabled":true,"jetpack_likes_enabled":true,"jetpack-related-posts":[],"_links":{"self":[{"href":"https:\/\/eltrabajo.cl\/portal\/wp-json\/wp\/v2\/posts\/81565","targetHints":{"allow":["GET"]}}],"collection":[{"href":"https:\/\/eltrabajo.cl\/portal\/wp-json\/wp\/v2\/posts"}],"about":[{"href":"https:\/\/eltrabajo.cl\/portal\/wp-json\/wp\/v2\/types\/post"}],"author":[{"embeddable":true,"href":"https:\/\/eltrabajo.cl\/portal\/wp-json\/wp\/v2\/users\/1"}],"replies":[{"embeddable":true,"href":"https:\/\/eltrabajo.cl\/portal\/wp-json\/wp\/v2\/comments?post=81565"}],"version-history":[{"count":0,"href":"https:\/\/eltrabajo.cl\/portal\/wp-json\/wp\/v2\/posts\/81565\/revisions"}],"wp:featuredmedia":[{"embeddable":true,"href":"https:\/\/eltrabajo.cl\/portal\/wp-json\/wp\/v2\/media\/81566"}],"wp:attachment":[{"href":"https:\/\/eltrabajo.cl\/portal\/wp-json\/wp\/v2\/media?parent=81565"}],"wp:term":[{"taxonomy":"category","embeddable":true,"href":"https:\/\/eltrabajo.cl\/portal\/wp-json\/wp\/v2\/categories?post=81565"},{"taxonomy":"post_tag","embeddable":true,"href":"https:\/\/eltrabajo.cl\/portal\/wp-json\/wp\/v2\/tags?post=81565"}],"curies":[{"name":"wp","href":"https:\/\/api.w.org\/{rel}","templated":true}]}}