{"id":81572,"date":"2017-09-08T05:06:28","date_gmt":"2017-09-08T09:06:28","guid":{"rendered":"http:\/\/www.eltrabajo.cl\/2017\/?p=81572"},"modified":"2017-09-08T05:06:28","modified_gmt":"2017-09-08T09:06:28","slug":"condenado-a-dos-anos-por-robar-a-mano-armada-una-cajetilla-de-cigarros","status":"publish","type":"post","link":"https:\/\/eltrabajo.cl\/portal\/condenado-a-dos-anos-por-robar-a-mano-armada-una-cajetilla-de-cigarros\/","title":{"rendered":"Condenado a dos a\u00f1os por robar a mano armada una cajetilla de cigarros"},"content":{"rendered":"<figure id=\"attachment_81573\" aria-describedby=\"caption-attachment-81573\" style=\"width: 580px\" class=\"wp-caption alignnone\"><img data-recalc-dims=\"1\" loading=\"lazy\" decoding=\"async\" class=\"size-full wp-image-81573\" src=\"https:\/\/i0.wp.com\/www.eltrabajo.cl\/2017\/wp-content\/uploads\/2017\/09\/ASALTO-MINIMARKET.jpg?resize=580%2C398\" alt=\"El sentenciado asalt\u00f3 un minimarket de la Villa Bernardo Cruz en San Felipe, llev\u00e1ndose s\u00f3lo una cajetilla de cigarros. (Foto Referencial).\" width=\"580\" height=\"398\" srcset=\"https:\/\/i0.wp.com\/eltrabajo.cl\/portal\/wp-content\/uploads\/2017\/09\/ASALTO-MINIMARKET.jpg?w=580&amp;ssl=1 580w, https:\/\/i0.wp.com\/eltrabajo.cl\/portal\/wp-content\/uploads\/2017\/09\/ASALTO-MINIMARKET.jpg?resize=200%2C137&amp;ssl=1 200w, https:\/\/i0.wp.com\/eltrabajo.cl\/portal\/wp-content\/uploads\/2017\/09\/ASALTO-MINIMARKET.jpg?resize=300%2C206&amp;ssl=1 300w, https:\/\/i0.wp.com\/eltrabajo.cl\/portal\/wp-content\/uploads\/2017\/09\/ASALTO-MINIMARKET.jpg?resize=219%2C150&amp;ssl=1 219w, https:\/\/i0.wp.com\/eltrabajo.cl\/portal\/wp-content\/uploads\/2017\/09\/ASALTO-MINIMARKET.jpg?resize=400%2C274&amp;ssl=1 400w\" sizes=\"auto, (max-width: 580px) 100vw, 580px\" \/><figcaption id=\"caption-attachment-81573\" class=\"wp-caption-text\">El sentenciado asalt\u00f3 un minimarket de la Villa Bernardo Cruz en San Felipe, llev\u00e1ndose s\u00f3lo una cajetilla de cigarros. (Foto Referencial).<\/figcaption><\/figure>\n<ul>\n<li><strong><span style=\"color: #ff0000;\">Pena remitida de dos a\u00f1os de presidio:<\/span>\u00a0Hecho ocurri\u00f3 en un minimarket de la Villa Bernardo Cruz en San Felipe, luego que el sentenciado intimid\u00f3 con un rev\u00f3lver a la comerciante, exigi\u00e9ndole los cigarrillos para luego escapar del lugar.<\/strong><\/li>\n<\/ul>\n<p>El Tribunal Oral en lo Penal de San Felipe conden\u00f3 a un temporero de 38 a\u00f1os de edad, identificado como Christian Esteban Herrera Reyes tras haber sido declarado culpable del delito de robo a un minimarket de la Villa Bernardo Cruz en San Felipe intimidando con un arma de fuego a la comerciante.<br \/>\nLa causa, a cargo del Fiscal Rodrigo Zapata Cu\u00e9llar, lleg\u00f3 a juicio despu\u00e9s de siete largos a\u00f1os de espera. Los hechos se remontan al 10 de agosto de 2011, a eso de las 21:30 horas, momento en que el acusado irrumpi\u00f3 en el local comercial requiriendo a la comerciante una cajetilla de cigarrillos, extrayendo de sus vestimentas un arma de fuego para intimidar a la v\u00edctima.<br \/>\nEn esos precisos instantes se encontraba en el lugar un cliente, quien intervino para evitar la acci\u00f3n delictual, golpeando la mano del sujeto, lo que provoc\u00f3 la ca\u00edda del cargador del arma de fuego, para luego empujarlo hasta las afueras del minimarket.<br \/>\nSin embargo Herrera Reyes regres\u00f3 nuevamente con el arma exigiendo a la comerciante la cajetilla de cigarros, especie que fue concedida por la v\u00edctima para evitar un mal mayor, temiendo resultar herida ante la agresiva situaci\u00f3n que se originaba en su negocio.<br \/>\nEl imputado fue declarado culpable por este tribunal, siendo condenado a la pena de dos a\u00f1os de presidio menor en su grado medio, por el delito de robo con intimidaci\u00f3n. Por existir una media prescripci\u00f3n de la causa, la pena deber\u00e1 ser cumplida en forma remitida.<br \/>\n<strong>Pablo Salinas Sald\u00edas<\/strong><\/p>\n","protected":false},"excerpt":{"rendered":"<p>Pena remitida de dos a\u00f1os de presidio:\u00a0Hecho ocurri\u00f3 en un minimarket de la Villa Bernardo Cruz en San Felipe, luego que el sentenciado intimid\u00f3 con un rev\u00f3lver a la comerciante, exigi\u00e9ndole los&#8230;<\/p>\n","protected":false},"author":1,"featured_media":81573,"comment_status":"open","ping_status":"open","sticky":false,"template":"","format":"standard","meta":{"advanced_seo_description":"","jetpack_seo_html_title":"","jetpack_seo_noindex":false,"_jetpack_memberships_contains_paid_content":false,"footnotes":""},"categories":[21],"tags":[],"class_list":["post-81572","post","type-post","status-publish","format-standard","has-post-thumbnail","hentry","category-policial"],"jetpack_featured_media_url":"https:\/\/i0.wp.com\/eltrabajo.cl\/portal\/wp-content\/uploads\/2017\/09\/ASALTO-MINIMARKET.jpg?fit=580%2C398&ssl=1","jetpack_sharing_enabled":true,"jetpack_likes_enabled":true,"jetpack-related-posts":[],"_links":{"self":[{"href":"https:\/\/eltrabajo.cl\/portal\/wp-json\/wp\/v2\/posts\/81572","targetHints":{"allow":["GET"]}}],"collection":[{"href":"https:\/\/eltrabajo.cl\/portal\/wp-json\/wp\/v2\/posts"}],"about":[{"href":"https:\/\/eltrabajo.cl\/portal\/wp-json\/wp\/v2\/types\/post"}],"author":[{"embeddable":true,"href":"https:\/\/eltrabajo.cl\/portal\/wp-json\/wp\/v2\/users\/1"}],"replies":[{"embeddable":true,"href":"https:\/\/eltrabajo.cl\/portal\/wp-json\/wp\/v2\/comments?post=81572"}],"version-history":[{"count":0,"href":"https:\/\/eltrabajo.cl\/portal\/wp-json\/wp\/v2\/posts\/81572\/revisions"}],"wp:featuredmedia":[{"embeddable":true,"href":"https:\/\/eltrabajo.cl\/portal\/wp-json\/wp\/v2\/media\/81573"}],"wp:attachment":[{"href":"https:\/\/eltrabajo.cl\/portal\/wp-json\/wp\/v2\/media?parent=81572"}],"wp:term":[{"taxonomy":"category","embeddable":true,"href":"https:\/\/eltrabajo.cl\/portal\/wp-json\/wp\/v2\/categories?post=81572"},{"taxonomy":"post_tag","embeddable":true,"href":"https:\/\/eltrabajo.cl\/portal\/wp-json\/wp\/v2\/tags?post=81572"}],"curies":[{"name":"wp","href":"https:\/\/api.w.org\/{rel}","templated":true}]}}