{"id":81581,"date":"2017-09-11T05:02:34","date_gmt":"2017-09-11T09:02:34","guid":{"rendered":"http:\/\/www.eltrabajo.cl\/2017\/?p=81581"},"modified":"2017-09-11T05:02:34","modified_gmt":"2017-09-11T09:02:34","slug":"union-san-felipe-no-despega-y-comienza-a-complicarse-con-el-descenso","status":"publish","type":"post","link":"https:\/\/eltrabajo.cl\/portal\/union-san-felipe-no-despega-y-comienza-a-complicarse-con-el-descenso\/","title":{"rendered":"Uni\u00f3n San Felipe no despega y comienza a complicarse con el descenso"},"content":{"rendered":"<figure id=\"attachment_81583\" aria-describedby=\"caption-attachment-81583\" style=\"width: 580px\" class=\"wp-caption alignnone\"><img data-recalc-dims=\"1\" loading=\"lazy\" decoding=\"async\" class=\"size-full wp-image-81583\" src=\"https:\/\/i0.wp.com\/www.eltrabajo.cl\/2017\/wp-content\/uploads\/2017\/09\/uni-cobresal-1.jpg?resize=580%2C348\" alt=\"En el juego contra Cobresal equipo sanfelipe\u00f1o volvi\u00f3 a carecer de profundidad. En la imagen se ve a Emmanuel Pio tratando de filtrar la zona defensiva minera.\" width=\"580\" height=\"348\" srcset=\"https:\/\/i0.wp.com\/eltrabajo.cl\/portal\/wp-content\/uploads\/2017\/09\/uni-cobresal-1.jpg?w=580&amp;ssl=1 580w, https:\/\/i0.wp.com\/eltrabajo.cl\/portal\/wp-content\/uploads\/2017\/09\/uni-cobresal-1.jpg?resize=200%2C120&amp;ssl=1 200w, https:\/\/i0.wp.com\/eltrabajo.cl\/portal\/wp-content\/uploads\/2017\/09\/uni-cobresal-1.jpg?resize=300%2C180&amp;ssl=1 300w, https:\/\/i0.wp.com\/eltrabajo.cl\/portal\/wp-content\/uploads\/2017\/09\/uni-cobresal-1.jpg?resize=250%2C150&amp;ssl=1 250w, https:\/\/i0.wp.com\/eltrabajo.cl\/portal\/wp-content\/uploads\/2017\/09\/uni-cobresal-1.jpg?resize=400%2C240&amp;ssl=1 400w\" sizes=\"auto, (max-width: 580px) 100vw, 580px\" \/><figcaption id=\"caption-attachment-81583\" class=\"wp-caption-text\">En el juego contra Cobresal equipo sanfelipe\u00f1o volvi\u00f3 a carecer de profundidad. En la imagen se ve a Emmanuel Pio tratando de filtrar la zona defensiva minera.<\/figcaption><\/figure>\n<ul>\n<li><span style=\"color: #ff0000;\"><strong>En otra p\u00e1lida presentaci\u00f3n, que fue reprobada por su parcialidad, el viernes pasado la escuadra albirroja igual\u00f3 en blanco con Cobresal.<\/strong><\/span><\/li>\n<\/ul>\n<p>Siguiendo con la preocupante tendencia a la \u2018baja\u2019 que en tan s\u00f3lo siete fechas de torneo ya lo tienen metido en la zona de \u2018alerta\u2019, Uni\u00f3n San Felipe no logra levantar cabeza, y lo que es a\u00fan m\u00e1s preocupante, mantiene los mismos ripios y defectos que ya se han hecho un h\u00e1bito en la actual competencia, donde se ve un equipo que tiende a tocar m\u00e1s de la cuenta, muy previsible y casi nula profundidad, lo que se refleja en que casi no se crea oportunidades de gol en los arcos enemigos.<br \/>\nEl viernes pasado frente a Cobresal, el conjunto sanfelipe\u00f1o tuvo un comienzo que alcanz\u00f3 a entusiasmar a los casi 700 fieles que se animaron a llegar hasta el coliseo deportivo de Avenida Maip\u00fa, porque por medio de un juego intenso, en el cual se presionaba alto y cargaba por los extremos, por momentos se consigui\u00f3 descomponer a Cobresal.<br \/>\nFue en esos instantes cuando cayeron las dos exclusivas oportunidades de gol del primer lapso y ambas corrieron por cuenta de Miguel \u00c1ngel Orellana, quien en la primera acci\u00f3n exigi\u00f3 al m\u00e1ximo al portero Leonardo Figueroa con un remate a media altura; mientras que en la segunda desvi\u00f3 de cabeza cuando estaba en buena posici\u00f3n para anotar.<br \/>\nCon el correr de los minutos el visitante fue acomod\u00e1ndose y as\u00ed lleg\u00f3 a controlar completamente a un Un\u00ed que se notaba extraviado y sin respuestas ofensivas como para hacer da\u00f1o.<br \/>\nEn el segundo lapso los de Madrid volvieron a ser intensos desde el arranque, pero a diferencia de la primera etapa, los mineros hicieron pie de forma m\u00e1s r\u00e1pida y se pusieron atrevidos porque por ejemplo se hizo com\u00fan que comenzara a pasar Patricio Jerez o que cada vez fuera m\u00e1s frecuente que Ever Cantero hiciera contacto con el bal\u00f3n.<br \/>\nDesde la banca aconcag\u00fcina se busc\u00f3 darle otro a\u00edre al equipo con el ingreso de Ricardo Gonz\u00e1lez, movida que en cierta forma result\u00f3 adecuada, porque se logr\u00f3 crecer en ofensiva, aunque sin claridad suficiente como para romper el cero. Situaci\u00f3n muy distinta en la vereda del frente, porque Cobresal perfectamente pudo haberse llevado el triunfo si no hubiese sido porque el juez Marcelo Gonz\u00e1lez anul\u00f3 un gol a los forasteros o la intervenci\u00f3n de David Fern\u00e1ndez, quien en el final arriesg\u00f3 su humanidad para desviar al c\u00f3rner un bal\u00f3n que ten\u00eda como destino la red del arco sur.<br \/>\nFinalmente se consum\u00f3 una magra igualdad que dej\u00f3 descontentos a casi todos-menos al t\u00e9cnico y algunos jugadores del Un\u00ed-; a eso hay que sumar altas cuotas de preocupaci\u00f3n, ya que de manera progresiva San Felipe comienza a quedarse pegado en la parte baja del campeonato y con un futuro poco prometedor a ra\u00edz que su pr\u00f3ximo rival de San Marcos de Arica al que deber\u00e1 desafiar en la \u2018Ciudad de la eterna primavera\u2019. En una de esas y por los azares del destino, all\u00e1 a nuestro equipo comienza a aparecerle el sol.<br \/>\nFicha T\u00e9cnica<br \/>\nFecha 7\u00ba<br \/>\nTorneo de Transici\u00f3n Primera B.<br \/>\nEstadio Municipal de San Felipe.<br \/>\n\u00c1rbitro: Marcelo Gonz\u00e1lez.<br \/>\nUni\u00f3n San Felipe (0): Andr\u00e9s Fern\u00e1ndez; David Fern\u00e1ndez, Jes\u00fas Pino, Gonzalo Villegas; Juan Jeraldino (Ricardo Gonz\u00e1lez), Emmanuel Pio, Cristi\u00e1n Collao, Mathias Crocco; Gabriel Moyano (H\u00e9ctor Vega), Miguel Orellana, Claudio Galeano. DT: Hern\u00e1n Madrid.<br \/>\nCobresal (0): Leonardo Figueroa; Patricio Jerez, Diego C\u00e9spedes, Rodolfo Gonz\u00e1lez, Mat\u00edas Rojas; Nelson Sep\u00falveda, Jorge Romo, Jos\u00e9 Luis Cabi\u00f3n, Victo Saravia(Saavedra); Lino Maldonado (Oyaneder), Ever Cantero. DT: Rub\u00e9n Vallejos<br \/>\nGoles: No hubo.<\/p>\n<figure id=\"attachment_81584\" aria-describedby=\"caption-attachment-81584\" style=\"width: 580px\" class=\"wp-caption alignnone\"><img data-recalc-dims=\"1\" loading=\"lazy\" decoding=\"async\" class=\"size-full wp-image-81584\" src=\"https:\/\/i0.wp.com\/www.eltrabajo.cl\/2017\/wp-content\/uploads\/2017\/09\/uni-cobresal.jpg?resize=580%2C348\" alt=\"El delantero Miguel Orellana fue el jugador m\u00e1s peligroso en la ofensiva de Uni\u00f3n San Felipe.\" width=\"580\" height=\"348\" srcset=\"https:\/\/i0.wp.com\/eltrabajo.cl\/portal\/wp-content\/uploads\/2017\/09\/uni-cobresal.jpg?w=580&amp;ssl=1 580w, https:\/\/i0.wp.com\/eltrabajo.cl\/portal\/wp-content\/uploads\/2017\/09\/uni-cobresal.jpg?resize=200%2C120&amp;ssl=1 200w, https:\/\/i0.wp.com\/eltrabajo.cl\/portal\/wp-content\/uploads\/2017\/09\/uni-cobresal.jpg?resize=300%2C180&amp;ssl=1 300w, https:\/\/i0.wp.com\/eltrabajo.cl\/portal\/wp-content\/uploads\/2017\/09\/uni-cobresal.jpg?resize=250%2C150&amp;ssl=1 250w, https:\/\/i0.wp.com\/eltrabajo.cl\/portal\/wp-content\/uploads\/2017\/09\/uni-cobresal.jpg?resize=400%2C240&amp;ssl=1 400w\" sizes=\"auto, (max-width: 580px) 100vw, 580px\" \/><figcaption id=\"caption-attachment-81584\" class=\"wp-caption-text\">El delantero Miguel Orellana fue el jugador m\u00e1s peligroso en la ofensiva de Uni\u00f3n San Felipe.<\/figcaption><\/figure>\n<figure id=\"attachment_81582\" aria-describedby=\"caption-attachment-81582\" style=\"width: 580px\" class=\"wp-caption alignnone\"><img data-recalc-dims=\"1\" loading=\"lazy\" decoding=\"async\" class=\"size-full wp-image-81582\" src=\"https:\/\/i0.wp.com\/www.eltrabajo.cl\/2017\/wp-content\/uploads\/2017\/09\/entrenador.jpg?resize=580%2C348\" alt=\"El t\u00e9cnico Hern\u00e1n Madrid no logra dar con la f\u00f3rmula para que el equipo gane. El viernes debi\u00f3 abandonar entre rechiflas el campo de juego.\" width=\"580\" height=\"348\" srcset=\"https:\/\/i0.wp.com\/eltrabajo.cl\/portal\/wp-content\/uploads\/2017\/09\/entrenador.jpg?w=580&amp;ssl=1 580w, https:\/\/i0.wp.com\/eltrabajo.cl\/portal\/wp-content\/uploads\/2017\/09\/entrenador.jpg?resize=200%2C120&amp;ssl=1 200w, https:\/\/i0.wp.com\/eltrabajo.cl\/portal\/wp-content\/uploads\/2017\/09\/entrenador.jpg?resize=300%2C180&amp;ssl=1 300w, https:\/\/i0.wp.com\/eltrabajo.cl\/portal\/wp-content\/uploads\/2017\/09\/entrenador.jpg?resize=250%2C150&amp;ssl=1 250w, https:\/\/i0.wp.com\/eltrabajo.cl\/portal\/wp-content\/uploads\/2017\/09\/entrenador.jpg?resize=400%2C240&amp;ssl=1 400w\" sizes=\"auto, (max-width: 580px) 100vw, 580px\" \/><figcaption id=\"caption-attachment-81582\" class=\"wp-caption-text\">El t\u00e9cnico Hern\u00e1n Madrid no logra dar con la f\u00f3rmula para que el equipo gane. El viernes debi\u00f3 abandonar entre rechiflas el campo de juego.<\/figcaption><\/figure>\n","protected":false},"excerpt":{"rendered":"<p>En otra p\u00e1lida presentaci\u00f3n, que fue reprobada por su parcialidad, el viernes pasado la escuadra albirroja igual\u00f3 en blanco con Cobresal. Siguiendo con la preocupante tendencia a la \u2018baja\u2019 que en tan&#8230;<\/p>\n","protected":false},"author":1,"featured_media":81584,"comment_status":"open","ping_status":"open","sticky":false,"template":"","format":"standard","meta":{"advanced_seo_description":"","jetpack_seo_html_title":"","jetpack_seo_noindex":false,"_jetpack_memberships_contains_paid_content":false,"footnotes":""},"categories":[19],"tags":[],"class_list":["post-81581","post","type-post","status-publish","format-standard","has-post-thumbnail","hentry","category-deportes"],"jetpack_featured_media_url":"https:\/\/i0.wp.com\/eltrabajo.cl\/portal\/wp-content\/uploads\/2017\/09\/uni-cobresal.jpg?fit=580%2C348&ssl=1","jetpack_sharing_enabled":true,"jetpack_likes_enabled":true,"jetpack-related-posts":[],"_links":{"self":[{"href":"https:\/\/eltrabajo.cl\/portal\/wp-json\/wp\/v2\/posts\/81581","targetHints":{"allow":["GET"]}}],"collection":[{"href":"https:\/\/eltrabajo.cl\/portal\/wp-json\/wp\/v2\/posts"}],"about":[{"href":"https:\/\/eltrabajo.cl\/portal\/wp-json\/wp\/v2\/types\/post"}],"author":[{"embeddable":true,"href":"https:\/\/eltrabajo.cl\/portal\/wp-json\/wp\/v2\/users\/1"}],"replies":[{"embeddable":true,"href":"https:\/\/eltrabajo.cl\/portal\/wp-json\/wp\/v2\/comments?post=81581"}],"version-history":[{"count":0,"href":"https:\/\/eltrabajo.cl\/portal\/wp-json\/wp\/v2\/posts\/81581\/revisions"}],"wp:featuredmedia":[{"embeddable":true,"href":"https:\/\/eltrabajo.cl\/portal\/wp-json\/wp\/v2\/media\/81584"}],"wp:attachment":[{"href":"https:\/\/eltrabajo.cl\/portal\/wp-json\/wp\/v2\/media?parent=81581"}],"wp:term":[{"taxonomy":"category","embeddable":true,"href":"https:\/\/eltrabajo.cl\/portal\/wp-json\/wp\/v2\/categories?post=81581"},{"taxonomy":"post_tag","embeddable":true,"href":"https:\/\/eltrabajo.cl\/portal\/wp-json\/wp\/v2\/tags?post=81581"}],"curies":[{"name":"wp","href":"https:\/\/api.w.org\/{rel}","templated":true}]}}