{"id":81590,"date":"2017-09-11T05:04:21","date_gmt":"2017-09-11T09:04:21","guid":{"rendered":"http:\/\/www.eltrabajo.cl\/2017\/?p=81590"},"modified":"2017-09-11T05:04:21","modified_gmt":"2017-09-11T09:04:21","slug":"un-total-de-33-detenidos-arrojo-ronda-masiva-ejecutada-por-carabineros","status":"publish","type":"post","link":"https:\/\/eltrabajo.cl\/portal\/un-total-de-33-detenidos-arrojo-ronda-masiva-ejecutada-por-carabineros\/","title":{"rendered":"Un total de 33 detenidos arroj\u00f3 ronda masiva ejecutada por Carabineros"},"content":{"rendered":"<figure id=\"attachment_81591\" aria-describedby=\"caption-attachment-81591\" style=\"width: 580px\" class=\"wp-caption alignnone\"><img data-recalc-dims=\"1\" loading=\"lazy\" decoding=\"async\" class=\"size-full wp-image-81591\" src=\"https:\/\/i0.wp.com\/www.eltrabajo.cl\/2017\/wp-content\/uploads\/2017\/09\/DETENIDO-RONDA.jpg?resize=580%2C349\" alt=\"En servicio extraordinario ejecutado por Carabineros durante este viernes y madrugada del s\u00e1bado resultaron 33 personas detenidos por diversos delitos de connotaci\u00f3n. (Foto Referencial).\" width=\"580\" height=\"349\" srcset=\"https:\/\/i0.wp.com\/eltrabajo.cl\/portal\/wp-content\/uploads\/2017\/09\/DETENIDO-RONDA.jpg?w=580&amp;ssl=1 580w, https:\/\/i0.wp.com\/eltrabajo.cl\/portal\/wp-content\/uploads\/2017\/09\/DETENIDO-RONDA.jpg?resize=200%2C120&amp;ssl=1 200w, https:\/\/i0.wp.com\/eltrabajo.cl\/portal\/wp-content\/uploads\/2017\/09\/DETENIDO-RONDA.jpg?resize=300%2C181&amp;ssl=1 300w, https:\/\/i0.wp.com\/eltrabajo.cl\/portal\/wp-content\/uploads\/2017\/09\/DETENIDO-RONDA.jpg?resize=249%2C150&amp;ssl=1 249w, https:\/\/i0.wp.com\/eltrabajo.cl\/portal\/wp-content\/uploads\/2017\/09\/DETENIDO-RONDA.jpg?resize=400%2C241&amp;ssl=1 400w\" sizes=\"auto, (max-width: 580px) 100vw, 580px\" \/><figcaption id=\"caption-attachment-81591\" class=\"wp-caption-text\">En servicio extraordinario ejecutado por Carabineros durante este viernes y madrugada del s\u00e1bado resultaron 33 personas detenidos por diversos delitos de connotaci\u00f3n. (Foto Referencial).<\/figcaption><\/figure>\n<ul>\n<li><strong><span style=\"color: #ff0000;\">En provincias de San Felipe, Los Andes y Petorca:\u00a0<\/span>La polic\u00eda uniformada adem\u00e1s realiz\u00f3 fiscalizaciones vehiculares cursando diversas infracciones, adem\u00e1s de controles de identidad para prevenir delitos y aumentar la sensaci\u00f3n de seguridad ciudadana.<\/strong><\/li>\n<\/ul>\n<p>Servicios extraordinarios realizados por Carabineros durante la jornada de este viernes, arrojaron un total de 33 personas que resultaron detenidas por diversos delitos de connotaci\u00f3n, tales como robo con violencia, lesiones, violencia intrafamiliar, porte de arma blanca, amenazas, entre otras, que forman parte de la estad\u00edstica reportada por la instituci\u00f3n en las provincias de San Felipe, Los Andes y Petorca.<br \/>\nDurante la ronda masiva a cargo del Subprefecto de los Servicios de la Prefectura Aconcagua, Teniente Coronel Paul Oliva Y\u00e1\u00f1ez, el personal de servicio se despleg\u00f3 en distintos puntos de las provincias antes mencionadas, para la focalizaci\u00f3n de los operativos en el contexto de la aplicaci\u00f3n del Plan Nacional de Operaciones que desarrolla Carabineros como estrategia en el eje de persecuci\u00f3n criminal en la zona de Aconcagua.<br \/>\nEn este sentido Carabineros realiz\u00f3 un total de 740 controles de identidad y 1646 fiscalizaciones vehiculares, 43 en locales de venta de alcohol, 55 locales comerciales, 16 entidades bancarias y 2 de seguridad p\u00fablica.<br \/>\nAsimismo se cursaron 99 multas por infracci\u00f3n a la Ley de Tr\u00e1nsito, 2 por infracci\u00f3n a la Ley 20.000, 5 por estado de ebriedad y 9 por otras infracciones, ascendiendo a un total de 115 infracciones seg\u00fan la estad\u00edstica de la polic\u00eda uniformada.<br \/>\n<strong>Pablo Salinas Sald\u00edas<\/strong><\/p>\n","protected":false},"excerpt":{"rendered":"<p>En provincias de San Felipe, Los Andes y Petorca:\u00a0La polic\u00eda uniformada adem\u00e1s realiz\u00f3 fiscalizaciones vehiculares cursando diversas infracciones, adem\u00e1s de controles de identidad para prevenir delitos y aumentar la sensaci\u00f3n de seguridad&#8230;<\/p>\n","protected":false},"author":1,"featured_media":81591,"comment_status":"open","ping_status":"open","sticky":false,"template":"","format":"standard","meta":{"advanced_seo_description":"","jetpack_seo_html_title":"","jetpack_seo_noindex":false,"_jetpack_memberships_contains_paid_content":false,"footnotes":""},"categories":[21],"tags":[],"class_list":["post-81590","post","type-post","status-publish","format-standard","has-post-thumbnail","hentry","category-policial"],"jetpack_featured_media_url":"https:\/\/i0.wp.com\/eltrabajo.cl\/portal\/wp-content\/uploads\/2017\/09\/DETENIDO-RONDA.jpg?fit=580%2C349&ssl=1","jetpack_sharing_enabled":true,"jetpack_likes_enabled":true,"jetpack-related-posts":[],"_links":{"self":[{"href":"https:\/\/eltrabajo.cl\/portal\/wp-json\/wp\/v2\/posts\/81590","targetHints":{"allow":["GET"]}}],"collection":[{"href":"https:\/\/eltrabajo.cl\/portal\/wp-json\/wp\/v2\/posts"}],"about":[{"href":"https:\/\/eltrabajo.cl\/portal\/wp-json\/wp\/v2\/types\/post"}],"author":[{"embeddable":true,"href":"https:\/\/eltrabajo.cl\/portal\/wp-json\/wp\/v2\/users\/1"}],"replies":[{"embeddable":true,"href":"https:\/\/eltrabajo.cl\/portal\/wp-json\/wp\/v2\/comments?post=81590"}],"version-history":[{"count":0,"href":"https:\/\/eltrabajo.cl\/portal\/wp-json\/wp\/v2\/posts\/81590\/revisions"}],"wp:featuredmedia":[{"embeddable":true,"href":"https:\/\/eltrabajo.cl\/portal\/wp-json\/wp\/v2\/media\/81591"}],"wp:attachment":[{"href":"https:\/\/eltrabajo.cl\/portal\/wp-json\/wp\/v2\/media?parent=81590"}],"wp:term":[{"taxonomy":"category","embeddable":true,"href":"https:\/\/eltrabajo.cl\/portal\/wp-json\/wp\/v2\/categories?post=81590"},{"taxonomy":"post_tag","embeddable":true,"href":"https:\/\/eltrabajo.cl\/portal\/wp-json\/wp\/v2\/tags?post=81590"}],"curies":[{"name":"wp","href":"https:\/\/api.w.org\/{rel}","templated":true}]}}