{"id":81610,"date":"2017-09-12T05:03:54","date_gmt":"2017-09-12T09:03:54","guid":{"rendered":"http:\/\/www.eltrabajo.cl\/2017\/?p=81610"},"modified":"2017-09-12T05:03:54","modified_gmt":"2017-09-12T09:03:54","slug":"carabineros-anuncia-riguroso-control-alcotest-en-distintos-puntos-de-la-provincia","status":"publish","type":"post","link":"https:\/\/eltrabajo.cl\/portal\/carabineros-anuncia-riguroso-control-alcotest-en-distintos-puntos-de-la-provincia\/","title":{"rendered":"Carabineros anuncia riguroso control alcotest en distintos puntos de la provincia"},"content":{"rendered":"<figure id=\"attachment_81611\" aria-describedby=\"caption-attachment-81611\" style=\"width: 580px\" class=\"wp-caption alignnone\"><img data-recalc-dims=\"1\" loading=\"lazy\" decoding=\"async\" class=\"size-full wp-image-81611\" src=\"https:\/\/i0.wp.com\/www.eltrabajo.cl\/2017\/wp-content\/uploads\/2017\/09\/capitan-carolina-fernandez-Comisario-subrogante-2aCom-San-Felipe.jpg?resize=580%2C399\" alt=\"Subcomisario de la Segunda Comisar\u00eda de Carabineros de San Felipe, Capit\u00e1n Carolina Fern\u00e1ndez Ponce.\" width=\"580\" height=\"399\" srcset=\"https:\/\/i0.wp.com\/eltrabajo.cl\/portal\/wp-content\/uploads\/2017\/09\/capitan-carolina-fernandez-Comisario-subrogante-2aCom-San-Felipe.jpg?w=580&amp;ssl=1 580w, https:\/\/i0.wp.com\/eltrabajo.cl\/portal\/wp-content\/uploads\/2017\/09\/capitan-carolina-fernandez-Comisario-subrogante-2aCom-San-Felipe.jpg?resize=200%2C138&amp;ssl=1 200w, https:\/\/i0.wp.com\/eltrabajo.cl\/portal\/wp-content\/uploads\/2017\/09\/capitan-carolina-fernandez-Comisario-subrogante-2aCom-San-Felipe.jpg?resize=300%2C206&amp;ssl=1 300w, https:\/\/i0.wp.com\/eltrabajo.cl\/portal\/wp-content\/uploads\/2017\/09\/capitan-carolina-fernandez-Comisario-subrogante-2aCom-San-Felipe.jpg?resize=218%2C150&amp;ssl=1 218w, https:\/\/i0.wp.com\/eltrabajo.cl\/portal\/wp-content\/uploads\/2017\/09\/capitan-carolina-fernandez-Comisario-subrogante-2aCom-San-Felipe.jpg?resize=400%2C275&amp;ssl=1 400w\" sizes=\"auto, (max-width: 580px) 100vw, 580px\" \/><figcaption id=\"caption-attachment-81611\" class=\"wp-caption-text\">Subcomisario de la Segunda Comisar\u00eda de Carabineros de San Felipe, Capit\u00e1n Carolina Fern\u00e1ndez Ponce.<\/figcaption><\/figure>\n<ul>\n<li><span style=\"color: #ff0000;\"><strong>Durante todo el fin de semana de fiestas patrias:<\/strong><\/span><\/li>\n<\/ul>\n<p>Con el objetivo de evitar accidentes de tr\u00e1nsito relacionados con la ingesta de alcohol, la subcomisario de la Segunda Comisar\u00eda de Carabineros de San Felipe, Capit\u00e1n Carolina Fern\u00e1ndez, anunci\u00f3 un intensivo control de tr\u00e1nsito en los accesos a las distintas comunas de la provincia de San Felipe durante todo el largo fin de semana de fiestas patrias.<br \/>\nCon tolerancia cero, las fiscalizaciones vehiculares incluir\u00e1n la prueba respiratoria de consumo de alcohol \u2013alcotest-y, seg\u00fan aclar\u00f3 Fern\u00e1ndez, el objetivo final no es cursar infracciones, sino que limpiar las rutas de conductores irresponsables que pongan en riesgo la seguridad de las personas.<br \/>\n\u201cLa idea de esto es poder prevenir accidentes de tr\u00e1nsito, que la gente pueda transitar con mayor seguridad por las v\u00edas, para lo cual se deben tomar ciertas medidas que siempre reiteramos cuando hay fines de semana largos o festividades; en este caso, con el consumo de alcohol, donde los conductores deben prever c\u00f3mo ellos van a conducir sin beber alcohol, o si van a consumir bebidas alcoh\u00f3licas, entregar las llaves a un conductor designado\u201d, apunt\u00f3.<br \/>\nRespecto del funcionamiento de fondas y fiestas particulares autorizadas para este fin de semana y los procedimientos que se llevar\u00e1n a efecto en cada uno de estos eventos, la capit\u00e1n de Carabineros a\u00f1adi\u00f3 que \u201chasta el momento tenemos programados ciertos servicios preventivos, donde vamos a vigilar que la gente pueda disfrutar de manera tranquila\u201d, sostuvo la uniformada.<br \/>\nEn ese sentido, como es de costumbre, el llamado de la autoridad policial es a recordar que el consumo de alcohol con la conducci\u00f3n no es compatible, y que los peatones tambi\u00e9n deben desplazarse por las calles en estado de temperancia.<br \/>\n\u201cEfectivamente ser\u00e1 un feriado muy largo, donde van a haber muchos d\u00edas para poder celebrar, por lo tanto, en la Provincia de San Felipe se van a desplegar distintos servicios que tienen que ver con la fiscalizaci\u00f3n de la ingesta de bebidas alcoh\u00f3licas por parte de conductores y controles preventivos en los principales accesos a las distintas comunas de la provincia\u201d, concluy\u00f3 la polic\u00eda.<\/p>\n<p><img data-recalc-dims=\"1\" loading=\"lazy\" decoding=\"async\" class=\"alignnone size-full wp-image-81612\" src=\"https:\/\/i0.wp.com\/www.eltrabajo.cl\/2017\/wp-content\/uploads\/2017\/09\/ley-emilia.jpg?resize=640%2C288\" alt=\"\" width=\"640\" height=\"288\" srcset=\"https:\/\/i0.wp.com\/eltrabajo.cl\/portal\/wp-content\/uploads\/2017\/09\/ley-emilia.jpg?w=1024&amp;ssl=1 1024w, https:\/\/i0.wp.com\/eltrabajo.cl\/portal\/wp-content\/uploads\/2017\/09\/ley-emilia.jpg?resize=200%2C90&amp;ssl=1 200w, https:\/\/i0.wp.com\/eltrabajo.cl\/portal\/wp-content\/uploads\/2017\/09\/ley-emilia.jpg?resize=300%2C135&amp;ssl=1 300w, https:\/\/i0.wp.com\/eltrabajo.cl\/portal\/wp-content\/uploads\/2017\/09\/ley-emilia.jpg?resize=768%2C346&amp;ssl=1 768w, https:\/\/i0.wp.com\/eltrabajo.cl\/portal\/wp-content\/uploads\/2017\/09\/ley-emilia.jpg?resize=400%2C180&amp;ssl=1 400w\" sizes=\"auto, (max-width: 640px) 100vw, 640px\" \/><\/p>\n","protected":false},"excerpt":{"rendered":"<p>Durante todo el fin de semana de fiestas patrias: Con el objetivo de evitar accidentes de tr\u00e1nsito relacionados con la ingesta de alcohol, la subcomisario de la Segunda Comisar\u00eda de Carabineros de&#8230;<\/p>\n","protected":false},"author":1,"featured_media":81612,"comment_status":"open","ping_status":"open","sticky":false,"template":"","format":"standard","meta":{"advanced_seo_description":"","jetpack_seo_html_title":"","jetpack_seo_noindex":false,"_jetpack_memberships_contains_paid_content":false,"footnotes":""},"categories":[1],"tags":[],"class_list":["post-81610","post","type-post","status-publish","format-standard","has-post-thumbnail","hentry","category-cronica"],"jetpack_featured_media_url":"https:\/\/i0.wp.com\/eltrabajo.cl\/portal\/wp-content\/uploads\/2017\/09\/ley-emilia.jpg?fit=1024%2C461&ssl=1","jetpack_sharing_enabled":true,"jetpack_likes_enabled":true,"jetpack-related-posts":[],"_links":{"self":[{"href":"https:\/\/eltrabajo.cl\/portal\/wp-json\/wp\/v2\/posts\/81610","targetHints":{"allow":["GET"]}}],"collection":[{"href":"https:\/\/eltrabajo.cl\/portal\/wp-json\/wp\/v2\/posts"}],"about":[{"href":"https:\/\/eltrabajo.cl\/portal\/wp-json\/wp\/v2\/types\/post"}],"author":[{"embeddable":true,"href":"https:\/\/eltrabajo.cl\/portal\/wp-json\/wp\/v2\/users\/1"}],"replies":[{"embeddable":true,"href":"https:\/\/eltrabajo.cl\/portal\/wp-json\/wp\/v2\/comments?post=81610"}],"version-history":[{"count":0,"href":"https:\/\/eltrabajo.cl\/portal\/wp-json\/wp\/v2\/posts\/81610\/revisions"}],"wp:featuredmedia":[{"embeddable":true,"href":"https:\/\/eltrabajo.cl\/portal\/wp-json\/wp\/v2\/media\/81612"}],"wp:attachment":[{"href":"https:\/\/eltrabajo.cl\/portal\/wp-json\/wp\/v2\/media?parent=81610"}],"wp:term":[{"taxonomy":"category","embeddable":true,"href":"https:\/\/eltrabajo.cl\/portal\/wp-json\/wp\/v2\/categories?post=81610"},{"taxonomy":"post_tag","embeddable":true,"href":"https:\/\/eltrabajo.cl\/portal\/wp-json\/wp\/v2\/tags?post=81610"}],"curies":[{"name":"wp","href":"https:\/\/api.w.org\/{rel}","templated":true}]}}