{"id":81614,"date":"2017-09-12T05:04:09","date_gmt":"2017-09-12T09:04:09","guid":{"rendered":"http:\/\/www.eltrabajo.cl\/2017\/?p=81614"},"modified":"2017-09-12T05:04:09","modified_gmt":"2017-09-12T09:04:09","slug":"con-pistola-intimidan-a-menor-de-edad-para-robarle-su-telefono-celular","status":"publish","type":"post","link":"https:\/\/eltrabajo.cl\/portal\/con-pistola-intimidan-a-menor-de-edad-para-robarle-su-telefono-celular\/","title":{"rendered":"Con pistola intimidan a menor de edad para robarle su tel\u00e9fono celular"},"content":{"rendered":"<figure id=\"attachment_81615\" aria-describedby=\"caption-attachment-81615\" style=\"width: 580px\" class=\"wp-caption alignnone\"><img data-recalc-dims=\"1\" loading=\"lazy\" decoding=\"async\" class=\"size-full wp-image-81615\" src=\"https:\/\/i0.wp.com\/www.eltrabajo.cl\/2017\/wp-content\/uploads\/2017\/09\/CARLOS-ESPINOZA-GALDAMEZ-CAMELLO.jpg?resize=580%2C398\" alt=\"El delincuente Carlos Espinoza Galdamez, alias \u2018El Camello\u2019, fue detenido por Carabineros, quedando en prisi\u00f3n preventiva tras ser formalizado en Tribunales. (Foto Archivo).\" width=\"580\" height=\"398\" srcset=\"https:\/\/i0.wp.com\/eltrabajo.cl\/portal\/wp-content\/uploads\/2017\/09\/CARLOS-ESPINOZA-GALDAMEZ-CAMELLO.jpg?w=580&amp;ssl=1 580w, https:\/\/i0.wp.com\/eltrabajo.cl\/portal\/wp-content\/uploads\/2017\/09\/CARLOS-ESPINOZA-GALDAMEZ-CAMELLO.jpg?resize=200%2C137&amp;ssl=1 200w, https:\/\/i0.wp.com\/eltrabajo.cl\/portal\/wp-content\/uploads\/2017\/09\/CARLOS-ESPINOZA-GALDAMEZ-CAMELLO.jpg?resize=300%2C206&amp;ssl=1 300w, https:\/\/i0.wp.com\/eltrabajo.cl\/portal\/wp-content\/uploads\/2017\/09\/CARLOS-ESPINOZA-GALDAMEZ-CAMELLO.jpg?resize=219%2C150&amp;ssl=1 219w, https:\/\/i0.wp.com\/eltrabajo.cl\/portal\/wp-content\/uploads\/2017\/09\/CARLOS-ESPINOZA-GALDAMEZ-CAMELLO.jpg?resize=400%2C274&amp;ssl=1 400w\" sizes=\"auto, (max-width: 580px) 100vw, 580px\" \/><figcaption id=\"caption-attachment-81615\" class=\"wp-caption-text\">El delincuente Carlos Espinoza Galdamez, alias \u2018El Camello\u2019, fue detenido por Carabineros, quedando en prisi\u00f3n preventiva tras ser formalizado en Tribunales. (Foto Archivo).<\/figcaption><\/figure>\n<ul>\n<li><strong><span style=\"color: #ff0000;\">\u2018El Camello\u2019 qued\u00f3 en prisi\u00f3n preventiva:<\/span>\u00a0El adolescente revel\u00f3 que el delincuente lo apunt\u00f3 con una pistola en su cabeza, oblig\u00e1ndolo a hacer entrega de sus pertenencias. Minutos m\u00e1s tarde Carabineros logr\u00f3 su captura en las inmediaciones de la Villa Los \u00c1lamos de San Felipe.<\/strong><\/li>\n<\/ul>\n<p>En cuesti\u00f3n de segundos un antisocial logr\u00f3 apoderarse de un tel\u00e9fono celular luego de haber asaltado a un menor de 16 a\u00f1os de edad, a quien enca\u00f1on\u00f3 con un arma de fuego para obligarlo a hacer entrega de la especie mientras circulaba por calle Hugo Parry esquina avenida Sargento Aldea, perteneciente a la Villa Los \u00c1lamos de San Felipe.<br \/>\nEl delito se habr\u00eda producido alrededor de las 22:30 horas de este s\u00e1bado, en circunstancias que la v\u00edctima transitaba por dicha intersecci\u00f3n en direcci\u00f3n a su domicilio, luego de haber dejado a su polola en su casa, instante en que el delincuente lo abord\u00f3, intimid\u00e1ndolo con una pistola, apunt\u00e1ndolo directo en su cabeza.<br \/>\nEl adolescente, consternado por la situaci\u00f3n, fue obligado a despojarse de sus pertenencias que le ped\u00eda el delincuente, haci\u00e9ndole entrega de su tel\u00e9fono celular marca Samsung avaluado en $120.000.<br \/>\nEl antisocial, al obtener el m\u00f3vil, oblig\u00f3 a la v\u00edctima a retirarse del lugar, amenazando disparar el arma que manten\u00eda entre sus manos. Posteriormente la madre del menor efectu\u00f3 la denuncia ante Carabineros, efectu\u00e1ndose las diligencias del caso en b\u00fasqueda del antisocial, quien minutos m\u00e1s tarde fue individualizado y reconocido por el afectado como el autor del hecho, como tambi\u00e9n la recuperaci\u00f3n del tel\u00e9fono sustra\u00eddo.<br \/>\nEl delincuente fue identificado como Carlos Ra\u00fal Espinoza Galdamez, de 35 a\u00f1os de edad, apodado \u2018El Camello\u2019, quien cuenta con antecedentes por delitos de robo en lugar habitado, robo en lugar no habitado y violaci\u00f3n de morada.<br \/>\nSu detenci\u00f3n fue controlada en el Juzgado de Garant\u00eda de San Felipe, siendo formalizado por la Fiscal\u00eda por el delito de robo con intimidaci\u00f3n. El Ministerio P\u00fablico requiri\u00f3 ante el Juez de Garant\u00eda la m\u00e1xima cautelar de prisi\u00f3n preventiva, por representar un serio peligro para la seguridad de la v\u00edctima y el resto de la sociedad.<br \/>\nEste Tribunal accedi\u00f3 a dicha cautelar, ordenando el ingreso del imputado hasta el Centro de Cumplimiento Penitenciario de San Felipe mientras dure la investigaci\u00f3n del caso, hasta llegar a juicio oral.<br \/>\n<strong>Pablo Salinas Sald\u00edas<\/strong><\/p>\n","protected":false},"excerpt":{"rendered":"<p>\u2018El Camello\u2019 qued\u00f3 en prisi\u00f3n preventiva:\u00a0El adolescente revel\u00f3 que el delincuente lo apunt\u00f3 con una pistola en su cabeza, oblig\u00e1ndolo a hacer entrega de sus pertenencias. Minutos m\u00e1s tarde Carabineros logr\u00f3 su&#8230;<\/p>\n","protected":false},"author":1,"featured_media":81615,"comment_status":"open","ping_status":"open","sticky":false,"template":"","format":"standard","meta":{"advanced_seo_description":"","jetpack_seo_html_title":"","jetpack_seo_noindex":false,"_jetpack_memberships_contains_paid_content":false,"footnotes":""},"categories":[21],"tags":[],"class_list":["post-81614","post","type-post","status-publish","format-standard","has-post-thumbnail","hentry","category-policial"],"jetpack_featured_media_url":"https:\/\/i0.wp.com\/eltrabajo.cl\/portal\/wp-content\/uploads\/2017\/09\/CARLOS-ESPINOZA-GALDAMEZ-CAMELLO.jpg?fit=580%2C398&ssl=1","jetpack_sharing_enabled":true,"jetpack_likes_enabled":true,"jetpack-related-posts":[],"_links":{"self":[{"href":"https:\/\/eltrabajo.cl\/portal\/wp-json\/wp\/v2\/posts\/81614","targetHints":{"allow":["GET"]}}],"collection":[{"href":"https:\/\/eltrabajo.cl\/portal\/wp-json\/wp\/v2\/posts"}],"about":[{"href":"https:\/\/eltrabajo.cl\/portal\/wp-json\/wp\/v2\/types\/post"}],"author":[{"embeddable":true,"href":"https:\/\/eltrabajo.cl\/portal\/wp-json\/wp\/v2\/users\/1"}],"replies":[{"embeddable":true,"href":"https:\/\/eltrabajo.cl\/portal\/wp-json\/wp\/v2\/comments?post=81614"}],"version-history":[{"count":0,"href":"https:\/\/eltrabajo.cl\/portal\/wp-json\/wp\/v2\/posts\/81614\/revisions"}],"wp:featuredmedia":[{"embeddable":true,"href":"https:\/\/eltrabajo.cl\/portal\/wp-json\/wp\/v2\/media\/81615"}],"wp:attachment":[{"href":"https:\/\/eltrabajo.cl\/portal\/wp-json\/wp\/v2\/media?parent=81614"}],"wp:term":[{"taxonomy":"category","embeddable":true,"href":"https:\/\/eltrabajo.cl\/portal\/wp-json\/wp\/v2\/categories?post=81614"},{"taxonomy":"post_tag","embeddable":true,"href":"https:\/\/eltrabajo.cl\/portal\/wp-json\/wp\/v2\/tags?post=81614"}],"curies":[{"name":"wp","href":"https:\/\/api.w.org\/{rel}","templated":true}]}}