{"id":81623,"date":"2017-09-12T05:06:54","date_gmt":"2017-09-12T09:06:54","guid":{"rendered":"http:\/\/www.eltrabajo.cl\/2017\/?p=81623"},"modified":"2017-09-12T05:06:54","modified_gmt":"2017-09-12T09:06:54","slug":"autopsia-sera-clave-para-saber-causa-de-muerte-de-joven-haitiana-de-20-anos","status":"publish","type":"post","link":"https:\/\/eltrabajo.cl\/portal\/autopsia-sera-clave-para-saber-causa-de-muerte-de-joven-haitiana-de-20-anos\/","title":{"rendered":"Autopsia ser\u00e1 clave para saber causa de muerte de joven haitiana de 20 a\u00f1os"},"content":{"rendered":"<figure id=\"attachment_81624\" aria-describedby=\"caption-attachment-81624\" style=\"width: 580px\" class=\"wp-caption alignnone\"><img data-recalc-dims=\"1\" loading=\"lazy\" decoding=\"async\" class=\"size-full wp-image-81624\" src=\"https:\/\/i0.wp.com\/www.eltrabajo.cl\/2017\/wp-content\/uploads\/2017\/09\/Voluntaria.jpg?resize=580%2C400\" alt=\"La joven Marie Jessika Elisse, de 20 a\u00f1os, llevaba tan solo un mes en el pa\u00eds, siendo parte de la comunidad de inmigrantes haitianos, con domicilio en la Villa Juan Pablo Segundo. (Foto referencial).\" width=\"580\" height=\"400\" srcset=\"https:\/\/i0.wp.com\/eltrabajo.cl\/portal\/wp-content\/uploads\/2017\/09\/Voluntaria.jpg?w=580&amp;ssl=1 580w, https:\/\/i0.wp.com\/eltrabajo.cl\/portal\/wp-content\/uploads\/2017\/09\/Voluntaria.jpg?resize=200%2C138&amp;ssl=1 200w, https:\/\/i0.wp.com\/eltrabajo.cl\/portal\/wp-content\/uploads\/2017\/09\/Voluntaria.jpg?resize=300%2C207&amp;ssl=1 300w, https:\/\/i0.wp.com\/eltrabajo.cl\/portal\/wp-content\/uploads\/2017\/09\/Voluntaria.jpg?resize=218%2C150&amp;ssl=1 218w, https:\/\/i0.wp.com\/eltrabajo.cl\/portal\/wp-content\/uploads\/2017\/09\/Voluntaria.jpg?resize=400%2C276&amp;ssl=1 400w\" sizes=\"auto, (max-width: 580px) 100vw, 580px\" \/><figcaption id=\"caption-attachment-81624\" class=\"wp-caption-text\">La joven Marie Jessika Elisse, de 20 a\u00f1os, llevaba tan solo un mes en el pa\u00eds, siendo parte de la comunidad de inmigrantes haitianos, con domicilio en la Villa Juan Pablo Segundo. (Foto referencial).<\/figcaption><\/figure>\n<ul>\n<li><span style=\"color: #ff0000;\"><strong>Inmigrante ven\u00eda enferma de su pa\u00eds:<\/strong><\/span><\/li>\n<\/ul>\n<p>Este viernes una ciudadana haitiana de 20 a\u00f1os de edad, muri\u00f3 por causas que est\u00e1n siendo investigadas por la PDI, descartando eso s\u00ed la participaci\u00f3n de terceras personas. El hecho se produjo en la Villa Juan Pablo Segundo de San Felipe, donde la joven resid\u00eda junto a otros dos connacionales.<br \/>\nAs\u00ed lo confirm\u00f3 el Jefe de la BH de la PDI, Gino Guti\u00e9rrez, quien agreg\u00f3 que se adopt\u00f3 el procedimiento de rigor por la muerte de esta mujer que se encontraba en el pa\u00eds: \u201cSe efectuaron las diligencias del caso, no se establece participaci\u00f3n de terceras personas, aparentemente obedecer\u00eda a alguna patolog\u00eda, no obstante estamos a la espera de la necropsia y al resultado de esta misma\u201d, dijo.<br \/>\nLa joven fallecida, identificada como Marie Jessika Elisse, ten\u00eda solo 20 a\u00f1os de edad, y al momento de su deceso llevaba un mes en nuestro pa\u00eds.<br \/>\nEl Comisario Guti\u00e9rrez dijo que la mujer presentaba problemas de salud que tra\u00eda de Hait\u00ed. Conforme a los antecedentes que lograron recabar, hab\u00eda evidenciado inconvenientes en el \u00faltimo tiempo, dos d\u00edas, no acudiendo a ning\u00fan servicio de urgencias: \u201cEl d\u00eda del deceso los connacionales que habitaban con ella cuentan a la propietaria del inmueble del estado de salud, se arbitran las medidas para que acuda personal del SAMU, quienes llegan r\u00e1pidamente, efect\u00faan las diligencias pertinentes propias a sus labores y lamentablemente, pese a los esfuerzos de ellos, la mujer fallece\u201d, dice Guti\u00e9rrez.<br \/>\n<strong>&#8211; \u00bfQu\u00e9 hay de cierto sobre un grado de desnutrici\u00f3n de la mujer fallecida?<\/strong><br \/>\n&#8211; Desnutrici\u00f3n, no necesariamente, eso en todo caso, independiente de la estructura f\u00edsica, tiene que ser visto por otro tipo de ex\u00e1menes que obviamente en el sitio del suceso no se van a efectuar, pero no tenemos antecedentes respecto a eso.<br \/>\n<strong>&#8211; Es decir el informe del SML va a ser trascendental para saber las causas de la muerte.<\/strong><br \/>\n&#8211; S\u00ed, efectivamente con base en los ex\u00e1menes histopatol\u00f3gicos y los dem\u00e1s antecedentes que recabe el SML, tenemos el temor que la historia cl\u00ednica de la mujer no va a estar a disposici\u00f3n, entonces el trabajo del SML es primordial.<\/p>\n","protected":false},"excerpt":{"rendered":"<p>Inmigrante ven\u00eda enferma de su pa\u00eds: Este viernes una ciudadana haitiana de 20 a\u00f1os de edad, muri\u00f3 por causas que est\u00e1n siendo investigadas por la PDI, descartando eso s\u00ed la participaci\u00f3n de&#8230;<\/p>\n","protected":false},"author":1,"featured_media":81624,"comment_status":"open","ping_status":"open","sticky":false,"template":"","format":"standard","meta":{"advanced_seo_description":"","jetpack_seo_html_title":"","jetpack_seo_noindex":false,"_jetpack_memberships_contains_paid_content":false,"footnotes":""},"categories":[15],"tags":[],"class_list":["post-81623","post","type-post","status-publish","format-standard","has-post-thumbnail","hentry","category-comunidad"],"jetpack_featured_media_url":"https:\/\/i0.wp.com\/eltrabajo.cl\/portal\/wp-content\/uploads\/2017\/09\/Voluntaria.jpg?fit=580%2C400&ssl=1","jetpack_sharing_enabled":true,"jetpack_likes_enabled":true,"jetpack-related-posts":[],"_links":{"self":[{"href":"https:\/\/eltrabajo.cl\/portal\/wp-json\/wp\/v2\/posts\/81623","targetHints":{"allow":["GET"]}}],"collection":[{"href":"https:\/\/eltrabajo.cl\/portal\/wp-json\/wp\/v2\/posts"}],"about":[{"href":"https:\/\/eltrabajo.cl\/portal\/wp-json\/wp\/v2\/types\/post"}],"author":[{"embeddable":true,"href":"https:\/\/eltrabajo.cl\/portal\/wp-json\/wp\/v2\/users\/1"}],"replies":[{"embeddable":true,"href":"https:\/\/eltrabajo.cl\/portal\/wp-json\/wp\/v2\/comments?post=81623"}],"version-history":[{"count":0,"href":"https:\/\/eltrabajo.cl\/portal\/wp-json\/wp\/v2\/posts\/81623\/revisions"}],"wp:featuredmedia":[{"embeddable":true,"href":"https:\/\/eltrabajo.cl\/portal\/wp-json\/wp\/v2\/media\/81624"}],"wp:attachment":[{"href":"https:\/\/eltrabajo.cl\/portal\/wp-json\/wp\/v2\/media?parent=81623"}],"wp:term":[{"taxonomy":"category","embeddable":true,"href":"https:\/\/eltrabajo.cl\/portal\/wp-json\/wp\/v2\/categories?post=81623"},{"taxonomy":"post_tag","embeddable":true,"href":"https:\/\/eltrabajo.cl\/portal\/wp-json\/wp\/v2\/tags?post=81623"}],"curies":[{"name":"wp","href":"https:\/\/api.w.org\/{rel}","templated":true}]}}