{"id":81640,"date":"2017-09-13T05:03:43","date_gmt":"2017-09-13T09:03:43","guid":{"rendered":"http:\/\/www.eltrabajo.cl\/2017\/?p=81640"},"modified":"2017-09-13T05:03:43","modified_gmt":"2017-09-13T09:03:43","slug":"con-cuchilla-intimido-a-guardia-para-robar-productos-de-supermercado","status":"publish","type":"post","link":"https:\/\/eltrabajo.cl\/portal\/con-cuchilla-intimido-a-guardia-para-robar-productos-de-supermercado\/","title":{"rendered":"Con cuchilla intimid\u00f3 a guardia para robar productos de supermercado"},"content":{"rendered":"<figure id=\"attachment_81641\" aria-describedby=\"caption-attachment-81641\" style=\"width: 580px\" class=\"wp-caption alignnone\"><img data-recalc-dims=\"1\" loading=\"lazy\" decoding=\"async\" class=\"size-full wp-image-81641\" src=\"https:\/\/i0.wp.com\/www.eltrabajo.cl\/2017\/wp-content\/uploads\/2017\/09\/CARLOS-PATRICIO-MARTINEZ-VILLALON-2.jpg?resize=580%2C399\" alt=\"Carlos Patricio Mart\u00ednez Villal\u00f3n, tras ser detenido por Carabineros de la Subcomisar\u00eda de Llay Llay, fue dejado en prisi\u00f3n preventiva por el delito de robo con intimidaci\u00f3n.\" width=\"580\" height=\"399\" srcset=\"https:\/\/i0.wp.com\/eltrabajo.cl\/portal\/wp-content\/uploads\/2017\/09\/CARLOS-PATRICIO-MARTINEZ-VILLALON-2.jpg?w=580&amp;ssl=1 580w, https:\/\/i0.wp.com\/eltrabajo.cl\/portal\/wp-content\/uploads\/2017\/09\/CARLOS-PATRICIO-MARTINEZ-VILLALON-2.jpg?resize=200%2C138&amp;ssl=1 200w, https:\/\/i0.wp.com\/eltrabajo.cl\/portal\/wp-content\/uploads\/2017\/09\/CARLOS-PATRICIO-MARTINEZ-VILLALON-2.jpg?resize=300%2C206&amp;ssl=1 300w, https:\/\/i0.wp.com\/eltrabajo.cl\/portal\/wp-content\/uploads\/2017\/09\/CARLOS-PATRICIO-MARTINEZ-VILLALON-2.jpg?resize=218%2C150&amp;ssl=1 218w, https:\/\/i0.wp.com\/eltrabajo.cl\/portal\/wp-content\/uploads\/2017\/09\/CARLOS-PATRICIO-MARTINEZ-VILLALON-2.jpg?resize=400%2C275&amp;ssl=1 400w\" sizes=\"auto, (max-width: 580px) 100vw, 580px\" \/><figcaption id=\"caption-attachment-81641\" class=\"wp-caption-text\">Carlos Patricio Mart\u00ednez Villal\u00f3n, tras ser detenido por Carabineros de la Subcomisar\u00eda de Llay Llay, fue dejado en prisi\u00f3n preventiva por el delito de robo con intimidaci\u00f3n.<\/figcaption><\/figure>\n<ul>\n<li><strong><span style=\"color: #ff0000;\">Antisocial fue formalizado en Tribunales quedando tras las rejas:\u00a0<\/span>Carabineros de la Subcomisar\u00eda de Llay Llay captur\u00f3 al agresivo sujeto que enfrent\u00f3 al trabajador cuando intent\u00f3 retenerlo para evitar el robo de mercader\u00edas del supermercado Unimarc de esa localidad.<\/strong><\/li>\n<\/ul>\n<p>La cautelar de prisi\u00f3n preventiva fue la orden dictada por el Tribunal de Garant\u00eda de San Felipe, en contra de un antisocial que fue reducido por Carabineros, luego de haber intentado agredir con un cuchillo a un guardia de seguridad del Supermercado Unimarc de la comuna de Llay Llay, logrando escapar hasta la v\u00eda p\u00fablica, llev\u00e1ndose consigo una cantidad de productos sin cancelar su valor hasta ser detenido por los funcionarios policiales.<br \/>\nDe acuerdo a los antecedentes del caso, el sujeto ingres\u00f3 hasta dicho establecimiento comercial ubicado en la avenida Jos\u00e9 Manuel Balmaceda 307 de esa localidad, sustrayendo productos para luego dirigirse hasta las cajas registradoras sin cancelar su valor, siendo sorprendido por el guardia de seguridad que intent\u00f3 retener al delincuente para evitar el hurto, sin embargo el antisocial extrajo desde sus vestimentas un cuchillo amenazando herir al trabajador.<br \/>\nLa tensa situaci\u00f3n observada por los clientes que se encontraban dentro del recinto, origin\u00f3 consternaci\u00f3n al advertir que el delincuente, con inusitada agresividad, intimidaba al guardia con el arma blanca. No obstante personal de Carabineros, tras recibir el llamado de auxilio, concurri\u00f3 en minutos hasta el local, logrando reducir al sujeto en los momentos que se prestaba a salir del recinto, siendo capturado portando los productos de propiedad del supermercado, como tambi\u00e9n el cuchillo utilizado para cometer el delito de robo con intimidaci\u00f3n.<br \/>\nEl imputado fue identificado como Carlos Patricio Mart\u00ednez Villal\u00f3n, de 39 a\u00f1os de edad, quien cuenta con antecedentes delictuales por delitos de amenazas simples, conducci\u00f3n en estado de ebriedad, lesiones graves y maltrato de obra a Carabineros de servicio, siendo trasladado hasta el Juzgado de Garant\u00eda de San Felipe para ser formalizado por la Fiscal\u00eda.<br \/>\nPor representar un serio peligro para la seguridad de la v\u00edctima y el resto de la sociedad, el Ministerio P\u00fablico requiri\u00f3 ante el Juez de Garant\u00eda la necesidad de cautela contra el acusado, solicitando la prisi\u00f3n preventiva mientras se investiga el caso. El Tribunal accedi\u00f3 a esta solicitud de la Fiscal\u00eda, ordenando el ingreso del imputado al Centro de Cumplimiento Penitenciario de San Felipe.<br \/>\n<strong>Pablo Salinas Sald\u00edas<\/strong><\/p>\n","protected":false},"excerpt":{"rendered":"<p>Antisocial fue formalizado en Tribunales quedando tras las rejas:\u00a0Carabineros de la Subcomisar\u00eda de Llay Llay captur\u00f3 al agresivo sujeto que enfrent\u00f3 al trabajador cuando intent\u00f3 retenerlo para evitar el robo de mercader\u00edas&#8230;<\/p>\n","protected":false},"author":1,"featured_media":81641,"comment_status":"open","ping_status":"open","sticky":false,"template":"","format":"standard","meta":{"advanced_seo_description":"","jetpack_seo_html_title":"","jetpack_seo_noindex":false,"_jetpack_memberships_contains_paid_content":false,"footnotes":""},"categories":[21],"tags":[],"class_list":["post-81640","post","type-post","status-publish","format-standard","has-post-thumbnail","hentry","category-policial"],"jetpack_featured_media_url":"https:\/\/i0.wp.com\/eltrabajo.cl\/portal\/wp-content\/uploads\/2017\/09\/CARLOS-PATRICIO-MARTINEZ-VILLALON-2.jpg?fit=580%2C399&ssl=1","jetpack_sharing_enabled":true,"jetpack_likes_enabled":true,"jetpack-related-posts":[],"_links":{"self":[{"href":"https:\/\/eltrabajo.cl\/portal\/wp-json\/wp\/v2\/posts\/81640","targetHints":{"allow":["GET"]}}],"collection":[{"href":"https:\/\/eltrabajo.cl\/portal\/wp-json\/wp\/v2\/posts"}],"about":[{"href":"https:\/\/eltrabajo.cl\/portal\/wp-json\/wp\/v2\/types\/post"}],"author":[{"embeddable":true,"href":"https:\/\/eltrabajo.cl\/portal\/wp-json\/wp\/v2\/users\/1"}],"replies":[{"embeddable":true,"href":"https:\/\/eltrabajo.cl\/portal\/wp-json\/wp\/v2\/comments?post=81640"}],"version-history":[{"count":0,"href":"https:\/\/eltrabajo.cl\/portal\/wp-json\/wp\/v2\/posts\/81640\/revisions"}],"wp:featuredmedia":[{"embeddable":true,"href":"https:\/\/eltrabajo.cl\/portal\/wp-json\/wp\/v2\/media\/81641"}],"wp:attachment":[{"href":"https:\/\/eltrabajo.cl\/portal\/wp-json\/wp\/v2\/media?parent=81640"}],"wp:term":[{"taxonomy":"category","embeddable":true,"href":"https:\/\/eltrabajo.cl\/portal\/wp-json\/wp\/v2\/categories?post=81640"},{"taxonomy":"post_tag","embeddable":true,"href":"https:\/\/eltrabajo.cl\/portal\/wp-json\/wp\/v2\/tags?post=81640"}],"curies":[{"name":"wp","href":"https:\/\/api.w.org\/{rel}","templated":true}]}}