{"id":81643,"date":"2017-09-13T05:04:55","date_gmt":"2017-09-13T09:04:55","guid":{"rendered":"http:\/\/www.eltrabajo.cl\/2017\/?p=81643"},"modified":"2017-09-13T05:04:55","modified_gmt":"2017-09-13T09:04:55","slug":"la-princesa-orolonco-lloro-nuevamente-en-el-museo-buen-pastor","status":"publish","type":"post","link":"https:\/\/eltrabajo.cl\/portal\/la-princesa-orolonco-lloro-nuevamente-en-el-museo-buen-pastor\/","title":{"rendered":"La Princesa Orolonco llor\u00f3 nuevamente en el Museo Buen Pastor"},"content":{"rendered":"<figure id=\"attachment_81645\" aria-describedby=\"caption-attachment-81645\" style=\"width: 580px\" class=\"wp-caption alignnone\"><img data-recalc-dims=\"1\" loading=\"lazy\" decoding=\"async\" class=\"size-full wp-image-81645\" src=\"https:\/\/i0.wp.com\/www.eltrabajo.cl\/2017\/wp-content\/uploads\/2017\/09\/Teatro1.jpg?resize=580%2C400\" alt=\"ACTORES LOCALES.- Ellos son los actores infantiles y juveniles del Taller de Teatro de la Escuela Jos\u00e9 Bernardo Su\u00e1rez, de El Asiento.\" width=\"580\" height=\"400\" srcset=\"https:\/\/i0.wp.com\/eltrabajo.cl\/portal\/wp-content\/uploads\/2017\/09\/Teatro1.jpg?w=580&amp;ssl=1 580w, https:\/\/i0.wp.com\/eltrabajo.cl\/portal\/wp-content\/uploads\/2017\/09\/Teatro1.jpg?resize=200%2C138&amp;ssl=1 200w, https:\/\/i0.wp.com\/eltrabajo.cl\/portal\/wp-content\/uploads\/2017\/09\/Teatro1.jpg?resize=300%2C207&amp;ssl=1 300w, https:\/\/i0.wp.com\/eltrabajo.cl\/portal\/wp-content\/uploads\/2017\/09\/Teatro1.jpg?resize=218%2C150&amp;ssl=1 218w, https:\/\/i0.wp.com\/eltrabajo.cl\/portal\/wp-content\/uploads\/2017\/09\/Teatro1.jpg?resize=400%2C276&amp;ssl=1 400w\" sizes=\"auto, (max-width: 580px) 100vw, 580px\" \/><figcaption id=\"caption-attachment-81645\" class=\"wp-caption-text\">ACTORES LOCALES.- Ellos son los actores infantiles y juveniles del Taller de Teatro de la Escuela Jos\u00e9 Bernardo Su\u00e1rez, de El Asiento.<\/figcaption><\/figure>\n<ul>\n<li><span style=\"color: #ff0000;\"><strong>Teatro escolar para celebrar el Mes de la Patria:<\/strong><\/span><\/li>\n<\/ul>\n<p>Fue durante la ma\u00f1ana de ayer martes cuando se realiz\u00f3 un montaje teatral desarrollado por los integrantes del Taller de Teatro de la escuela de El Asiento. Esta actividad fue un peque\u00f1o extracto del Romancero heroico de Aconcagua, del escritor Carlos Ruiz Zald\u00edvar.<br \/>\nGabriel Vega, encargado del taller de teatro, coment\u00f3 a Diario El Trabajo que \u00abesta obra se llama La Princesa Orolonco y tiene que ver con el libro Romancero heroico de Aconcagua, del gran Carlos Ruiz Zald\u00edvar, que corresponde al Ciclo de Conferencias de Fundaci\u00f3n Buen Pastor, con motivo del Mes de la Patria\u00bb, coment\u00f3 Vega.<\/p>\n<p><span style=\"color: #ff0000;\"><strong>PRINCESA OROLONCO<\/strong><\/span><br \/>\nSeg\u00fan la versi\u00f3n publicada por Carlos Ruiz Zald\u00edvar, el cerro situado al norte de Putaendo debe su nombre a Orolonco, una princesa ind\u00edgena hija de un jefe regional. Orolonco se enamor\u00f3 de un guerrero espa\u00f1ol, Rodrigo Fern\u00e1ndez de Araujo, desafiando a sus dioses y a su estirpe, a su pueblo y a su tradici\u00f3n. En las faldas del cerro se reun\u00eda la enamorada princesa con su amado y junto al cerro, Rodrigo le jur\u00f3 volver, cuando se despidi\u00f3 de ella para ir a pelear con el ind\u00f3mito pueblo de Arauco.<br \/>\nMuchas lunas lo esper\u00f3 Orolonco, pero un d\u00eda una machi le dijo que su amado hab\u00eda muerto. Es el castigo de los dioses por traicionar a tu pueblo, le dijo la machi, y Orolonco sinti\u00f3 morir su coraz\u00f3n. Entonces, la triste princesa picunche subi\u00f3 hasta la cumbre del cerro a llorar la muerte de su amado y a esperar que sus dioses la llevaran junto a Rodrigo. Nunca m\u00e1s baj\u00f3 del cerro y sus l\u00e1grimas fueron tan abundantes que formaron la vertiente que a\u00fan existe en el cerro. El peque\u00f1o riachuelo son las l\u00e1grimas de Orolonco que todav\u00eda llora su castigo.<br \/>\n<strong>Roberto Gonz\u00e1lez Short<\/strong><\/p>\n<figure id=\"attachment_81644\" aria-describedby=\"caption-attachment-81644\" style=\"width: 580px\" class=\"wp-caption alignnone\"><img data-recalc-dims=\"1\" loading=\"lazy\" decoding=\"async\" class=\"size-full wp-image-81644\" src=\"https:\/\/i0.wp.com\/www.eltrabajo.cl\/2017\/wp-content\/uploads\/2017\/09\/Teatro_Gabriel-Vega.jpg?resize=580%2C399\" alt=\"Gabriel Vega, encargado del taller de teatro y actor profesional.\" width=\"580\" height=\"399\" srcset=\"https:\/\/i0.wp.com\/eltrabajo.cl\/portal\/wp-content\/uploads\/2017\/09\/Teatro_Gabriel-Vega.jpg?w=580&amp;ssl=1 580w, https:\/\/i0.wp.com\/eltrabajo.cl\/portal\/wp-content\/uploads\/2017\/09\/Teatro_Gabriel-Vega.jpg?resize=200%2C138&amp;ssl=1 200w, https:\/\/i0.wp.com\/eltrabajo.cl\/portal\/wp-content\/uploads\/2017\/09\/Teatro_Gabriel-Vega.jpg?resize=300%2C206&amp;ssl=1 300w, https:\/\/i0.wp.com\/eltrabajo.cl\/portal\/wp-content\/uploads\/2017\/09\/Teatro_Gabriel-Vega.jpg?resize=218%2C150&amp;ssl=1 218w, https:\/\/i0.wp.com\/eltrabajo.cl\/portal\/wp-content\/uploads\/2017\/09\/Teatro_Gabriel-Vega.jpg?resize=400%2C275&amp;ssl=1 400w\" sizes=\"auto, (max-width: 580px) 100vw, 580px\" \/><figcaption id=\"caption-attachment-81644\" class=\"wp-caption-text\">Gabriel Vega, encargado del taller de teatro y actor profesional.<\/figcaption><\/figure>\n<figure id=\"attachment_81646\" aria-describedby=\"caption-attachment-81646\" style=\"width: 577px\" class=\"wp-caption alignnone\"><img data-recalc-dims=\"1\" loading=\"lazy\" decoding=\"async\" class=\"size-full wp-image-81646\" src=\"https:\/\/i0.wp.com\/www.eltrabajo.cl\/2017\/wp-content\/uploads\/2017\/09\/Teatro2.jpg?resize=577%2C400\" alt=\"ACTRIZ SANFELIPE\u00d1A.- Aqu\u00ed tenemos a la actriz juvenil Jovanka Herrera, talentosa damita que interpret\u00f3 a la Princesa Orolonco.\" width=\"577\" height=\"400\" srcset=\"https:\/\/i0.wp.com\/eltrabajo.cl\/portal\/wp-content\/uploads\/2017\/09\/Teatro2.jpg?w=577&amp;ssl=1 577w, https:\/\/i0.wp.com\/eltrabajo.cl\/portal\/wp-content\/uploads\/2017\/09\/Teatro2.jpg?resize=200%2C139&amp;ssl=1 200w, https:\/\/i0.wp.com\/eltrabajo.cl\/portal\/wp-content\/uploads\/2017\/09\/Teatro2.jpg?resize=300%2C208&amp;ssl=1 300w, https:\/\/i0.wp.com\/eltrabajo.cl\/portal\/wp-content\/uploads\/2017\/09\/Teatro2.jpg?resize=216%2C150&amp;ssl=1 216w, https:\/\/i0.wp.com\/eltrabajo.cl\/portal\/wp-content\/uploads\/2017\/09\/Teatro2.jpg?resize=400%2C277&amp;ssl=1 400w\" sizes=\"auto, (max-width: 577px) 100vw, 577px\" \/><figcaption id=\"caption-attachment-81646\" class=\"wp-caption-text\">ACTRIZ SANFELIPE\u00d1A.- Aqu\u00ed tenemos a la actriz juvenil Jovanka Herrera, talentosa damita que interpret\u00f3 a la Princesa Orolonco.<\/figcaption><\/figure>\n","protected":false},"excerpt":{"rendered":"<p>Teatro escolar para celebrar el Mes de la Patria: Fue durante la ma\u00f1ana de ayer martes cuando se realiz\u00f3 un montaje teatral desarrollado por los integrantes del Taller de Teatro de la&#8230;<\/p>\n","protected":false},"author":1,"featured_media":81646,"comment_status":"open","ping_status":"open","sticky":false,"template":"","format":"standard","meta":{"advanced_seo_description":"","jetpack_seo_html_title":"","jetpack_seo_noindex":false,"_jetpack_memberships_contains_paid_content":false,"footnotes":""},"categories":[20],"tags":[],"class_list":["post-81643","post","type-post","status-publish","format-standard","has-post-thumbnail","hentry","category-arte-y-cultura"],"jetpack_featured_media_url":"https:\/\/i0.wp.com\/eltrabajo.cl\/portal\/wp-content\/uploads\/2017\/09\/Teatro2.jpg?fit=577%2C400&ssl=1","jetpack_sharing_enabled":true,"jetpack_likes_enabled":true,"jetpack-related-posts":[],"_links":{"self":[{"href":"https:\/\/eltrabajo.cl\/portal\/wp-json\/wp\/v2\/posts\/81643","targetHints":{"allow":["GET"]}}],"collection":[{"href":"https:\/\/eltrabajo.cl\/portal\/wp-json\/wp\/v2\/posts"}],"about":[{"href":"https:\/\/eltrabajo.cl\/portal\/wp-json\/wp\/v2\/types\/post"}],"author":[{"embeddable":true,"href":"https:\/\/eltrabajo.cl\/portal\/wp-json\/wp\/v2\/users\/1"}],"replies":[{"embeddable":true,"href":"https:\/\/eltrabajo.cl\/portal\/wp-json\/wp\/v2\/comments?post=81643"}],"version-history":[{"count":0,"href":"https:\/\/eltrabajo.cl\/portal\/wp-json\/wp\/v2\/posts\/81643\/revisions"}],"wp:featuredmedia":[{"embeddable":true,"href":"https:\/\/eltrabajo.cl\/portal\/wp-json\/wp\/v2\/media\/81646"}],"wp:attachment":[{"href":"https:\/\/eltrabajo.cl\/portal\/wp-json\/wp\/v2\/media?parent=81643"}],"wp:term":[{"taxonomy":"category","embeddable":true,"href":"https:\/\/eltrabajo.cl\/portal\/wp-json\/wp\/v2\/categories?post=81643"},{"taxonomy":"post_tag","embeddable":true,"href":"https:\/\/eltrabajo.cl\/portal\/wp-json\/wp\/v2\/tags?post=81643"}],"curies":[{"name":"wp","href":"https:\/\/api.w.org\/{rel}","templated":true}]}}