{"id":81648,"date":"2017-09-13T05:05:10","date_gmt":"2017-09-13T09:05:10","guid":{"rendered":"http:\/\/www.eltrabajo.cl\/2017\/?p=81648"},"modified":"2017-09-13T05:05:10","modified_gmt":"2017-09-13T09:05:10","slug":"seleccion-de-basquetbol-u17-de-san-felipe-clasifica-al-nacional","status":"publish","type":"post","link":"https:\/\/eltrabajo.cl\/portal\/seleccion-de-basquetbol-u17-de-san-felipe-clasifica-al-nacional\/","title":{"rendered":"Selecci\u00f3n de b\u00e1squetbol U17 de San Felipe clasifica al Nacional"},"content":{"rendered":"<figure id=\"attachment_81649\" aria-describedby=\"caption-attachment-81649\" style=\"width: 580px\" class=\"wp-caption alignnone\"><img data-recalc-dims=\"1\" loading=\"lazy\" decoding=\"async\" class=\"size-full wp-image-81649\" src=\"https:\/\/i0.wp.com\/www.eltrabajo.cl\/2017\/wp-content\/uploads\/2017\/09\/seleccion-de-san-felipe-U17.jpg?resize=580%2C400\" alt=\"La Selecci\u00f3n U17 de San Felipe logr\u00f3 clasificar al torneo Nacional de su serie que se realizar\u00e1 en la austral Punta Arenas.\" width=\"580\" height=\"400\" srcset=\"https:\/\/i0.wp.com\/eltrabajo.cl\/portal\/wp-content\/uploads\/2017\/09\/seleccion-de-san-felipe-U17.jpg?w=580&amp;ssl=1 580w, https:\/\/i0.wp.com\/eltrabajo.cl\/portal\/wp-content\/uploads\/2017\/09\/seleccion-de-san-felipe-U17.jpg?resize=200%2C138&amp;ssl=1 200w, https:\/\/i0.wp.com\/eltrabajo.cl\/portal\/wp-content\/uploads\/2017\/09\/seleccion-de-san-felipe-U17.jpg?resize=300%2C207&amp;ssl=1 300w, https:\/\/i0.wp.com\/eltrabajo.cl\/portal\/wp-content\/uploads\/2017\/09\/seleccion-de-san-felipe-U17.jpg?resize=218%2C150&amp;ssl=1 218w, https:\/\/i0.wp.com\/eltrabajo.cl\/portal\/wp-content\/uploads\/2017\/09\/seleccion-de-san-felipe-U17.jpg?resize=400%2C276&amp;ssl=1 400w\" sizes=\"auto, (max-width: 580px) 100vw, 580px\" \/><figcaption id=\"caption-attachment-81649\" class=\"wp-caption-text\">La Selecci\u00f3n U17 de San Felipe logr\u00f3 clasificar al torneo Nacional de su serie que se realizar\u00e1 en la austral Punta Arenas.<\/figcaption><\/figure>\n<p>Ratificando a San Felipe como una potencia de mucho peso a nivel regional, el seleccionado menor de 17 a\u00f1os de San Felipe, guiado por el joven t\u00e9cnico David Gonz\u00e1lez y su asistente de campo Pablo Carvallo, consigui\u00f3 su clasificaci\u00f3n al torneo Nacional que se realizar\u00e1 en la austral ciudad de Punta Arenas, luego de eliminar por diferencia de goles a Valpara\u00edso.<br \/>\nEl combinado sanfelipe\u00f1o se compuso de siete jugadores del club Arturo Prat y cinco de San Felipe Basket, las dos instituciones de mayor peso en la actualidad en los cestos locales, y que poco tiempo atr\u00e1s terminaron de buena forma sus presentaciones en la Libcentro Menores.<br \/>\nLa meta para este combinado es alta ya que el a\u00f1o pasado, con un equipo al que le faltaban algunas piezas, lograron el tercer lugar nacional, por lo que ahora se espera mejorar esa actuaci\u00f3n debido a que existe una generaci\u00f3n que al tener muchos partidos en el cuerpo, perfectamente puede regalarle una alegr\u00eda al b\u00e1squetbol y el deporte sanfelipe\u00f1o en general.<\/p>\n","protected":false},"excerpt":{"rendered":"<p>Ratificando a San Felipe como una potencia de mucho peso a nivel regional, el seleccionado menor de 17 a\u00f1os de San Felipe, guiado por el joven t\u00e9cnico David Gonz\u00e1lez y su asistente&#8230;<\/p>\n","protected":false},"author":1,"featured_media":81649,"comment_status":"open","ping_status":"open","sticky":false,"template":"","format":"standard","meta":{"advanced_seo_description":"","jetpack_seo_html_title":"","jetpack_seo_noindex":false,"_jetpack_memberships_contains_paid_content":false,"footnotes":""},"categories":[19],"tags":[],"class_list":["post-81648","post","type-post","status-publish","format-standard","has-post-thumbnail","hentry","category-deportes"],"jetpack_featured_media_url":"https:\/\/i0.wp.com\/eltrabajo.cl\/portal\/wp-content\/uploads\/2017\/09\/seleccion-de-san-felipe-U17.jpg?fit=580%2C400&ssl=1","jetpack_sharing_enabled":true,"jetpack_likes_enabled":true,"jetpack-related-posts":[],"_links":{"self":[{"href":"https:\/\/eltrabajo.cl\/portal\/wp-json\/wp\/v2\/posts\/81648","targetHints":{"allow":["GET"]}}],"collection":[{"href":"https:\/\/eltrabajo.cl\/portal\/wp-json\/wp\/v2\/posts"}],"about":[{"href":"https:\/\/eltrabajo.cl\/portal\/wp-json\/wp\/v2\/types\/post"}],"author":[{"embeddable":true,"href":"https:\/\/eltrabajo.cl\/portal\/wp-json\/wp\/v2\/users\/1"}],"replies":[{"embeddable":true,"href":"https:\/\/eltrabajo.cl\/portal\/wp-json\/wp\/v2\/comments?post=81648"}],"version-history":[{"count":0,"href":"https:\/\/eltrabajo.cl\/portal\/wp-json\/wp\/v2\/posts\/81648\/revisions"}],"wp:featuredmedia":[{"embeddable":true,"href":"https:\/\/eltrabajo.cl\/portal\/wp-json\/wp\/v2\/media\/81649"}],"wp:attachment":[{"href":"https:\/\/eltrabajo.cl\/portal\/wp-json\/wp\/v2\/media?parent=81648"}],"wp:term":[{"taxonomy":"category","embeddable":true,"href":"https:\/\/eltrabajo.cl\/portal\/wp-json\/wp\/v2\/categories?post=81648"},{"taxonomy":"post_tag","embeddable":true,"href":"https:\/\/eltrabajo.cl\/portal\/wp-json\/wp\/v2\/tags?post=81648"}],"curies":[{"name":"wp","href":"https:\/\/api.w.org\/{rel}","templated":true}]}}