{"id":81651,"date":"2017-09-13T05:06:03","date_gmt":"2017-09-13T09:06:03","guid":{"rendered":"http:\/\/www.eltrabajo.cl\/2017\/?p=81651"},"modified":"2017-09-13T05:06:03","modified_gmt":"2017-09-13T09:06:03","slug":"atletas-de-llay-llay-acaparan-medallas-en-zonal-de-atletismo-de-valparaiso","status":"publish","type":"post","link":"https:\/\/eltrabajo.cl\/portal\/atletas-de-llay-llay-acaparan-medallas-en-zonal-de-atletismo-de-valparaiso\/","title":{"rendered":"Atletas de Llay Llay acaparan medallas en zonal de Atletismo de Valpara\u00edso"},"content":{"rendered":"<figure id=\"attachment_81652\" aria-describedby=\"caption-attachment-81652\" style=\"width: 580px\" class=\"wp-caption alignnone\"><img data-recalc-dims=\"1\" loading=\"lazy\" decoding=\"async\" class=\"size-full wp-image-81652\" src=\"https:\/\/i0.wp.com\/www.eltrabajo.cl\/2017\/wp-content\/uploads\/2017\/09\/atletas-de-llay-llay-en-valpo.jpg?resize=580%2C399\" alt=\"La delegaci\u00f3n de la Escuela de Atletismo de Llay Llay cumpli\u00f3 una destacada actuaci\u00f3n en el Zonal de atletismo realizado en Valpara\u00edso.\" width=\"580\" height=\"399\" srcset=\"https:\/\/i0.wp.com\/eltrabajo.cl\/portal\/wp-content\/uploads\/2017\/09\/atletas-de-llay-llay-en-valpo.jpg?w=580&amp;ssl=1 580w, https:\/\/i0.wp.com\/eltrabajo.cl\/portal\/wp-content\/uploads\/2017\/09\/atletas-de-llay-llay-en-valpo.jpg?resize=200%2C138&amp;ssl=1 200w, https:\/\/i0.wp.com\/eltrabajo.cl\/portal\/wp-content\/uploads\/2017\/09\/atletas-de-llay-llay-en-valpo.jpg?resize=300%2C206&amp;ssl=1 300w, https:\/\/i0.wp.com\/eltrabajo.cl\/portal\/wp-content\/uploads\/2017\/09\/atletas-de-llay-llay-en-valpo.jpg?resize=218%2C150&amp;ssl=1 218w, https:\/\/i0.wp.com\/eltrabajo.cl\/portal\/wp-content\/uploads\/2017\/09\/atletas-de-llay-llay-en-valpo.jpg?resize=400%2C275&amp;ssl=1 400w\" sizes=\"auto, (max-width: 580px) 100vw, 580px\" \/><figcaption id=\"caption-attachment-81652\" class=\"wp-caption-text\">La delegaci\u00f3n de la Escuela de Atletismo de Llay Llay cumpli\u00f3 una destacada actuaci\u00f3n en el Zonal de atletismo realizado en Valpara\u00edso.<\/figcaption><\/figure>\n<p>Un total de nueve medallas fue la cosecha de la delegaci\u00f3n de cinco atletas de la Escuela de Atletismo de Llay Llay en el torneo Zonal Centro realizado el domingo pasado en el estadio El\u00edas Figueroa de Valpara\u00edso.<br \/>\nLas medallas de los atletas comandados t\u00e9cnicamente por el profesor Carlos Rubio, se obtuvieron en las pruebas de: Disco, Bala y Pista, en las cuales Giovanni Leiva, Manuel Montiel, Rodolfo Leiva, Ernesto Mac Farland y \u00c1lvaro Poblete lograron hacerse un espacio dentro de los mejores de la regi\u00f3n y la zona central del pa\u00eds en la serie Master.<br \/>\nMedallero:<br \/>\nGiovanni Leiva: 1er lugar en lanzamiento del Disco y 2\u00ba en lanzamiento de la Bala (30 a 34 a\u00f1os).<br \/>\nManuel Montiel: 2\u00ba lugar en 100 metros planos y 2\u00ba en 200 metros planos (35 a 40 a\u00f1os).<br \/>\nRodolfo Quiroga: 2\u00ba lugar en lanzamiento del Disco y 2\u00ba en lanzamiento de la Bala (30 a 34 a\u00f1os).<br \/>\nErnesto Mac Farland: 1er lugar en lanzamiento del Disco y 2\u00ba lugar en lanzamiento de la Bala (35 a 40 a\u00f1os).<br \/>\n\u00c1lvaro Poblete: 1er lugar lanzamiento de la Bala y 2\u00ba lugar en lanzamiento del Disco (30 a 34 a\u00f1os).<br \/>\nEl presidente de la Escuela de Atletismo de Llay Llay, Iv\u00e1n Orme\u00f1o, declar\u00f3 a El Trabajo Deportivo: \u201cTodo este \u00e9xito es fruto del gran trabajo que realiza el t\u00e9cnico Carlos Rubio, gracias a \u00e9l, cada uno de nuestros atletas puede cumplir el sue\u00f1o de competir y ganar medallas\u201d.<\/p>\n","protected":false},"excerpt":{"rendered":"<p>Un total de nueve medallas fue la cosecha de la delegaci\u00f3n de cinco atletas de la Escuela de Atletismo de Llay Llay en el torneo Zonal Centro realizado el domingo pasado en&#8230;<\/p>\n","protected":false},"author":1,"featured_media":81652,"comment_status":"open","ping_status":"open","sticky":false,"template":"","format":"standard","meta":{"advanced_seo_description":"","jetpack_seo_html_title":"","jetpack_seo_noindex":false,"_jetpack_memberships_contains_paid_content":false,"footnotes":""},"categories":[19],"tags":[],"class_list":["post-81651","post","type-post","status-publish","format-standard","has-post-thumbnail","hentry","category-deportes"],"jetpack_featured_media_url":"https:\/\/i0.wp.com\/eltrabajo.cl\/portal\/wp-content\/uploads\/2017\/09\/atletas-de-llay-llay-en-valpo.jpg?fit=580%2C399&ssl=1","jetpack_sharing_enabled":true,"jetpack_likes_enabled":true,"jetpack-related-posts":[],"_links":{"self":[{"href":"https:\/\/eltrabajo.cl\/portal\/wp-json\/wp\/v2\/posts\/81651","targetHints":{"allow":["GET"]}}],"collection":[{"href":"https:\/\/eltrabajo.cl\/portal\/wp-json\/wp\/v2\/posts"}],"about":[{"href":"https:\/\/eltrabajo.cl\/portal\/wp-json\/wp\/v2\/types\/post"}],"author":[{"embeddable":true,"href":"https:\/\/eltrabajo.cl\/portal\/wp-json\/wp\/v2\/users\/1"}],"replies":[{"embeddable":true,"href":"https:\/\/eltrabajo.cl\/portal\/wp-json\/wp\/v2\/comments?post=81651"}],"version-history":[{"count":0,"href":"https:\/\/eltrabajo.cl\/portal\/wp-json\/wp\/v2\/posts\/81651\/revisions"}],"wp:featuredmedia":[{"embeddable":true,"href":"https:\/\/eltrabajo.cl\/portal\/wp-json\/wp\/v2\/media\/81652"}],"wp:attachment":[{"href":"https:\/\/eltrabajo.cl\/portal\/wp-json\/wp\/v2\/media?parent=81651"}],"wp:term":[{"taxonomy":"category","embeddable":true,"href":"https:\/\/eltrabajo.cl\/portal\/wp-json\/wp\/v2\/categories?post=81651"},{"taxonomy":"post_tag","embeddable":true,"href":"https:\/\/eltrabajo.cl\/portal\/wp-json\/wp\/v2\/tags?post=81651"}],"curies":[{"name":"wp","href":"https:\/\/api.w.org\/{rel}","templated":true}]}}