{"id":81654,"date":"2017-09-13T05:07:02","date_gmt":"2017-09-13T09:07:02","guid":{"rendered":"http:\/\/www.eltrabajo.cl\/2017\/?p=81654"},"modified":"2017-09-13T05:07:02","modified_gmt":"2017-09-13T09:07:02","slug":"conmocion-provoco-accidente-que-costo-la-vida-a-cuatro-trabajadores","status":"publish","type":"post","link":"https:\/\/eltrabajo.cl\/portal\/conmocion-provoco-accidente-que-costo-la-vida-a-cuatro-trabajadores\/","title":{"rendered":"Conmoci\u00f3n provoc\u00f3 accidente que cost\u00f3 la vida a cuatro trabajadores"},"content":{"rendered":"<figure id=\"attachment_81655\" aria-describedby=\"caption-attachment-81655\" style=\"width: 580px\" class=\"wp-caption alignnone\"><img data-recalc-dims=\"1\" loading=\"lazy\" decoding=\"async\" class=\"size-full wp-image-81655\" src=\"https:\/\/i0.wp.com\/www.eltrabajo.cl\/2017\/wp-content\/uploads\/2017\/09\/tragedia-en-ruta-5-norte-publimetro.jpg?resize=580%2C400\" alt=\"La violencia del impacto deform\u00f3 la cabina del furg\u00f3n, provocando la muerte de cuatro de sus ocupantes. (Foto publimetro.cl)\" width=\"580\" height=\"400\" srcset=\"https:\/\/i0.wp.com\/eltrabajo.cl\/portal\/wp-content\/uploads\/2017\/09\/tragedia-en-ruta-5-norte-publimetro.jpg?w=580&amp;ssl=1 580w, https:\/\/i0.wp.com\/eltrabajo.cl\/portal\/wp-content\/uploads\/2017\/09\/tragedia-en-ruta-5-norte-publimetro.jpg?resize=200%2C138&amp;ssl=1 200w, https:\/\/i0.wp.com\/eltrabajo.cl\/portal\/wp-content\/uploads\/2017\/09\/tragedia-en-ruta-5-norte-publimetro.jpg?resize=300%2C207&amp;ssl=1 300w, https:\/\/i0.wp.com\/eltrabajo.cl\/portal\/wp-content\/uploads\/2017\/09\/tragedia-en-ruta-5-norte-publimetro.jpg?resize=218%2C150&amp;ssl=1 218w, https:\/\/i0.wp.com\/eltrabajo.cl\/portal\/wp-content\/uploads\/2017\/09\/tragedia-en-ruta-5-norte-publimetro.jpg?resize=400%2C276&amp;ssl=1 400w\" sizes=\"auto, (max-width: 580px) 100vw, 580px\" \/><figcaption id=\"caption-attachment-81655\" class=\"wp-caption-text\">La violencia del impacto deform\u00f3 la cabina del furg\u00f3n, provocando la muerte de cuatro de sus ocupantes. (Foto publimetro.cl)<\/figcaption><\/figure>\n<ul>\n<li><span style=\"color: #ff0000;\"><strong>Tragedia en la ruta 5 Norte:<\/strong><\/span><\/li>\n<\/ul>\n<p>Cuatro personas fallecidas fue el saldo de un accidente de tr\u00e1nsito ocurrido en el kil\u00f3metro 87 de la ruta 5 Norte, entre la Shell y el Peaje Las Vegas, ocurrido aproximadamente a eso de las 06:30 horas de la ma\u00f1ana de ayer.<br \/>\nA parte de las cuatro personas fallecidas, hay una con heridas graves, sin peligro de muerte.<br \/>\nSeg\u00fan el Capit\u00e1n y Subcomisario de Llay Llay, Osvaldo Villarroel, \u201caproximadamente en el kil\u00f3metro 87 tenemos un accidente de tr\u00e1nsito, un minib\u00fas colision\u00f3 con un tracto cami\u00f3n que transportaba aceitunas y que se dirig\u00eda hacia Llay Llay para entregar su producto; en el mini bus hab\u00edan cinco ocupantes, de los cuales lamentablemente fallecieron cuatro y uno de ellos se encuentra grave, fuera de riesgo vital\u201d, dijo.<br \/>\nEl furg\u00f3n de color blanco iba desde Santiago a La Serena con trabajadores.<br \/>\nRoberto Rojas, la primera persona en llegar al lugar del accidente, dijo a Radio Aconcagua que sinti\u00f3 un tremendo golpe tipo explosi\u00f3n, lo que llam\u00f3 de inmediato su atenci\u00f3n, \u201cporque yo vi que un veh\u00edculo iba entrando por el Callej\u00f3n San Cayetano, que se llama, cargado con aceitunas, vi que el chofer se baj\u00f3 corriendo, ten\u00eda una linterna a mano, la tom\u00e9 y el caballero del cami\u00f3n me dijo \u2018me chocaron\u2019; fuimos al furg\u00f3n Hyundai blanco grande que ven\u00eda con cinco pasajeros, al momento de llegar nos dimos cuenta que hab\u00edan dos muertos\u201d.<br \/>\nContinuando con su relato, indic\u00f3 que hab\u00eda una persona de sexo masculino que ellos sacaron de la parte de atr\u00e1s, que al parecer ten\u00eda problemas en una pierna: \u201cCuando lo \u00edbamos bajando, \u00e9l se expres\u00f3 con un ep\u00edteto bastante fuerte, en el sentido de que \u2018le dije a este (\u2026) que no corriera\u2019, la verdad de las cosas que lo sacamos y lo dejamos a la orilla del bandej\u00f3n central, porque como tiene dos v\u00edas la 5 Norte. El cami\u00f3n ven\u00eda de Arica a dejar una carga de aceitunas a una empresa aqu\u00ed en San Cayetano. Atr\u00e1s (del minib\u00fas) hab\u00edan dos muertos, el copiloto ya estaba fallecido, el chofer estaba respirando, pero con mucha dificultad, yo le saqu\u00e9 el volante del t\u00f3rax para despejarle un poco, pero ya estaba en sus \u00faltimos signos y luego me enter\u00e9 que hab\u00eda fallecido\u201d.<br \/>\n<strong>&#8211; \u00bfLos veh\u00edculos ven\u00edan por la misma pista, iban a Santiago o hacia el norte? <\/strong><br \/>\n&#8211; Lo que pasa que esto fue por alcance, porque el cami\u00f3n que ven\u00eda cargado con unos tambores de aceitunas, ten\u00eda que salirse de la carretera, o sea redujo su velocidad para doblar a mano derecha por callej\u00f3n rural para entregar esa carga; el furg\u00f3n lo alcanz\u00f3 en la parte trasera, ven\u00eda muy r\u00e1pido y no alcanz\u00f3 a detener el veh\u00edculo cuando el cami\u00f3n ven\u00eda doblando.<br \/>\n<strong>&#8211; \u00bfPero iban hacia el norte?<\/strong><br \/>\n&#8211; Claro, iban hacia el norte, pero el cami\u00f3n baj\u00f3 por un camino rural para hacer entrega, ven\u00eda de Arica, entonces \u00e9l baj\u00f3 por un callej\u00f3n que se llama San Cayetano, para entregar a la empresa donde ten\u00eda que entregar la carga, en ese instante, cuando el cami\u00f3n ven\u00eda doblando, el furg\u00f3n lo choc\u00f3 en la parte posterior, fue bastante fuerte porque le rompi\u00f3 el tren trasero al cami\u00f3n.<br \/>\nEn el lugar trabaj\u00f3 personal de Bomberos, Carabineros, de la SIAT, estos \u00faltimos ser\u00e1n los encargados de informar al Ministerio P\u00fablico sobre las causas de este accidente.<br \/>\nDe los cinco ocupantes del furg\u00f3n, uno de ellos sobrevivi\u00f3, se trata de Claudio Naranjo Ram\u00edrez, de 51 a\u00f1os, quien result\u00f3 policontuso y se encontraba en el Hospital San Camilo, fuera de riesgo vital.<br \/>\nLas v\u00edctimas fatales, en tanto, con domicilio en la ciudad de Santiago, fueron identificadas como Pablo Mu\u00f1oz, conductor del veh\u00edculo, Juan Pablo Zapata, Luis M\u00e9ndez y Ricardo Erva, todos ellos dirigentes sindicales, funcionarios de Starco Demarco, empresa de aseo domiciliario, quienes, seg\u00fan fuentes extraoficiales, se dirig\u00edan a pagar aguinaldos a La Serena.<br \/>\nTodos los antecedentes de este accidente ser\u00e1n puestos a disposici\u00f3n del Ministerio P\u00fablico de San Felipe.<\/p>\n","protected":false},"excerpt":{"rendered":"<p>Tragedia en la ruta 5 Norte: Cuatro personas fallecidas fue el saldo de un accidente de tr\u00e1nsito ocurrido en el kil\u00f3metro 87 de la ruta 5 Norte, entre la Shell y el&#8230;<\/p>\n","protected":false},"author":1,"featured_media":81655,"comment_status":"open","ping_status":"open","sticky":false,"template":"","format":"standard","meta":{"advanced_seo_description":"","jetpack_seo_html_title":"","jetpack_seo_noindex":false,"_jetpack_memberships_contains_paid_content":false,"footnotes":""},"categories":[21],"tags":[],"class_list":["post-81654","post","type-post","status-publish","format-standard","has-post-thumbnail","hentry","category-policial"],"jetpack_featured_media_url":"https:\/\/i0.wp.com\/eltrabajo.cl\/portal\/wp-content\/uploads\/2017\/09\/tragedia-en-ruta-5-norte-publimetro.jpg?fit=580%2C400&ssl=1","jetpack_sharing_enabled":true,"jetpack_likes_enabled":true,"jetpack-related-posts":[],"_links":{"self":[{"href":"https:\/\/eltrabajo.cl\/portal\/wp-json\/wp\/v2\/posts\/81654","targetHints":{"allow":["GET"]}}],"collection":[{"href":"https:\/\/eltrabajo.cl\/portal\/wp-json\/wp\/v2\/posts"}],"about":[{"href":"https:\/\/eltrabajo.cl\/portal\/wp-json\/wp\/v2\/types\/post"}],"author":[{"embeddable":true,"href":"https:\/\/eltrabajo.cl\/portal\/wp-json\/wp\/v2\/users\/1"}],"replies":[{"embeddable":true,"href":"https:\/\/eltrabajo.cl\/portal\/wp-json\/wp\/v2\/comments?post=81654"}],"version-history":[{"count":0,"href":"https:\/\/eltrabajo.cl\/portal\/wp-json\/wp\/v2\/posts\/81654\/revisions"}],"wp:featuredmedia":[{"embeddable":true,"href":"https:\/\/eltrabajo.cl\/portal\/wp-json\/wp\/v2\/media\/81655"}],"wp:attachment":[{"href":"https:\/\/eltrabajo.cl\/portal\/wp-json\/wp\/v2\/media?parent=81654"}],"wp:term":[{"taxonomy":"category","embeddable":true,"href":"https:\/\/eltrabajo.cl\/portal\/wp-json\/wp\/v2\/categories?post=81654"},{"taxonomy":"post_tag","embeddable":true,"href":"https:\/\/eltrabajo.cl\/portal\/wp-json\/wp\/v2\/tags?post=81654"}],"curies":[{"name":"wp","href":"https:\/\/api.w.org\/{rel}","templated":true}]}}