{"id":81657,"date":"2017-09-14T05:00:00","date_gmt":"2017-09-14T09:00:00","guid":{"rendered":"http:\/\/www.eltrabajo.cl\/2017\/?p=81657"},"modified":"2017-09-14T05:00:00","modified_gmt":"2017-09-14T09:00:00","slug":"recordemos-hoy-en-magistral-conferencia-a-seis-grandes-heroes-sanfelipenos","status":"publish","type":"post","link":"https:\/\/eltrabajo.cl\/portal\/recordemos-hoy-en-magistral-conferencia-a-seis-grandes-heroes-sanfelipenos\/","title":{"rendered":"Recordemos hoy en magistral conferencia a seis grandes h\u00e9roes sanfelipe\u00f1os"},"content":{"rendered":"<figure id=\"attachment_81662\" aria-describedby=\"caption-attachment-81662\" style=\"width: 579px\" class=\"wp-caption alignnone\"><img data-recalc-dims=\"1\" loading=\"lazy\" decoding=\"async\" class=\"size-full wp-image-81662\" src=\"https:\/\/i0.wp.com\/www.eltrabajo.cl\/2017\/wp-content\/uploads\/2017\/09\/Heroes5.jpg?resize=579%2C731\" alt=\"Ernesto Pentzke, fund\u00f3 la Conservera Pentzke, empresa que a\u00fan existe.\" width=\"579\" height=\"731\" srcset=\"https:\/\/i0.wp.com\/eltrabajo.cl\/portal\/wp-content\/uploads\/2017\/09\/Heroes5.jpg?w=579&amp;ssl=1 579w, https:\/\/i0.wp.com\/eltrabajo.cl\/portal\/wp-content\/uploads\/2017\/09\/Heroes5.jpg?resize=119%2C150&amp;ssl=1 119w, https:\/\/i0.wp.com\/eltrabajo.cl\/portal\/wp-content\/uploads\/2017\/09\/Heroes5.jpg?resize=238%2C300&amp;ssl=1 238w, https:\/\/i0.wp.com\/eltrabajo.cl\/portal\/wp-content\/uploads\/2017\/09\/Heroes5.jpg?resize=400%2C505&amp;ssl=1 400w\" sizes=\"auto, (max-width: 579px) 100vw, 579px\" \/><figcaption id=\"caption-attachment-81662\" class=\"wp-caption-text\">Ernesto Pentzke, fund\u00f3 la Conservera Pentzke, empresa que a\u00fan existe.<\/figcaption><\/figure>\n<ul>\n<li><span style=\"color: #ff0000;\"><strong>A las 19:00 horas con Sergio Jara Catal\u00e1n en Buen Pastor:<\/strong><\/span><\/li>\n<\/ul>\n<p>Un recorrido hist\u00f3rico a trav\u00e9s de la narrativa del sanfelipe\u00f1o Sergio Jara Catal\u00e1n, es del que hoy jueves nuestros lectores podr\u00e1n disfrutar a partir de las 19:00 horas en el Conjunto Patrimonial Buen Pastor, ubicado en las avenidas Yungay con O\u2019Higgins. Seg\u00fan lo inform\u00f3 el propio conferencista, ser\u00e1n seis los personajes que conformar\u00e1n esta ponencia, la que trata de la vida y obra de seis h\u00e9roes aconcag\u00fcinos, mismos que fueron seleccionados por Jara.<\/p>\n<p><span style=\"color: #ff0000;\"><strong>H\u00c9ROES DE ACONCAGUA<\/strong><\/span><br \/>\n\u00abSe trata de seis h\u00e9roes de Aconcagua seg\u00fan mi trabajo investigativo, pude elegir a otras personas, nuestro valle tiene muchos, pero en esta oportunidad hablar\u00e9 sobre Jos\u00e9 Manso de Velasco y Samaniego, Andr\u00e9s de Toro Mazote e Hidalgo, Abd\u00f3n Cifuentes Espinosa, Eulogio Altamirano Aracena, Conservera Pentzke y los Inmigrantes Italianos\u00bb, coment\u00f3 inicialmente don Sergio.<br \/>\nSeg\u00fan este amante de nuestra historia local y regional, se trata de un acto de justicia el presentar los mayores aciertos que estas personas tuvieron cuando les correspondi\u00f3 vivir, as\u00ed como ocurre en el presente con la Conservera Pentzke, empresa que tiene ya 111 a\u00f1os de pujante labor en nuestra comuna.<\/p>\n<p><span style=\"color: #ff0000;\"><strong>HOY EN EL MUSEO<\/strong><\/span><br \/>\nJos\u00e9 Antonio Manso de Velasco y S\u00e1nchez de Samaniego 1688-1767, I conde de Superunda, fue un militar y pol\u00edtico espa\u00f1ol, XXX Virrey del Per\u00fa. Fue Gobernador de Chile entre 1737 y 1744. Virrey del Per\u00fa durante el reinado de Fernando VI, gobern\u00f3 el Virreinato del Per\u00fa entre los a\u00f1os 1745 y 1761, tambi\u00e9n fund\u00f3 la ciudad de San Felipe el 3 de agosto de 1740.<br \/>\nAndr\u00e9s de Toro Mazote e Hidalgo, ciudadano que don\u00f3 los terrenos en donde actualmente est\u00e1 nuestra ciudad de San Felipe. Tambi\u00e9n est\u00e1n los dos grandes estadistas sanfelipe\u00f1os, Abd\u00f3n Cifuentes Espinosa y Eulogio Altamirano Aracena, quienes sacudieron el pa\u00eds con sus gestas y s\u00f3lidas trayectorias en el mundo b\u00e9lico de su \u00e9poca, tambi\u00e9n Jara nos explicar\u00e1 la importancia que tuvo y sigue teniendo la Conservera Pentzke, empresa fundada por Ernesto Pentzke, inmigrante Alem\u00e1n que comenz\u00f3 con el procesamiento de enlatados de frutas y hortalizas cosechados en el Valle de Aconcagua, iniciativa que hasta la fecha contin\u00faa potenciando el desarrollo y mundo laboral de nuestra provincia, y no podr\u00edan quedar fue la los Inmigrantes Italianos, quienes llegaron a nuestra ciudad a finales del siglo XIX, constituy\u00e9ndose a lo largo del tiempo en una importante fuerza laboral y cultural en nuestro valle.<br \/>\n\u00abYo espero que los sanfelipe\u00f1os, j\u00f3venes, ni\u00f1os y adultos, hoy se den el tiempo de aprovechar esta conferencia, luego de la misma, nuestro encuentro se convertir\u00e1 en un ameno conversatorio para compartir preguntas, respuestas y aportes de los invitados\u00bb, agreg\u00f3 Jara a Diario El Trabajo.<br \/>\n<strong>Roberto Gonz\u00e1lez Short<\/strong><\/p>\n<figure id=\"attachment_81658\" aria-describedby=\"caption-attachment-81658\" style=\"width: 580px\" class=\"wp-caption alignnone\"><img data-recalc-dims=\"1\" loading=\"lazy\" decoding=\"async\" class=\"size-full wp-image-81658\" src=\"https:\/\/i0.wp.com\/www.eltrabajo.cl\/2017\/wp-content\/uploads\/2017\/09\/Heroes1.jpg?resize=580%2C400\" alt=\"HOY ES LA CITA.- Sergio Jara Catal\u00e1n, sanfelipe\u00f1o que hoy nos ofrecer\u00e1 a partir de las 19:00 horas en el Conjunto Patrimonial Buen Pastor, una conferencia sobre seis h\u00e9roes de San Felipe.\" width=\"580\" height=\"400\" srcset=\"https:\/\/i0.wp.com\/eltrabajo.cl\/portal\/wp-content\/uploads\/2017\/09\/Heroes1.jpg?w=580&amp;ssl=1 580w, https:\/\/i0.wp.com\/eltrabajo.cl\/portal\/wp-content\/uploads\/2017\/09\/Heroes1.jpg?resize=200%2C138&amp;ssl=1 200w, https:\/\/i0.wp.com\/eltrabajo.cl\/portal\/wp-content\/uploads\/2017\/09\/Heroes1.jpg?resize=300%2C207&amp;ssl=1 300w, https:\/\/i0.wp.com\/eltrabajo.cl\/portal\/wp-content\/uploads\/2017\/09\/Heroes1.jpg?resize=218%2C150&amp;ssl=1 218w, https:\/\/i0.wp.com\/eltrabajo.cl\/portal\/wp-content\/uploads\/2017\/09\/Heroes1.jpg?resize=400%2C276&amp;ssl=1 400w\" sizes=\"auto, (max-width: 580px) 100vw, 580px\" \/><figcaption id=\"caption-attachment-81658\" class=\"wp-caption-text\">HOY ES LA CITA.- Sergio Jara Catal\u00e1n, sanfelipe\u00f1o que hoy nos ofrecer\u00e1 a partir de las 19:00 horas en el Conjunto Patrimonial Buen Pastor, una conferencia sobre seis h\u00e9roes de San Felipe.<\/figcaption><\/figure>\n<figure id=\"attachment_81659\" aria-describedby=\"caption-attachment-81659\" style=\"width: 579px\" class=\"wp-caption alignnone\"><img data-recalc-dims=\"1\" loading=\"lazy\" decoding=\"async\" class=\"size-full wp-image-81659\" src=\"https:\/\/i0.wp.com\/www.eltrabajo.cl\/2017\/wp-content\/uploads\/2017\/09\/Heroes2.jpg?resize=579%2C802\" alt=\"Jos\u00e9 Antonio Manso de Velasco y S\u00e1nchez de Samaniego 1688-1767, fundador de la ciudad de San Felipe.\" width=\"579\" height=\"802\" srcset=\"https:\/\/i0.wp.com\/eltrabajo.cl\/portal\/wp-content\/uploads\/2017\/09\/Heroes2.jpg?w=579&amp;ssl=1 579w, https:\/\/i0.wp.com\/eltrabajo.cl\/portal\/wp-content\/uploads\/2017\/09\/Heroes2.jpg?resize=108%2C150&amp;ssl=1 108w, https:\/\/i0.wp.com\/eltrabajo.cl\/portal\/wp-content\/uploads\/2017\/09\/Heroes2.jpg?resize=217%2C300&amp;ssl=1 217w, https:\/\/i0.wp.com\/eltrabajo.cl\/portal\/wp-content\/uploads\/2017\/09\/Heroes2.jpg?resize=400%2C554&amp;ssl=1 400w\" sizes=\"auto, (max-width: 579px) 100vw, 579px\" \/><figcaption id=\"caption-attachment-81659\" class=\"wp-caption-text\">Jos\u00e9 Antonio Manso de Velasco y S\u00e1nchez de Samaniego 1688-1767, fundador de la ciudad de San Felipe.<\/figcaption><\/figure>\n<figure id=\"attachment_81660\" aria-describedby=\"caption-attachment-81660\" style=\"width: 579px\" class=\"wp-caption alignnone\"><img data-recalc-dims=\"1\" loading=\"lazy\" decoding=\"async\" class=\"size-full wp-image-81660\" src=\"https:\/\/i0.wp.com\/www.eltrabajo.cl\/2017\/wp-content\/uploads\/2017\/09\/Heroes3.jpg?resize=579%2C783\" alt=\"Eulogio Altamirano Aracena, abogado y pol\u00edtico de gran importancia para el pa\u00eds y nuestra ciudad.\" width=\"579\" height=\"783\" srcset=\"https:\/\/i0.wp.com\/eltrabajo.cl\/portal\/wp-content\/uploads\/2017\/09\/Heroes3.jpg?w=579&amp;ssl=1 579w, https:\/\/i0.wp.com\/eltrabajo.cl\/portal\/wp-content\/uploads\/2017\/09\/Heroes3.jpg?resize=111%2C150&amp;ssl=1 111w, https:\/\/i0.wp.com\/eltrabajo.cl\/portal\/wp-content\/uploads\/2017\/09\/Heroes3.jpg?resize=222%2C300&amp;ssl=1 222w, https:\/\/i0.wp.com\/eltrabajo.cl\/portal\/wp-content\/uploads\/2017\/09\/Heroes3.jpg?resize=400%2C541&amp;ssl=1 400w\" sizes=\"auto, (max-width: 579px) 100vw, 579px\" \/><figcaption id=\"caption-attachment-81660\" class=\"wp-caption-text\">Eulogio Altamirano Aracena, abogado y pol\u00edtico de gran importancia para el pa\u00eds y nuestra ciudad.<\/figcaption><\/figure>\n<figure id=\"attachment_81661\" aria-describedby=\"caption-attachment-81661\" style=\"width: 579px\" class=\"wp-caption alignnone\"><img data-recalc-dims=\"1\" loading=\"lazy\" decoding=\"async\" class=\"size-full wp-image-81661\" src=\"https:\/\/i0.wp.com\/www.eltrabajo.cl\/2017\/wp-content\/uploads\/2017\/09\/Heroes4.jpg?resize=579%2C672\" alt=\"Abd\u00f3n Cifuentes Espinosa, tambi\u00e9n de la misma estatura que Eulogio, gran pol\u00edtico chileno.\" width=\"579\" height=\"672\" srcset=\"https:\/\/i0.wp.com\/eltrabajo.cl\/portal\/wp-content\/uploads\/2017\/09\/Heroes4.jpg?w=579&amp;ssl=1 579w, https:\/\/i0.wp.com\/eltrabajo.cl\/portal\/wp-content\/uploads\/2017\/09\/Heroes4.jpg?resize=129%2C150&amp;ssl=1 129w, https:\/\/i0.wp.com\/eltrabajo.cl\/portal\/wp-content\/uploads\/2017\/09\/Heroes4.jpg?resize=258%2C300&amp;ssl=1 258w, https:\/\/i0.wp.com\/eltrabajo.cl\/portal\/wp-content\/uploads\/2017\/09\/Heroes4.jpg?resize=400%2C464&amp;ssl=1 400w\" sizes=\"auto, (max-width: 579px) 100vw, 579px\" \/><figcaption id=\"caption-attachment-81661\" class=\"wp-caption-text\">Abd\u00f3n Cifuentes Espinosa, tambi\u00e9n de la misma estatura que Eulogio, gran pol\u00edtico chileno.<\/figcaption><\/figure>\n<figure id=\"attachment_81663\" aria-describedby=\"caption-attachment-81663\" style=\"width: 579px\" class=\"wp-caption alignnone\"><img data-recalc-dims=\"1\" loading=\"lazy\" decoding=\"async\" class=\"size-full wp-image-81663\" src=\"https:\/\/i0.wp.com\/www.eltrabajo.cl\/2017\/wp-content\/uploads\/2017\/09\/Heroes6.jpg?resize=579%2C820\" alt=\"Esta es una de las familias italianas que tanto dieron a nuestro agro aconcag\u00fcino.\" width=\"579\" height=\"820\" srcset=\"https:\/\/i0.wp.com\/eltrabajo.cl\/portal\/wp-content\/uploads\/2017\/09\/Heroes6.jpg?w=579&amp;ssl=1 579w, https:\/\/i0.wp.com\/eltrabajo.cl\/portal\/wp-content\/uploads\/2017\/09\/Heroes6.jpg?resize=106%2C150&amp;ssl=1 106w, https:\/\/i0.wp.com\/eltrabajo.cl\/portal\/wp-content\/uploads\/2017\/09\/Heroes6.jpg?resize=212%2C300&amp;ssl=1 212w, https:\/\/i0.wp.com\/eltrabajo.cl\/portal\/wp-content\/uploads\/2017\/09\/Heroes6.jpg?resize=400%2C566&amp;ssl=1 400w\" sizes=\"auto, (max-width: 579px) 100vw, 579px\" \/><figcaption id=\"caption-attachment-81663\" class=\"wp-caption-text\">Esta es una de las familias italianas que tanto dieron a nuestro agro aconcag\u00fcino.<\/figcaption><\/figure>\n","protected":false},"excerpt":{"rendered":"<p>A las 19:00 horas con Sergio Jara Catal\u00e1n en Buen Pastor: Un recorrido hist\u00f3rico a trav\u00e9s de la narrativa del sanfelipe\u00f1o Sergio Jara Catal\u00e1n, es del que hoy jueves nuestros lectores podr\u00e1n&#8230;<\/p>\n","protected":false},"author":1,"featured_media":81658,"comment_status":"open","ping_status":"open","sticky":false,"template":"","format":"standard","meta":{"advanced_seo_description":"","jetpack_seo_html_title":"","jetpack_seo_noindex":false,"_jetpack_memberships_contains_paid_content":false,"footnotes":""},"categories":[20],"tags":[],"class_list":["post-81657","post","type-post","status-publish","format-standard","has-post-thumbnail","hentry","category-arte-y-cultura"],"jetpack_featured_media_url":"https:\/\/i0.wp.com\/eltrabajo.cl\/portal\/wp-content\/uploads\/2017\/09\/Heroes1.jpg?fit=580%2C400&ssl=1","jetpack_sharing_enabled":true,"jetpack_likes_enabled":true,"jetpack-related-posts":[],"_links":{"self":[{"href":"https:\/\/eltrabajo.cl\/portal\/wp-json\/wp\/v2\/posts\/81657","targetHints":{"allow":["GET"]}}],"collection":[{"href":"https:\/\/eltrabajo.cl\/portal\/wp-json\/wp\/v2\/posts"}],"about":[{"href":"https:\/\/eltrabajo.cl\/portal\/wp-json\/wp\/v2\/types\/post"}],"author":[{"embeddable":true,"href":"https:\/\/eltrabajo.cl\/portal\/wp-json\/wp\/v2\/users\/1"}],"replies":[{"embeddable":true,"href":"https:\/\/eltrabajo.cl\/portal\/wp-json\/wp\/v2\/comments?post=81657"}],"version-history":[{"count":0,"href":"https:\/\/eltrabajo.cl\/portal\/wp-json\/wp\/v2\/posts\/81657\/revisions"}],"wp:featuredmedia":[{"embeddable":true,"href":"https:\/\/eltrabajo.cl\/portal\/wp-json\/wp\/v2\/media\/81658"}],"wp:attachment":[{"href":"https:\/\/eltrabajo.cl\/portal\/wp-json\/wp\/v2\/media?parent=81657"}],"wp:term":[{"taxonomy":"category","embeddable":true,"href":"https:\/\/eltrabajo.cl\/portal\/wp-json\/wp\/v2\/categories?post=81657"},{"taxonomy":"post_tag","embeddable":true,"href":"https:\/\/eltrabajo.cl\/portal\/wp-json\/wp\/v2\/tags?post=81657"}],"curies":[{"name":"wp","href":"https:\/\/api.w.org\/{rel}","templated":true}]}}