{"id":81665,"date":"2017-09-14T05:01:01","date_gmt":"2017-09-14T09:01:01","guid":{"rendered":"http:\/\/www.eltrabajo.cl\/2017\/?p=81665"},"modified":"2017-09-14T05:01:01","modified_gmt":"2017-09-14T09:01:01","slug":"este-lunes-18-de-septiembre-no-habra-recoleccion-de-basura-en-san-felipe","status":"publish","type":"post","link":"https:\/\/eltrabajo.cl\/portal\/este-lunes-18-de-septiembre-no-habra-recoleccion-de-basura-en-san-felipe\/","title":{"rendered":"Este lunes 18 de Septiembre no habr\u00e1 recolecci\u00f3n de basura en San Felipe"},"content":{"rendered":"<figure id=\"attachment_81667\" aria-describedby=\"caption-attachment-81667\" style=\"width: 580px\" class=\"wp-caption alignnone\"><img data-recalc-dims=\"1\" loading=\"lazy\" decoding=\"async\" class=\"size-full wp-image-81667\" src=\"https:\/\/i0.wp.com\/www.eltrabajo.cl\/2017\/wp-content\/uploads\/2017\/09\/claudio-paredes.jpg?resize=580%2C399\" alt=\"Claudio Paredes, Director subrogante de Medio Ambiente y Secretario de Planificaci\u00f3n Comunal, Secplac, de la Municipalidad de San Felipe.\" width=\"580\" height=\"399\" srcset=\"https:\/\/i0.wp.com\/eltrabajo.cl\/portal\/wp-content\/uploads\/2017\/09\/claudio-paredes.jpg?w=580&amp;ssl=1 580w, https:\/\/i0.wp.com\/eltrabajo.cl\/portal\/wp-content\/uploads\/2017\/09\/claudio-paredes.jpg?resize=200%2C138&amp;ssl=1 200w, https:\/\/i0.wp.com\/eltrabajo.cl\/portal\/wp-content\/uploads\/2017\/09\/claudio-paredes.jpg?resize=300%2C206&amp;ssl=1 300w, https:\/\/i0.wp.com\/eltrabajo.cl\/portal\/wp-content\/uploads\/2017\/09\/claudio-paredes.jpg?resize=218%2C150&amp;ssl=1 218w, https:\/\/i0.wp.com\/eltrabajo.cl\/portal\/wp-content\/uploads\/2017\/09\/claudio-paredes.jpg?resize=400%2C275&amp;ssl=1 400w\" sizes=\"auto, (max-width: 580px) 100vw, 580px\" \/><figcaption id=\"caption-attachment-81667\" class=\"wp-caption-text\">Claudio Paredes, Director subrogante de Medio Ambiente y Secretario de Planificaci\u00f3n Comunal, Secplac, de la Municipalidad de San Felipe.<\/figcaption><\/figure>\n<ul>\n<li><strong><span style=\"color: #ff0000;\">Los d\u00edas restantes el servicio operar\u00e1 de forma normal en el sector que corresponda:\u00a0<\/span>Municipio sanfelipe\u00f1o recomienda no sacar los desperdicios a la calle durante esa jornada y en caso que sea muy urgente deshacerse de ellos, se dispondr\u00e1 de cinco contenedores en calle Bueras, frente a los talleres municipales<\/strong><\/li>\n<\/ul>\n<p>En su condici\u00f3n de Director subrogante de Medio Ambiente, el Secplac (Secretario de Planificaci\u00f3n Comunal) de la Municipalidad de San Felipe, Claudio Paredes, inform\u00f3 que el pr\u00f3ximo lunes 18 de septiembre, el servicio de recolecci\u00f3n de basura no operar\u00e1 en la comuna, debido a que se les otorg\u00f3 el d\u00eda libre a los trabajadores que realizan este oficio.<br \/>\n\u00abEl municipio, para efectos de que cualquier vecino quiera o necesite botar escombros o basura, va a colocar 5 containers (sic) grandes, al frente del sector de talleres, en avenida Bueras. Ah\u00ed van a estar instalados, para que cualquier persona que requiera y de emergencia no pueda esperar el servicio habitual, pueda llevar lo que necesite botar\u00bb, explic\u00f3 Paredes.<br \/>\nSeg\u00fan el personero municipal, \u00abes importante que la comunidad lo sepa para que tome las precauciones necesarias\u2026 la recomendaci\u00f3n es que no se saque la basura, que no se deje en las calles para que no se ensucie nuestra ciudad y cuidemos entre todos el aseo de nuestras calles\u00bb, a\u00f1adi\u00f3 el Secplac.<br \/>\nPor \u00faltimo, Paredes asegur\u00f3 que el resto del fin de semana, el servicio de recolecci\u00f3n de basura se mantiene inalterable y conserva su periodicidad de acuerdo al sector que corresponda.<\/p>\n<figure id=\"attachment_81666\" aria-describedby=\"caption-attachment-81666\" style=\"width: 580px\" class=\"wp-caption alignnone\"><img data-recalc-dims=\"1\" loading=\"lazy\" decoding=\"async\" class=\"size-full wp-image-81666\" src=\"https:\/\/i0.wp.com\/www.eltrabajo.cl\/2017\/wp-content\/uploads\/2017\/09\/Basura.jpg?resize=580%2C399\" alt=\"De todos depende que im\u00e1genes como \u00e9sta no se repitan este lunes 18 de septiembre, cuando quienes deben retirar los residuos domiciliarios tambi\u00e9n est\u00e9n celebrando las Fiesta Patrias.\" width=\"580\" height=\"399\" srcset=\"https:\/\/i0.wp.com\/eltrabajo.cl\/portal\/wp-content\/uploads\/2017\/09\/Basura.jpg?w=580&amp;ssl=1 580w, https:\/\/i0.wp.com\/eltrabajo.cl\/portal\/wp-content\/uploads\/2017\/09\/Basura.jpg?resize=200%2C138&amp;ssl=1 200w, https:\/\/i0.wp.com\/eltrabajo.cl\/portal\/wp-content\/uploads\/2017\/09\/Basura.jpg?resize=300%2C206&amp;ssl=1 300w, https:\/\/i0.wp.com\/eltrabajo.cl\/portal\/wp-content\/uploads\/2017\/09\/Basura.jpg?resize=218%2C150&amp;ssl=1 218w, https:\/\/i0.wp.com\/eltrabajo.cl\/portal\/wp-content\/uploads\/2017\/09\/Basura.jpg?resize=400%2C275&amp;ssl=1 400w\" sizes=\"auto, (max-width: 580px) 100vw, 580px\" \/><figcaption id=\"caption-attachment-81666\" class=\"wp-caption-text\">De todos depende que im\u00e1genes como \u00e9sta no se repitan este lunes 18 de septiembre, cuando quienes deben retirar los residuos domiciliarios tambi\u00e9n est\u00e9n celebrando las Fiesta Patrias.<\/figcaption><\/figure>\n","protected":false},"excerpt":{"rendered":"<p>Los d\u00edas restantes el servicio operar\u00e1 de forma normal en el sector que corresponda:\u00a0Municipio sanfelipe\u00f1o recomienda no sacar los desperdicios a la calle durante esa jornada y en caso que sea muy&#8230;<\/p>\n","protected":false},"author":1,"featured_media":81666,"comment_status":"open","ping_status":"open","sticky":false,"template":"","format":"standard","meta":{"advanced_seo_description":"","jetpack_seo_html_title":"","jetpack_seo_noindex":false,"_jetpack_memberships_contains_paid_content":false,"footnotes":""},"categories":[1],"tags":[],"class_list":["post-81665","post","type-post","status-publish","format-standard","has-post-thumbnail","hentry","category-cronica"],"jetpack_featured_media_url":"https:\/\/i0.wp.com\/eltrabajo.cl\/portal\/wp-content\/uploads\/2017\/09\/Basura.jpg?fit=580%2C399&ssl=1","jetpack_sharing_enabled":true,"jetpack_likes_enabled":true,"jetpack-related-posts":[],"_links":{"self":[{"href":"https:\/\/eltrabajo.cl\/portal\/wp-json\/wp\/v2\/posts\/81665","targetHints":{"allow":["GET"]}}],"collection":[{"href":"https:\/\/eltrabajo.cl\/portal\/wp-json\/wp\/v2\/posts"}],"about":[{"href":"https:\/\/eltrabajo.cl\/portal\/wp-json\/wp\/v2\/types\/post"}],"author":[{"embeddable":true,"href":"https:\/\/eltrabajo.cl\/portal\/wp-json\/wp\/v2\/users\/1"}],"replies":[{"embeddable":true,"href":"https:\/\/eltrabajo.cl\/portal\/wp-json\/wp\/v2\/comments?post=81665"}],"version-history":[{"count":0,"href":"https:\/\/eltrabajo.cl\/portal\/wp-json\/wp\/v2\/posts\/81665\/revisions"}],"wp:featuredmedia":[{"embeddable":true,"href":"https:\/\/eltrabajo.cl\/portal\/wp-json\/wp\/v2\/media\/81666"}],"wp:attachment":[{"href":"https:\/\/eltrabajo.cl\/portal\/wp-json\/wp\/v2\/media?parent=81665"}],"wp:term":[{"taxonomy":"category","embeddable":true,"href":"https:\/\/eltrabajo.cl\/portal\/wp-json\/wp\/v2\/categories?post=81665"},{"taxonomy":"post_tag","embeddable":true,"href":"https:\/\/eltrabajo.cl\/portal\/wp-json\/wp\/v2\/tags?post=81665"}],"curies":[{"name":"wp","href":"https:\/\/api.w.org\/{rel}","templated":true}]}}