{"id":81669,"date":"2017-09-14T05:02:22","date_gmt":"2017-09-14T09:02:22","guid":{"rendered":"http:\/\/www.eltrabajo.cl\/2017\/?p=81669"},"modified":"2017-09-14T05:02:22","modified_gmt":"2017-09-14T09:02:22","slug":"hallan-culpable-a-padre-de-nino-que-murio-al-sufrir-accidente-en-moto","status":"publish","type":"post","link":"https:\/\/eltrabajo.cl\/portal\/hallan-culpable-a-padre-de-nino-que-murio-al-sufrir-accidente-en-moto\/","title":{"rendered":"Hallan culpable a padre de ni\u00f1o que muri\u00f3 al sufrir accidente en moto"},"content":{"rendered":"<figure id=\"attachment_81670\" aria-describedby=\"caption-attachment-81670\" style=\"width: 580px\" class=\"wp-caption alignnone\"><img data-recalc-dims=\"1\" loading=\"lazy\" decoding=\"async\" class=\"size-full wp-image-81670\" src=\"https:\/\/i0.wp.com\/www.eltrabajo.cl\/2017\/wp-content\/uploads\/2017\/09\/accidente-moto-ni%C3%B1o.jpg?resize=580%2C399\" alt=\"El fatal accidente ocurri\u00f3 el 27 de septiembre de 2013 en la avenida Chacabuco de San Felipe, falleciendo un ni\u00f1o de 8 a\u00f1os de edad.\" width=\"580\" height=\"399\" srcset=\"https:\/\/i0.wp.com\/eltrabajo.cl\/portal\/wp-content\/uploads\/2017\/09\/accidente-moto-ni%C3%B1o.jpg?w=580&amp;ssl=1 580w, https:\/\/i0.wp.com\/eltrabajo.cl\/portal\/wp-content\/uploads\/2017\/09\/accidente-moto-ni%C3%B1o.jpg?resize=200%2C138&amp;ssl=1 200w, https:\/\/i0.wp.com\/eltrabajo.cl\/portal\/wp-content\/uploads\/2017\/09\/accidente-moto-ni%C3%B1o.jpg?resize=300%2C206&amp;ssl=1 300w, https:\/\/i0.wp.com\/eltrabajo.cl\/portal\/wp-content\/uploads\/2017\/09\/accidente-moto-ni%C3%B1o.jpg?resize=218%2C150&amp;ssl=1 218w, https:\/\/i0.wp.com\/eltrabajo.cl\/portal\/wp-content\/uploads\/2017\/09\/accidente-moto-ni%C3%B1o.jpg?resize=400%2C275&amp;ssl=1 400w\" sizes=\"auto, (max-width: 580px) 100vw, 580px\" \/><figcaption id=\"caption-attachment-81670\" class=\"wp-caption-text\">El fatal accidente ocurri\u00f3 el 27 de septiembre de 2013 en la avenida Chacabuco de San Felipe, falleciendo un ni\u00f1o de 8 a\u00f1os de edad.<\/figcaption><\/figure>\n<ul>\n<li><strong><span style=\"color: #ff0000;\">Condenado por tribunal arriesga tres a\u00f1os de presidio:\u00a0<\/span>Terna de jueces del Tribunal Oral en Lo Penal de San Felipe consider\u00f3 culpable a Jos\u00edas Astudillo Castillo por cuasidelito de homicidio de su hijo de 8 a\u00f1os de edad, quien falleci\u00f3 al caer de la motocicleta conducida por su progenitor, quien no habr\u00eda respetado las normas del tr\u00e1nsito cuando se desplazaban por la avenida Chacabuco de esta comuna.<\/strong><\/li>\n<\/ul>\n<p>La terna de jueces del Tribunal Oral en Lo Penal de San Felipe resolvi\u00f3 condenar a Jos\u00edas Eduardo Astudillo Castillo por cuasidelito de homicidio de su hijo Josu\u00e9 Felipe Astudillo Santianni, de 8 a\u00f1os de edad, quien falleci\u00f3 luego de caer de la motocicleta conducida por su progenitor, quien habr\u00eda colisionado a un veh\u00edculo y un microb\u00fas, provocando que el peque\u00f1o cayera violentamente del m\u00f3vil, azot\u00e1ndose contra el pavimento y fractur\u00e1ndose el cr\u00e1neo, falleciendo de manera instant\u00e1nea en el mismo lugar del accidente en Avenida Chacabuco, entre Traslavi\u00f1a y Navarro. El atribulado padre arriesga una pena de tres a\u00f1os de presidio, a solicitud de la Fiscal\u00eda.<br \/>\nEl fatal accidente ocurri\u00f3 el 27 de septiembre de 2013, a eso de las 10:15 horas, en circunstancias que el actual condenado conduc\u00eda su motocicleta scooter, placa patente TG-231 por la avenida Chacabuco en direcci\u00f3n al poniente, transportando a su hijo, alumno de tercer a\u00f1os b\u00e1sico, quien se encontraba ubicado en el asiento trasero, protegido solo con un casco de bicicleta. La tragedia habr\u00eda ocurrido cuando el conductor, al cruzar calle Traslavi\u00f1a, habr\u00eda perdido el control del m\u00f3vil, colisionando a un veh\u00edculo, pasando a llevar a un microb\u00fas por el costado lateral derecho, lo que origin\u00f3 que la motocicleta cayera en medio de la v\u00eda.<br \/>\nA consecuencia de estas maniobras, el menor de edad result\u00f3 con heridas y fracturas en el cr\u00e1neo de car\u00e1cter grave, falleciendo minutos m\u00e1s tarde cuando su cuerpo hab\u00eda sido trasladado por su padre hasta el bandej\u00f3n de la alameda, mientras el personal del Samu constat\u00f3 el lamentable deceso de la v\u00edctima domiciliada en la Poblaci\u00f3n Los Araucanos de San Felipe.<br \/>\nLa Fiscal\u00eda llev\u00f3 a juicio al padre del menor fallecido, quien finalmente fue condenado por cuasidelito de homicidio, arriesgando una pena de tres a\u00f1os de presidio. No obstante la sentencia del Tribunal Oral ser\u00e1 dada a conocer ma\u00f1ana viernes.<br \/>\n<strong>Pablo Salinas Sald\u00edas<\/strong><\/p>\n","protected":false},"excerpt":{"rendered":"<p>Condenado por tribunal arriesga tres a\u00f1os de presidio:\u00a0Terna de jueces del Tribunal Oral en Lo Penal de San Felipe consider\u00f3 culpable a Jos\u00edas Astudillo Castillo por cuasidelito de homicidio de su hijo&#8230;<\/p>\n","protected":false},"author":1,"featured_media":81670,"comment_status":"open","ping_status":"open","sticky":false,"template":"","format":"standard","meta":{"advanced_seo_description":"","jetpack_seo_html_title":"","jetpack_seo_noindex":false,"_jetpack_memberships_contains_paid_content":false,"footnotes":""},"categories":[21],"tags":[],"class_list":["post-81669","post","type-post","status-publish","format-standard","has-post-thumbnail","hentry","category-policial"],"jetpack_featured_media_url":"https:\/\/i0.wp.com\/eltrabajo.cl\/portal\/wp-content\/uploads\/2017\/09\/accidente-moto-ni%C3%B1o.jpg?fit=580%2C399&ssl=1","jetpack_sharing_enabled":true,"jetpack_likes_enabled":true,"jetpack-related-posts":[],"_links":{"self":[{"href":"https:\/\/eltrabajo.cl\/portal\/wp-json\/wp\/v2\/posts\/81669","targetHints":{"allow":["GET"]}}],"collection":[{"href":"https:\/\/eltrabajo.cl\/portal\/wp-json\/wp\/v2\/posts"}],"about":[{"href":"https:\/\/eltrabajo.cl\/portal\/wp-json\/wp\/v2\/types\/post"}],"author":[{"embeddable":true,"href":"https:\/\/eltrabajo.cl\/portal\/wp-json\/wp\/v2\/users\/1"}],"replies":[{"embeddable":true,"href":"https:\/\/eltrabajo.cl\/portal\/wp-json\/wp\/v2\/comments?post=81669"}],"version-history":[{"count":0,"href":"https:\/\/eltrabajo.cl\/portal\/wp-json\/wp\/v2\/posts\/81669\/revisions"}],"wp:featuredmedia":[{"embeddable":true,"href":"https:\/\/eltrabajo.cl\/portal\/wp-json\/wp\/v2\/media\/81670"}],"wp:attachment":[{"href":"https:\/\/eltrabajo.cl\/portal\/wp-json\/wp\/v2\/media?parent=81669"}],"wp:term":[{"taxonomy":"category","embeddable":true,"href":"https:\/\/eltrabajo.cl\/portal\/wp-json\/wp\/v2\/categories?post=81669"},{"taxonomy":"post_tag","embeddable":true,"href":"https:\/\/eltrabajo.cl\/portal\/wp-json\/wp\/v2\/tags?post=81669"}],"curies":[{"name":"wp","href":"https:\/\/api.w.org\/{rel}","templated":true}]}}