{"id":81675,"date":"2017-09-14T05:04:43","date_gmt":"2017-09-14T09:04:43","guid":{"rendered":"http:\/\/www.eltrabajo.cl\/2017\/?p=81675"},"modified":"2017-09-14T05:04:43","modified_gmt":"2017-09-14T09:04:43","slug":"arboles-se-retiraron-por-seguridad-para-ciclistas-y-evitar-destruccion-de-ciclovias","status":"publish","type":"post","link":"https:\/\/eltrabajo.cl\/portal\/arboles-se-retiraron-por-seguridad-para-ciclistas-y-evitar-destruccion-de-ciclovias\/","title":{"rendered":"\u00c1rboles se retiraron por seguridad para ciclistas y evitar destrucci\u00f3n de ciclov\u00edas"},"content":{"rendered":"<figure id=\"attachment_81677\" aria-describedby=\"caption-attachment-81677\" style=\"width: 580px\" class=\"wp-caption alignnone\"><img data-recalc-dims=\"1\" loading=\"lazy\" decoding=\"async\" class=\"size-full wp-image-81677\" src=\"https:\/\/i0.wp.com\/www.eltrabajo.cl\/2017\/wp-content\/uploads\/2017\/09\/tala-de-arboles-en-maipu.jpg?resize=580%2C399\" alt=\"Una imagen que ha causado bastante malestar es esta en la que se aprecian los grandes \u00e1rboles que fueron arrancados para la construcci\u00f3n de ciclov\u00edas en Av. Maip\u00fa. Serviu explic\u00f3 las razones que respaldaron esa decisi\u00f3n.\" width=\"580\" height=\"399\" srcset=\"https:\/\/i0.wp.com\/eltrabajo.cl\/portal\/wp-content\/uploads\/2017\/09\/tala-de-arboles-en-maipu.jpg?w=580&amp;ssl=1 580w, https:\/\/i0.wp.com\/eltrabajo.cl\/portal\/wp-content\/uploads\/2017\/09\/tala-de-arboles-en-maipu.jpg?resize=200%2C138&amp;ssl=1 200w, https:\/\/i0.wp.com\/eltrabajo.cl\/portal\/wp-content\/uploads\/2017\/09\/tala-de-arboles-en-maipu.jpg?resize=300%2C206&amp;ssl=1 300w, https:\/\/i0.wp.com\/eltrabajo.cl\/portal\/wp-content\/uploads\/2017\/09\/tala-de-arboles-en-maipu.jpg?resize=218%2C150&amp;ssl=1 218w, https:\/\/i0.wp.com\/eltrabajo.cl\/portal\/wp-content\/uploads\/2017\/09\/tala-de-arboles-en-maipu.jpg?resize=400%2C275&amp;ssl=1 400w\" sizes=\"auto, (max-width: 580px) 100vw, 580px\" \/><figcaption id=\"caption-attachment-81677\" class=\"wp-caption-text\">Una imagen que ha causado bastante malestar es esta en la que se aprecian los grandes \u00e1rboles que fueron arrancados para la construcci\u00f3n de ciclov\u00edas en Av. Maip\u00fa. Serviu explic\u00f3 las razones que respaldaron esa decisi\u00f3n.<\/figcaption><\/figure>\n<ul>\n<li><span style=\"color: #ff0000;\"><strong>Serviu se refiere a cr\u00edticas por extracci\u00f3n de especies en Av. Maip\u00fa:<\/strong><\/span><\/li>\n<\/ul>\n<p>A ra\u00edz de las diversas cr\u00edticas que se han realizado a trav\u00e9s de las redes sociales principalmente, por la extracci\u00f3n de \u00e1rboles en la Avenida Maip\u00fa para la construcci\u00f3n de ciclov\u00edas, el Serviu emiti\u00f3 un comunicado de prensa donde se refiere a las razones por las cuales se adopt\u00f3 la decisi\u00f3n de sacar las especies arb\u00f3reas. El texto del comunicado es el siguiente:<br \/>\nEl Servicio de Vivienda y Urbanizaci\u00f3n (Serviu) informa que en relaci\u00f3n a la extracci\u00f3n de las especies arb\u00f3reas emplazadas en el trazado del Plan de Mejoramiento Vial y Construcci\u00f3n de Ciclov\u00edas que se est\u00e1 ejecutando en la comuna, y que involucra una inversi\u00f3n de m\u00e1s de 4 mil millones de pesos, las especies se est\u00e1n retirando debido a los perjuicios que generan en el tr\u00e1nsito seguro y expedito de los ciclistas, adem\u00e1s de deteriorar las calzadas vehiculares y veredas.<br \/>\nLo anterior se est\u00e1 realizando en coordinaci\u00f3n y con autorizaci\u00f3n de la Ilustre Municipalidad de San Felipe, para posteriormente proceder a la reposici\u00f3n integral de cada una de las especies retiradas, las cuales cumplan con ciertos requisitos establecidos: sanos, robustos, libres de plagas y enfermedades, con una altura m\u00ednima de 2 metros sobre el nivel de vereda y provenientes de viveros establecidos que cuenten con el registro del Servicio Agr\u00edcola y Ganadero (SAG).<br \/>\n\u00abEl proyecto de ciclov\u00edas y gesti\u00f3n de tr\u00e1nsito, que tiene una inversi\u00f3n de m\u00e1s de 4 mil millones de pesos en la comuna de San Felipe, contempla la reposici\u00f3n total de los \u00e1rboles que est\u00e1n siendo retirados por la empresa a cargo de la ejecuci\u00f3n del proyecto. Mencionar adem\u00e1s, que los vecinos de Tocornal, Maip\u00fa y Benigno Caldera fueron invitados, casa a casa, a las reuniones de socializaci\u00f3n antes de que comenzaran las obras\u00bb, puntualiz\u00f3 la delegada biprovincial del Servicio de Vivienda y Urbanizaci\u00f3n (Serviu), Natalia R\u00edos.<br \/>\nEn tanto, Claudio Paredes, Secretario de Planificaci\u00f3n Comunal del municipio sanfelipe\u00f1o, explic\u00f3 que \u00abel proyecto de las ciclov\u00edas debe, por el circuito mismo que se est\u00e1 realizando, extraer algunas especies de \u00e1rboles que van a ser repuestas, en una proporci\u00f3n de 3 \u00e1rboles por cada 1 que se extraiga; en segundo lugar, aquellas especies que se van a incorporar, tras coordinaci\u00f3n de la municipalidad con el Serviu, son las que no generan ra\u00edces que provoquen problemas con las veredas\u00bb.<br \/>\nFinalmente, cabe consignar que las nuevas especies arb\u00f3reas ser\u00e1n instaladas conforme a la definici\u00f3n por proyecto, o en su defecto, seg\u00fan disposici\u00f3n de la Ilustre Municipalidad de San Felipe, procurando siempre mantener el seguro y libre tr\u00e1nsito de peatones, ciclistas y veh\u00edculos.<\/p>\n<figure id=\"attachment_81676\" aria-describedby=\"caption-attachment-81676\" style=\"width: 580px\" class=\"wp-caption alignnone\"><img data-recalc-dims=\"1\" loading=\"lazy\" decoding=\"async\" class=\"size-full wp-image-81676\" src=\"https:\/\/i0.wp.com\/www.eltrabajo.cl\/2017\/wp-content\/uploads\/2017\/09\/portada-tala-de-arboles-en-maipu.jpg?resize=580%2C400\" alt=\"Una imagen que ha causado bastante malestar es esta en la que se aprecian los grandes \u00e1rboles que fueron arrancados para la construcci\u00f3n de ciclov\u00edas en Av. Maip\u00fa. Serviu explic\u00f3 las razones que respaldaron esa decisi\u00f3n.\" width=\"580\" height=\"400\" srcset=\"https:\/\/i0.wp.com\/eltrabajo.cl\/portal\/wp-content\/uploads\/2017\/09\/portada-tala-de-arboles-en-maipu.jpg?w=580&amp;ssl=1 580w, https:\/\/i0.wp.com\/eltrabajo.cl\/portal\/wp-content\/uploads\/2017\/09\/portada-tala-de-arboles-en-maipu.jpg?resize=200%2C138&amp;ssl=1 200w, https:\/\/i0.wp.com\/eltrabajo.cl\/portal\/wp-content\/uploads\/2017\/09\/portada-tala-de-arboles-en-maipu.jpg?resize=300%2C207&amp;ssl=1 300w, https:\/\/i0.wp.com\/eltrabajo.cl\/portal\/wp-content\/uploads\/2017\/09\/portada-tala-de-arboles-en-maipu.jpg?resize=218%2C150&amp;ssl=1 218w, https:\/\/i0.wp.com\/eltrabajo.cl\/portal\/wp-content\/uploads\/2017\/09\/portada-tala-de-arboles-en-maipu.jpg?resize=400%2C276&amp;ssl=1 400w\" sizes=\"auto, (max-width: 580px) 100vw, 580px\" \/><figcaption id=\"caption-attachment-81676\" class=\"wp-caption-text\">Una imagen que ha causado bastante malestar es esta en la que se aprecian los grandes \u00e1rboles que fueron arrancados para la construcci\u00f3n de ciclov\u00edas en Av. Maip\u00fa. Serviu explic\u00f3 las razones que respaldaron esa decisi\u00f3n.<\/figcaption><\/figure>\n","protected":false},"excerpt":{"rendered":"<p>Serviu se refiere a cr\u00edticas por extracci\u00f3n de especies en Av. Maip\u00fa: A ra\u00edz de las diversas cr\u00edticas que se han realizado a trav\u00e9s de las redes sociales principalmente, por la extracci\u00f3n&#8230;<\/p>\n","protected":false},"author":1,"featured_media":81676,"comment_status":"open","ping_status":"open","sticky":false,"template":"","format":"standard","meta":{"advanced_seo_description":"","jetpack_seo_html_title":"","jetpack_seo_noindex":false,"_jetpack_memberships_contains_paid_content":false,"footnotes":""},"categories":[1],"tags":[],"class_list":["post-81675","post","type-post","status-publish","format-standard","has-post-thumbnail","hentry","category-cronica"],"jetpack_featured_media_url":"https:\/\/i0.wp.com\/eltrabajo.cl\/portal\/wp-content\/uploads\/2017\/09\/portada-tala-de-arboles-en-maipu.jpg?fit=580%2C400&ssl=1","jetpack_sharing_enabled":true,"jetpack_likes_enabled":true,"jetpack-related-posts":[],"_links":{"self":[{"href":"https:\/\/eltrabajo.cl\/portal\/wp-json\/wp\/v2\/posts\/81675","targetHints":{"allow":["GET"]}}],"collection":[{"href":"https:\/\/eltrabajo.cl\/portal\/wp-json\/wp\/v2\/posts"}],"about":[{"href":"https:\/\/eltrabajo.cl\/portal\/wp-json\/wp\/v2\/types\/post"}],"author":[{"embeddable":true,"href":"https:\/\/eltrabajo.cl\/portal\/wp-json\/wp\/v2\/users\/1"}],"replies":[{"embeddable":true,"href":"https:\/\/eltrabajo.cl\/portal\/wp-json\/wp\/v2\/comments?post=81675"}],"version-history":[{"count":0,"href":"https:\/\/eltrabajo.cl\/portal\/wp-json\/wp\/v2\/posts\/81675\/revisions"}],"wp:featuredmedia":[{"embeddable":true,"href":"https:\/\/eltrabajo.cl\/portal\/wp-json\/wp\/v2\/media\/81676"}],"wp:attachment":[{"href":"https:\/\/eltrabajo.cl\/portal\/wp-json\/wp\/v2\/media?parent=81675"}],"wp:term":[{"taxonomy":"category","embeddable":true,"href":"https:\/\/eltrabajo.cl\/portal\/wp-json\/wp\/v2\/categories?post=81675"},{"taxonomy":"post_tag","embeddable":true,"href":"https:\/\/eltrabajo.cl\/portal\/wp-json\/wp\/v2\/tags?post=81675"}],"curies":[{"name":"wp","href":"https:\/\/api.w.org\/{rel}","templated":true}]}}