{"id":81679,"date":"2017-09-14T05:05:51","date_gmt":"2017-09-14T09:05:51","guid":{"rendered":"http:\/\/www.eltrabajo.cl\/2017\/?p=81679"},"modified":"2017-09-14T05:05:51","modified_gmt":"2017-09-14T09:05:51","slug":"delincuente-asalta-a-jubilada-robandole-cartera-con-toda-su-pension","status":"publish","type":"post","link":"https:\/\/eltrabajo.cl\/portal\/delincuente-asalta-a-jubilada-robandole-cartera-con-toda-su-pension\/","title":{"rendered":"Delincuente asalta a jubilada rob\u00e1ndole cartera con toda su pensi\u00f3n"},"content":{"rendered":"<figure id=\"attachment_81680\" aria-describedby=\"caption-attachment-81680\" style=\"width: 580px\" class=\"wp-caption alignnone\"><img data-recalc-dims=\"1\" loading=\"lazy\" decoding=\"async\" class=\"size-full wp-image-81680\" src=\"https:\/\/i0.wp.com\/www.eltrabajo.cl\/2017\/wp-content\/uploads\/2017\/09\/Leticia.-Santana-Montenegro.jpg?resize=580%2C399\" alt=\"Leticia Santana Montenegro asegura que fue asaltada por un delincuente que la arroj\u00f3 al suelo para quitarle su cartera con toda su pensi\u00f3n, documentos y otros objetos de valor.\" width=\"580\" height=\"399\" srcset=\"https:\/\/i0.wp.com\/eltrabajo.cl\/portal\/wp-content\/uploads\/2017\/09\/Leticia.-Santana-Montenegro.jpg?w=580&amp;ssl=1 580w, https:\/\/i0.wp.com\/eltrabajo.cl\/portal\/wp-content\/uploads\/2017\/09\/Leticia.-Santana-Montenegro.jpg?resize=200%2C138&amp;ssl=1 200w, https:\/\/i0.wp.com\/eltrabajo.cl\/portal\/wp-content\/uploads\/2017\/09\/Leticia.-Santana-Montenegro.jpg?resize=300%2C206&amp;ssl=1 300w, https:\/\/i0.wp.com\/eltrabajo.cl\/portal\/wp-content\/uploads\/2017\/09\/Leticia.-Santana-Montenegro.jpg?resize=218%2C150&amp;ssl=1 218w, https:\/\/i0.wp.com\/eltrabajo.cl\/portal\/wp-content\/uploads\/2017\/09\/Leticia.-Santana-Montenegro.jpg?resize=400%2C275&amp;ssl=1 400w\" sizes=\"auto, (max-width: 580px) 100vw, 580px\" \/><figcaption id=\"caption-attachment-81680\" class=\"wp-caption-text\">Leticia Santana Montenegro asegura que fue asaltada por un delincuente que la arroj\u00f3 al suelo para quitarle su cartera con toda su pensi\u00f3n, documentos y otros objetos de valor.<\/figcaption><\/figure>\n<p>Una mujer de la tercera edad denuncia que fue asaltada por un sujeto joven, quien le rob\u00f3 toda su pensi\u00f3n, equivalente a 120 mil pesos, m\u00e1s documentos, un tel\u00e9fono celular y sus lentes que la v\u00edctima llevaba en una cartera.<br \/>\nEl hecho delictual ocurri\u00f3 ayer en la madrugada, en uno de los pasajes de la Luis Gajardo Guerrero en San Felipe.<br \/>\nLa v\u00edctima que se identific\u00f3 como Leticia Santana Montenegro, dijo: \u201cMe asaltaron anoche en la poblaci\u00f3n Luis Gajardo Guerrero, lo que pasa es que me equivoqu\u00e9 de hora, me levant\u00e9 como a las tres de la ma\u00f1ana para ir al consultorio y cuando iba me agarr\u00f3 un tipo, me quit\u00f3 la cartera, me bot\u00f3 al suelo y me quit\u00f3 todo, me dej\u00f3 sin nada, me rob\u00f3 la plata de la pensi\u00f3n que son como 120 mil pesos, m\u00e1s cuatro mil pesos en billetes de a mil, me rob\u00f3 los dos carn\u00e9s que ten\u00eda, un tel\u00e9fono, los lentes, todo eso iba en la cartera\u201d.<br \/>\nDice que el delincuente apareci\u00f3 en el pasaje detr\u00e1s de un \u00e1rbol: \u201cEstaba como agazapado en el \u00e1rbol, yo trat\u00e9 de proteger la cartera y ah\u00ed me tir\u00f3 al suelo, ah\u00ed me di cuenta que andaba en una bicicleta chica color blanco que \u00e9l tir\u00f3 al suelo para quitarme la cartera\u201d, cuenta la afectada.<br \/>\nLa consecuencia de este asalto para la afectada, es que se qued\u00f3 sin carn\u00e9 para pagarse en octubre, adem\u00e1s debe someterse a una intervenci\u00f3n quir\u00fargica por problemas con la vista: \u201cIban todos los papeles para el m\u00e9dico, hice la denuncia en la ma\u00f1ana, lo que puedo decir que es un hombre joven no mayor, un ni\u00f1o joven, es primera vez que me pasa despu\u00e9s de vivir por 37 a\u00f1os en la poblaci\u00f3n\u201d, finaliz\u00f3 la afectada.<\/p>\n","protected":false},"excerpt":{"rendered":"<p>Una mujer de la tercera edad denuncia que fue asaltada por un sujeto joven, quien le rob\u00f3 toda su pensi\u00f3n, equivalente a 120 mil pesos, m\u00e1s documentos, un tel\u00e9fono celular y sus&#8230;<\/p>\n","protected":false},"author":1,"featured_media":81680,"comment_status":"open","ping_status":"open","sticky":false,"template":"","format":"standard","meta":{"advanced_seo_description":"","jetpack_seo_html_title":"","jetpack_seo_noindex":false,"_jetpack_memberships_contains_paid_content":false,"footnotes":""},"categories":[21],"tags":[],"class_list":["post-81679","post","type-post","status-publish","format-standard","has-post-thumbnail","hentry","category-policial"],"jetpack_featured_media_url":"https:\/\/i0.wp.com\/eltrabajo.cl\/portal\/wp-content\/uploads\/2017\/09\/Leticia.-Santana-Montenegro.jpg?fit=580%2C399&ssl=1","jetpack_sharing_enabled":true,"jetpack_likes_enabled":true,"jetpack-related-posts":[],"_links":{"self":[{"href":"https:\/\/eltrabajo.cl\/portal\/wp-json\/wp\/v2\/posts\/81679","targetHints":{"allow":["GET"]}}],"collection":[{"href":"https:\/\/eltrabajo.cl\/portal\/wp-json\/wp\/v2\/posts"}],"about":[{"href":"https:\/\/eltrabajo.cl\/portal\/wp-json\/wp\/v2\/types\/post"}],"author":[{"embeddable":true,"href":"https:\/\/eltrabajo.cl\/portal\/wp-json\/wp\/v2\/users\/1"}],"replies":[{"embeddable":true,"href":"https:\/\/eltrabajo.cl\/portal\/wp-json\/wp\/v2\/comments?post=81679"}],"version-history":[{"count":0,"href":"https:\/\/eltrabajo.cl\/portal\/wp-json\/wp\/v2\/posts\/81679\/revisions"}],"wp:featuredmedia":[{"embeddable":true,"href":"https:\/\/eltrabajo.cl\/portal\/wp-json\/wp\/v2\/media\/81680"}],"wp:attachment":[{"href":"https:\/\/eltrabajo.cl\/portal\/wp-json\/wp\/v2\/media?parent=81679"}],"wp:term":[{"taxonomy":"category","embeddable":true,"href":"https:\/\/eltrabajo.cl\/portal\/wp-json\/wp\/v2\/categories?post=81679"},{"taxonomy":"post_tag","embeddable":true,"href":"https:\/\/eltrabajo.cl\/portal\/wp-json\/wp\/v2\/tags?post=81679"}],"curies":[{"name":"wp","href":"https:\/\/api.w.org\/{rel}","templated":true}]}}