{"id":81684,"date":"2017-09-15T05:00:41","date_gmt":"2017-09-15T09:00:41","guid":{"rendered":"http:\/\/www.eltrabajo.cl\/2017\/?p=81684"},"modified":"2017-09-15T05:00:41","modified_gmt":"2017-09-15T09:00:41","slug":"joven-de-solo-16-anos-tras-la-corona-de-la-fiesta-de-la-primavera","status":"publish","type":"post","link":"https:\/\/eltrabajo.cl\/portal\/joven-de-solo-16-anos-tras-la-corona-de-la-fiesta-de-la-primavera\/","title":{"rendered":"Joven de solo 16 a\u00f1os tras la corona de la Fiesta de la Primavera"},"content":{"rendered":"<figure id=\"attachment_81686\" aria-describedby=\"caption-attachment-81686\" style=\"width: 580px\" class=\"wp-caption alignnone\"><img data-recalc-dims=\"1\" loading=\"lazy\" decoding=\"async\" class=\"size-full wp-image-81686\" src=\"https:\/\/i0.wp.com\/www.eltrabajo.cl\/2017\/wp-content\/uploads\/2017\/09\/Candidata2-alondra-araya.jpg?resize=580%2C400\" alt=\"CARITA TRISTE.- As\u00ed luc\u00eda Alondrita en su edad preescolar, ahora est\u00e1 convertida en candidata a Reina de la Primavera de San Felipe.\" width=\"580\" height=\"400\" srcset=\"https:\/\/i0.wp.com\/eltrabajo.cl\/portal\/wp-content\/uploads\/2017\/09\/Candidata2-alondra-araya.jpg?w=580&amp;ssl=1 580w, https:\/\/i0.wp.com\/eltrabajo.cl\/portal\/wp-content\/uploads\/2017\/09\/Candidata2-alondra-araya.jpg?resize=200%2C138&amp;ssl=1 200w, https:\/\/i0.wp.com\/eltrabajo.cl\/portal\/wp-content\/uploads\/2017\/09\/Candidata2-alondra-araya.jpg?resize=300%2C207&amp;ssl=1 300w, https:\/\/i0.wp.com\/eltrabajo.cl\/portal\/wp-content\/uploads\/2017\/09\/Candidata2-alondra-araya.jpg?resize=218%2C150&amp;ssl=1 218w, https:\/\/i0.wp.com\/eltrabajo.cl\/portal\/wp-content\/uploads\/2017\/09\/Candidata2-alondra-araya.jpg?resize=400%2C276&amp;ssl=1 400w\" sizes=\"auto, (max-width: 580px) 100vw, 580px\" \/><figcaption id=\"caption-attachment-81686\" class=\"wp-caption-text\">CARITA TRISTE.- As\u00ed luc\u00eda Alondrita en su edad preescolar, ahora est\u00e1 convertida en candidata a Reina de la Primavera de San Felipe.<\/figcaption><\/figure>\n<p>Continuando con la presentaci\u00f3n de las candidatas a Reina de la Fiesta de la Primavera 2017, hoy en Diario El Trabajo tenemos que hablar de una de las j\u00f3venes m\u00e1s bellas de nuestra comuna, nos referimos a Alondra Araya Gustavo, quien con apenas 16 a\u00f1os de edad, participa en representaci\u00f3n de la junta vecinal N\u00ba 28 de La Troya.<br \/>\n\u00abEstoy cursando mi segundo medio y pretendo poder sacar mis estudios en Enfermer\u00eda. Soy signo Sagitario, me gusta bailar y la m\u00fasica, cari\u00f1osamente mis amigos me llaman \u2018Dora La exploradora\u2019, tengo pololo y estoy dirigiendo mis actividades como candidata, a visitar jardines infantiles\u00bb, dijo la bella candidata, quien tambi\u00e9n se ha registrado en el Departamento de Organizaciones Comunitarias del Municipio, ubicadas en el segundo piso de Toro Mazote 1172, oficina 5. Esta Fiesta de la Primavera y desfile de carros aleg\u00f3ricos se realizar\u00e1 el s\u00e1bado 14 de octubre.<\/p>\n<figure id=\"attachment_81685\" aria-describedby=\"caption-attachment-81685\" style=\"width: 580px\" class=\"wp-caption alignnone\"><img data-recalc-dims=\"1\" loading=\"lazy\" decoding=\"async\" class=\"size-full wp-image-81685\" src=\"https:\/\/i0.wp.com\/www.eltrabajo.cl\/2017\/wp-content\/uploads\/2017\/09\/Candidata1-alondra-araya.jpg?resize=580%2C399\" alt=\"GUAP\u00cdSIMA.- Aqu\u00ed tenemos a la joven Alondra Araya, recibiendo todo el apoyo del alcalde Patricio Freire.\" width=\"580\" height=\"399\" srcset=\"https:\/\/i0.wp.com\/eltrabajo.cl\/portal\/wp-content\/uploads\/2017\/09\/Candidata1-alondra-araya.jpg?w=580&amp;ssl=1 580w, https:\/\/i0.wp.com\/eltrabajo.cl\/portal\/wp-content\/uploads\/2017\/09\/Candidata1-alondra-araya.jpg?resize=200%2C138&amp;ssl=1 200w, https:\/\/i0.wp.com\/eltrabajo.cl\/portal\/wp-content\/uploads\/2017\/09\/Candidata1-alondra-araya.jpg?resize=300%2C206&amp;ssl=1 300w, https:\/\/i0.wp.com\/eltrabajo.cl\/portal\/wp-content\/uploads\/2017\/09\/Candidata1-alondra-araya.jpg?resize=218%2C150&amp;ssl=1 218w, https:\/\/i0.wp.com\/eltrabajo.cl\/portal\/wp-content\/uploads\/2017\/09\/Candidata1-alondra-araya.jpg?resize=400%2C275&amp;ssl=1 400w\" sizes=\"auto, (max-width: 580px) 100vw, 580px\" \/><figcaption id=\"caption-attachment-81685\" class=\"wp-caption-text\">GUAP\u00cdSIMA.- Aqu\u00ed tenemos a la joven Alondra Araya, recibiendo todo el apoyo del alcalde Patricio Freire.<\/figcaption><\/figure>\n","protected":false},"excerpt":{"rendered":"<p>Continuando con la presentaci\u00f3n de las candidatas a Reina de la Fiesta de la Primavera 2017, hoy en Diario El Trabajo tenemos que hablar de una de las j\u00f3venes m\u00e1s bellas de&#8230;<\/p>\n","protected":false},"author":1,"featured_media":81685,"comment_status":"open","ping_status":"open","sticky":false,"template":"","format":"standard","meta":{"advanced_seo_description":"","jetpack_seo_html_title":"","jetpack_seo_noindex":false,"_jetpack_memberships_contains_paid_content":false,"footnotes":""},"categories":[1],"tags":[],"class_list":["post-81684","post","type-post","status-publish","format-standard","has-post-thumbnail","hentry","category-cronica"],"jetpack_featured_media_url":"https:\/\/i0.wp.com\/eltrabajo.cl\/portal\/wp-content\/uploads\/2017\/09\/Candidata1-alondra-araya.jpg?fit=580%2C399&ssl=1","jetpack_sharing_enabled":true,"jetpack_likes_enabled":true,"jetpack-related-posts":[],"_links":{"self":[{"href":"https:\/\/eltrabajo.cl\/portal\/wp-json\/wp\/v2\/posts\/81684","targetHints":{"allow":["GET"]}}],"collection":[{"href":"https:\/\/eltrabajo.cl\/portal\/wp-json\/wp\/v2\/posts"}],"about":[{"href":"https:\/\/eltrabajo.cl\/portal\/wp-json\/wp\/v2\/types\/post"}],"author":[{"embeddable":true,"href":"https:\/\/eltrabajo.cl\/portal\/wp-json\/wp\/v2\/users\/1"}],"replies":[{"embeddable":true,"href":"https:\/\/eltrabajo.cl\/portal\/wp-json\/wp\/v2\/comments?post=81684"}],"version-history":[{"count":0,"href":"https:\/\/eltrabajo.cl\/portal\/wp-json\/wp\/v2\/posts\/81684\/revisions"}],"wp:featuredmedia":[{"embeddable":true,"href":"https:\/\/eltrabajo.cl\/portal\/wp-json\/wp\/v2\/media\/81685"}],"wp:attachment":[{"href":"https:\/\/eltrabajo.cl\/portal\/wp-json\/wp\/v2\/media?parent=81684"}],"wp:term":[{"taxonomy":"category","embeddable":true,"href":"https:\/\/eltrabajo.cl\/portal\/wp-json\/wp\/v2\/categories?post=81684"},{"taxonomy":"post_tag","embeddable":true,"href":"https:\/\/eltrabajo.cl\/portal\/wp-json\/wp\/v2\/tags?post=81684"}],"curies":[{"name":"wp","href":"https:\/\/api.w.org\/{rel}","templated":true}]}}