{"id":81693,"date":"2017-09-15T05:02:39","date_gmt":"2017-09-15T09:02:39","guid":{"rendered":"http:\/\/www.eltrabajo.cl\/2017\/?p=81693"},"modified":"2017-09-15T05:02:39","modified_gmt":"2017-09-15T09:02:39","slug":"aun-no-confirman-identidad-de-cuerpo-hallado-tras-incendio-en-villa-250-anos","status":"publish","type":"post","link":"https:\/\/eltrabajo.cl\/portal\/aun-no-confirman-identidad-de-cuerpo-hallado-tras-incendio-en-villa-250-anos\/","title":{"rendered":"A\u00fan no confirman identidad de cuerpo hallado tras incendio en Villa 250 A\u00f1os"},"content":{"rendered":"<figure id=\"attachment_81695\" aria-describedby=\"caption-attachment-81695\" style=\"width: 580px\" class=\"wp-caption alignnone\"><img data-recalc-dims=\"1\" loading=\"lazy\" decoding=\"async\" class=\"size-full wp-image-81695\" src=\"https:\/\/i0.wp.com\/www.eltrabajo.cl\/2017\/wp-content\/uploads\/2017\/09\/MARJORIE-VARAS.jpg?resize=580%2C399\" alt=\"Marjorie Varas Cataldo fue asesinada el 11 de mayo de 2016. El crimen contin\u00faa sin resolver.\" width=\"580\" height=\"399\" srcset=\"https:\/\/i0.wp.com\/eltrabajo.cl\/portal\/wp-content\/uploads\/2017\/09\/MARJORIE-VARAS.jpg?w=580&amp;ssl=1 580w, https:\/\/i0.wp.com\/eltrabajo.cl\/portal\/wp-content\/uploads\/2017\/09\/MARJORIE-VARAS.jpg?resize=200%2C138&amp;ssl=1 200w, https:\/\/i0.wp.com\/eltrabajo.cl\/portal\/wp-content\/uploads\/2017\/09\/MARJORIE-VARAS.jpg?resize=300%2C206&amp;ssl=1 300w, https:\/\/i0.wp.com\/eltrabajo.cl\/portal\/wp-content\/uploads\/2017\/09\/MARJORIE-VARAS.jpg?resize=218%2C150&amp;ssl=1 218w, https:\/\/i0.wp.com\/eltrabajo.cl\/portal\/wp-content\/uploads\/2017\/09\/MARJORIE-VARAS.jpg?resize=400%2C275&amp;ssl=1 400w\" sizes=\"auto, (max-width: 580px) 100vw, 580px\" \/><figcaption id=\"caption-attachment-81695\" class=\"wp-caption-text\">Marjorie Varas Cataldo fue asesinada el 11 de mayo de 2016. El crimen contin\u00faa sin resolver.<\/figcaption><\/figure>\n<ul>\n<li><span style=\"color: #ff0000;\"><strong>Paralelamente contin\u00faa investigaci\u00f3n por asesinato de mujer en Llay Llay:<\/strong><\/span><\/li>\n<\/ul>\n<p>Contin\u00faan las investigaciones para esclarecer dos hechos policiales importantes que tienen que ver con la muerte de dos mujeres; una de ellas en un incendio ocurrido en la Villa 250 A\u00f1os, donde el cuerpo estaba calcinado, y el otro caso es el asesinato de una mujer de nombre Marjorie Varas Cataldo, hecho ocurrido el 11 de mayo de 2016.<br \/>\nEn el primer caso, el jefe de la BH de la PDI, Gino Guti\u00e9rrez, dijo que se est\u00e1 trabajando mancomunadamente con la fiscal\u00eda: \u201cSe solicitaron pericias de ADN para establecer si efectivamente es esa la persona que nosotros presumimos que es, tiene que ser corroborado cient\u00edficamente, adem\u00e1s con otros antecedentes que obran en la fiscal\u00eda seguimos laborando\u201d, sostuvo.<br \/>\n<strong>&#8211; \u00bfA\u00fan no ha sido ubicada la ex pareja de la mujer cuyo cuerpo fue encontrado calcinado?<\/strong><br \/>\n&#8211; Es un caso que est\u00e1 en materia investigativa hasta el momento, y lo otro es parte de las diligencias que usted me se\u00f1ala.<br \/>\n<strong>&#8211; \u00bfEn qu\u00e9 etapa investigativa se encuentra el asesinato de Marjorie Varas Cataldo?<\/strong><br \/>\n&#8211; S\u00ed, est\u00e1 muy presente, estamos trabajando en este aspecto, seguimos trabajando con la fiscal\u00eda, hemos aportado antecedentes para que el \u00f3rgano persecutor tome conocimiento de hechos, se sigue laborando, estamos en etapa investigativa bajo reserva para las diligencias.<br \/>\n<strong>&#8211; La familia siente que hay un retraso en la investigaci\u00f3n, \u00bfes as\u00ed? \u00bfPor qu\u00e9 ha costado tanto en este caso?<\/strong><br \/>\n&#8211; Insisto, como le digo, estamos trabajando, estamos con reservas para el bien de las diligencias, para la familia tambi\u00e9n.<br \/>\n<strong>&#8211; \u00bfQu\u00e9 le puede decir a la familia, comisario?<\/strong><br \/>\n&#8211; Con la familia hemos tenido contacto, estamos conversando con ellos y est\u00e1n todos los canales dispuestos para su ayuda tambi\u00e9n, no obstante institucionales como de gobierno.<\/p>\n<figure id=\"attachment_81694\" aria-describedby=\"caption-attachment-81694\" style=\"width: 577px\" class=\"wp-caption alignnone\"><img data-recalc-dims=\"1\" loading=\"lazy\" decoding=\"async\" class=\"size-full wp-image-81694\" src=\"https:\/\/i0.wp.com\/www.eltrabajo.cl\/2017\/wp-content\/uploads\/2017\/09\/comisario_gino_gutierrez17.jpg?resize=577%2C400\" alt=\"Comisario Gino Guti\u00e9rrez, jefe de la BH de la PDI Los Andes.\" width=\"577\" height=\"400\" srcset=\"https:\/\/i0.wp.com\/eltrabajo.cl\/portal\/wp-content\/uploads\/2017\/09\/comisario_gino_gutierrez17.jpg?w=577&amp;ssl=1 577w, https:\/\/i0.wp.com\/eltrabajo.cl\/portal\/wp-content\/uploads\/2017\/09\/comisario_gino_gutierrez17.jpg?resize=200%2C139&amp;ssl=1 200w, https:\/\/i0.wp.com\/eltrabajo.cl\/portal\/wp-content\/uploads\/2017\/09\/comisario_gino_gutierrez17.jpg?resize=300%2C208&amp;ssl=1 300w, https:\/\/i0.wp.com\/eltrabajo.cl\/portal\/wp-content\/uploads\/2017\/09\/comisario_gino_gutierrez17.jpg?resize=216%2C150&amp;ssl=1 216w, https:\/\/i0.wp.com\/eltrabajo.cl\/portal\/wp-content\/uploads\/2017\/09\/comisario_gino_gutierrez17.jpg?resize=400%2C277&amp;ssl=1 400w\" sizes=\"auto, (max-width: 577px) 100vw, 577px\" \/><figcaption id=\"caption-attachment-81694\" class=\"wp-caption-text\">Comisario Gino Guti\u00e9rrez, jefe de la BH de la PDI Los Andes.<\/figcaption><\/figure>\n","protected":false},"excerpt":{"rendered":"<p>Paralelamente contin\u00faa investigaci\u00f3n por asesinato de mujer en Llay Llay: Contin\u00faan las investigaciones para esclarecer dos hechos policiales importantes que tienen que ver con la muerte de dos mujeres; una de ellas&#8230;<\/p>\n","protected":false},"author":1,"featured_media":81694,"comment_status":"open","ping_status":"open","sticky":false,"template":"","format":"standard","meta":{"advanced_seo_description":"","jetpack_seo_html_title":"","jetpack_seo_noindex":false,"_jetpack_memberships_contains_paid_content":false,"footnotes":""},"categories":[21],"tags":[],"class_list":["post-81693","post","type-post","status-publish","format-standard","has-post-thumbnail","hentry","category-policial"],"jetpack_featured_media_url":"https:\/\/i0.wp.com\/eltrabajo.cl\/portal\/wp-content\/uploads\/2017\/09\/comisario_gino_gutierrez17.jpg?fit=577%2C400&ssl=1","jetpack_sharing_enabled":true,"jetpack_likes_enabled":true,"jetpack-related-posts":[],"_links":{"self":[{"href":"https:\/\/eltrabajo.cl\/portal\/wp-json\/wp\/v2\/posts\/81693","targetHints":{"allow":["GET"]}}],"collection":[{"href":"https:\/\/eltrabajo.cl\/portal\/wp-json\/wp\/v2\/posts"}],"about":[{"href":"https:\/\/eltrabajo.cl\/portal\/wp-json\/wp\/v2\/types\/post"}],"author":[{"embeddable":true,"href":"https:\/\/eltrabajo.cl\/portal\/wp-json\/wp\/v2\/users\/1"}],"replies":[{"embeddable":true,"href":"https:\/\/eltrabajo.cl\/portal\/wp-json\/wp\/v2\/comments?post=81693"}],"version-history":[{"count":0,"href":"https:\/\/eltrabajo.cl\/portal\/wp-json\/wp\/v2\/posts\/81693\/revisions"}],"wp:featuredmedia":[{"embeddable":true,"href":"https:\/\/eltrabajo.cl\/portal\/wp-json\/wp\/v2\/media\/81694"}],"wp:attachment":[{"href":"https:\/\/eltrabajo.cl\/portal\/wp-json\/wp\/v2\/media?parent=81693"}],"wp:term":[{"taxonomy":"category","embeddable":true,"href":"https:\/\/eltrabajo.cl\/portal\/wp-json\/wp\/v2\/categories?post=81693"},{"taxonomy":"post_tag","embeddable":true,"href":"https:\/\/eltrabajo.cl\/portal\/wp-json\/wp\/v2\/tags?post=81693"}],"curies":[{"name":"wp","href":"https:\/\/api.w.org\/{rel}","templated":true}]}}