{"id":81701,"date":"2017-09-15T05:04:07","date_gmt":"2017-09-15T09:04:07","guid":{"rendered":"http:\/\/www.eltrabajo.cl\/2017\/?p=81701"},"modified":"2017-09-15T05:04:07","modified_gmt":"2017-09-15T09:04:07","slug":"putaendo-celebra-las-fiestas-patrias-con-variadas-actividades-campesinas","status":"publish","type":"post","link":"https:\/\/eltrabajo.cl\/portal\/putaendo-celebra-las-fiestas-patrias-con-variadas-actividades-campesinas\/","title":{"rendered":"Putaendo celebra las Fiestas Patrias con variadas actividades campesinas"},"content":{"rendered":"<figure id=\"attachment_81702\" aria-describedby=\"caption-attachment-81702\" style=\"width: 580px\" class=\"wp-caption alignnone\"><img data-recalc-dims=\"1\" loading=\"lazy\" decoding=\"async\" class=\"size-full wp-image-81702\" src=\"https:\/\/i0.wp.com\/www.eltrabajo.cl\/2017\/wp-content\/uploads\/2017\/09\/fiestas-patrias-Putaendo.jpg?resize=580%2C400\" alt=\"Las Fiestas Patrias se viven en Putaendo, con alegr\u00eda, diversi\u00f3n y un largo programa de actividades t\u00edpicas chilenas.\" width=\"580\" height=\"400\" srcset=\"https:\/\/i0.wp.com\/eltrabajo.cl\/portal\/wp-content\/uploads\/2017\/09\/fiestas-patrias-Putaendo.jpg?w=580&amp;ssl=1 580w, https:\/\/i0.wp.com\/eltrabajo.cl\/portal\/wp-content\/uploads\/2017\/09\/fiestas-patrias-Putaendo.jpg?resize=200%2C138&amp;ssl=1 200w, https:\/\/i0.wp.com\/eltrabajo.cl\/portal\/wp-content\/uploads\/2017\/09\/fiestas-patrias-Putaendo.jpg?resize=300%2C207&amp;ssl=1 300w, https:\/\/i0.wp.com\/eltrabajo.cl\/portal\/wp-content\/uploads\/2017\/09\/fiestas-patrias-Putaendo.jpg?resize=218%2C150&amp;ssl=1 218w, https:\/\/i0.wp.com\/eltrabajo.cl\/portal\/wp-content\/uploads\/2017\/09\/fiestas-patrias-Putaendo.jpg?resize=400%2C276&amp;ssl=1 400w\" sizes=\"auto, (max-width: 580px) 100vw, 580px\" \/><figcaption id=\"caption-attachment-81702\" class=\"wp-caption-text\">Las Fiestas Patrias se viven en Putaendo, con alegr\u00eda, diversi\u00f3n y un largo programa de actividades t\u00edpicas chilenas.<\/figcaption><\/figure>\n<ul>\n<li><span style=\"color: #ff0000;\"><strong>La comuna ser\u00e1 el epicentro de las festividades en la provincia de San Felipe con diversos eventos desde este viernes y que se extender\u00e1n por todo el fin de semana largo con fondas, ramadas, ferias costumbristas, actos culturales, entre otras iniciativas.<\/strong> <\/span><\/li>\n<\/ul>\n<p><strong>PUTAENDO.-<\/strong> Diversas son las actividades de Fiestas Patrias que tendr\u00e1 Putaendo entre este viernes 15 y hasta el martes 19 de septiembre, eventos para toda la familia que la Capital Patrimonial de Aconcagua tiene preparado para cada uno de los visitantes que deseen celebraciones campesinas.<br \/>\nAs\u00ed lo mencion\u00f3 Dayma Villal\u00f3n, encargada de Turismo de la Municipalidad de Putaendo. A nombre del alcalde Guillermo Reyes, hizo el llamado a que el p\u00fablico se acerque a la comuna que ser\u00e1 el epicentro de las Fiestas Patrias en la provincia de San Felipe.<br \/>\n\u00abDejamos a todas y todos invitados cordialmente a la Capital Patrimonial del Valle de Aconcagua, para que vengan a disfrutar de actividades familiares. Hay una programaci\u00f3n bastante amplia para que puedan disfrutar de muestras art\u00edsticas, ramadas, juegos t\u00edpicos y cultura. As\u00ed que est\u00e1n todos invitados a pasar las fiestas ac\u00e1 en Putaendo\u00bb, expres\u00f3 Dayma.<br \/>\nEn el detalle, los eventos comienzan hoy viernes 15 de septiembre con un Intercambio Art\u00edstico a cargo de la Agrupaci\u00f3n de danza folcl\u00f3rica \u2018Semillas del Orolonco\u2019. El destacado elenco ha preparado un atractivo show junto a la agrupaci\u00f3n de Pirque \u2018Brotecitos del Raco\u2019. Esta iniciativa se llevar\u00e1 a cabo en el Casino Municipal, desde las 18:00hrs.<br \/>\nEste mismo viernes habr\u00e1 una serie de actividades en el marco del \u00abII Encuentro Internacional de Escritores \u2018Victoria P\u00e9rez Reyes\u2019, Putaendo 2017&#8243;. Desde el mediod\u00eda existir\u00e1 una Feria del Libro en la Plaza Prat, con un homenaje a la escritora local Victoria P\u00e9rez. A eso de las 17 horas, en el paseo peatonal, se efectuar\u00e1 el lanzamiento oficial de la novela \u2018Guacolda y Lautaro\u2019 del reconocido escritor nacional Saul Schkolnik.<\/p>\n<p><span style=\"color: #ff0000;\"><strong>FONDAS Y RAMADAS <\/strong><\/span><br \/>\nEl s\u00e1bado 16 de septiembre comienza de lleno las ramadas en Putaendo. A las 19:30 de ese d\u00eda, ser\u00e1 la inauguraci\u00f3n oficial de la Ramada de la Familia S\u00e1nchez, tradicional fiesta huasa familiar que tendr\u00e1 diferentes muestras campesinas para toda la familia. Est\u00e1 ubicada en Calle Brasil N\u00b0182 (al interior). La inauguraci\u00f3n tiene entrada liberada y los d\u00edas 17, 18 y 19 habr\u00e1 una adhesi\u00f3n de mil pesos.<br \/>\nEl s\u00e1bado tambi\u00e9n habr\u00e1 una gran Feria Costumbrista, a cargo del Club Deportivo Libertad de Guzmanes. Un grato ambiente familiar en medio del campo putaendino Calle La Cancha s\/n, Rinconada de Guzmanes, desde las 11 horas con entrada liberada.<br \/>\nEl mismo s\u00e1bado se inaugura la Ramada y Fiesta Huasa en Tabolango a las 14:30hrs, la que se realizar\u00e1 los d\u00edas 16, 17, 18 y 19 de septiembre. Organizada por la agrupaci\u00f3n cultural \u2018Recuperando Las Ra\u00edces\u2019, la actividad se llevar\u00e1 a cabo en calle M. Rodr\u00edguez.<br \/>\nEl domingo 17 de septiembre, es la inauguraci\u00f3n de la Fonda y Rodeo Oficial de Sahond\u00e9. La destacada fiesta huasa, contar\u00e1 con juegos criollos, carreras a la chilena, m\u00fasica y comida t\u00edpica en el Parque del Huaso de Sahond\u00e9. Comenzar\u00e1 a las 12:00hrs y estar\u00e1 hasta el 19 de septiembre.<br \/>\nEl mismo domingo se contar\u00e1 con la Pe\u00f1a Folcl\u00f3rica Los Carmelitos de Rinconada de Silva, tradicional presentaci\u00f3n que se realizar\u00e1 en el Club Deportivo Central, ubicado en Calle El Carmen S\/N, Rinconada de Silva, comuna de Putaendo desde las 20:00 hrs. El valor de la adhesi\u00f3n es de $1.000 adultos y $500 los ni\u00f1os.<br \/>\nPara el lunes 18 de septiembre, la Parroquia San Antonio de Padua tendr\u00e1 una gran Misa a la chilena a las 12 horas.<br \/>\nPor \u00faltimo, el martes 19 de septiembre se instalar\u00e1 la \u2018Feria Saberes y Sabores\u2019 de Rinconada de Silva, con muestra de gastronom\u00eda t\u00edpica, artesan\u00edas, productos t\u00edpicos. La feria se llevar\u00e1 a cabo en la Plaza Rinconada de Silva desde las 11:00hrs.<\/p>\n","protected":false},"excerpt":{"rendered":"<p>La comuna ser\u00e1 el epicentro de las festividades en la provincia de San Felipe con diversos eventos desde este viernes y que se extender\u00e1n por todo el fin de semana largo con&#8230;<\/p>\n","protected":false},"author":1,"featured_media":81702,"comment_status":"open","ping_status":"open","sticky":false,"template":"","format":"standard","meta":{"advanced_seo_description":"","jetpack_seo_html_title":"","jetpack_seo_noindex":false,"_jetpack_memberships_contains_paid_content":false,"footnotes":""},"categories":[1],"tags":[],"class_list":["post-81701","post","type-post","status-publish","format-standard","has-post-thumbnail","hentry","category-cronica"],"jetpack_featured_media_url":"https:\/\/i0.wp.com\/eltrabajo.cl\/portal\/wp-content\/uploads\/2017\/09\/fiestas-patrias-Putaendo.jpg?fit=580%2C400&ssl=1","jetpack_sharing_enabled":true,"jetpack_likes_enabled":true,"jetpack-related-posts":[],"_links":{"self":[{"href":"https:\/\/eltrabajo.cl\/portal\/wp-json\/wp\/v2\/posts\/81701","targetHints":{"allow":["GET"]}}],"collection":[{"href":"https:\/\/eltrabajo.cl\/portal\/wp-json\/wp\/v2\/posts"}],"about":[{"href":"https:\/\/eltrabajo.cl\/portal\/wp-json\/wp\/v2\/types\/post"}],"author":[{"embeddable":true,"href":"https:\/\/eltrabajo.cl\/portal\/wp-json\/wp\/v2\/users\/1"}],"replies":[{"embeddable":true,"href":"https:\/\/eltrabajo.cl\/portal\/wp-json\/wp\/v2\/comments?post=81701"}],"version-history":[{"count":0,"href":"https:\/\/eltrabajo.cl\/portal\/wp-json\/wp\/v2\/posts\/81701\/revisions"}],"wp:featuredmedia":[{"embeddable":true,"href":"https:\/\/eltrabajo.cl\/portal\/wp-json\/wp\/v2\/media\/81702"}],"wp:attachment":[{"href":"https:\/\/eltrabajo.cl\/portal\/wp-json\/wp\/v2\/media?parent=81701"}],"wp:term":[{"taxonomy":"category","embeddable":true,"href":"https:\/\/eltrabajo.cl\/portal\/wp-json\/wp\/v2\/categories?post=81701"},{"taxonomy":"post_tag","embeddable":true,"href":"https:\/\/eltrabajo.cl\/portal\/wp-json\/wp\/v2\/tags?post=81701"}],"curies":[{"name":"wp","href":"https:\/\/api.w.org\/{rel}","templated":true}]}}