{"id":81704,"date":"2017-09-15T05:05:30","date_gmt":"2017-09-15T09:05:30","guid":{"rendered":"http:\/\/www.eltrabajo.cl\/2017\/?p=81704"},"modified":"2017-09-15T05:05:30","modified_gmt":"2017-09-15T09:05:30","slug":"union-san-felipe-sin-entrenador-tras-despido-del-tecnico-hernan-madrid","status":"publish","type":"post","link":"https:\/\/eltrabajo.cl\/portal\/union-san-felipe-sin-entrenador-tras-despido-del-tecnico-hernan-madrid\/","title":{"rendered":"Uni\u00f3n San Felipe sin entrenador tras despido del t\u00e9cnico Hern\u00e1n Madrid"},"content":{"rendered":"<figure id=\"attachment_81705\" aria-describedby=\"caption-attachment-81705\" style=\"width: 580px\" class=\"wp-caption alignnone\"><img data-recalc-dims=\"1\" loading=\"lazy\" decoding=\"async\" class=\"size-full wp-image-81705\" src=\"https:\/\/i0.wp.com\/www.eltrabajo.cl\/2017\/wp-content\/uploads\/2017\/09\/hernan-madrid.jpg?resize=580%2C399\" alt=\"SE VA.- Finalmente ayer fue despedido el entrenador de Uni\u00f3n San Felipe, Hern\u00e1n Madrid, luego de los reiterados malos resultados con el primer equipo.\" width=\"580\" height=\"399\" srcset=\"https:\/\/i0.wp.com\/eltrabajo.cl\/portal\/wp-content\/uploads\/2017\/09\/hernan-madrid.jpg?w=580&amp;ssl=1 580w, https:\/\/i0.wp.com\/eltrabajo.cl\/portal\/wp-content\/uploads\/2017\/09\/hernan-madrid.jpg?resize=200%2C138&amp;ssl=1 200w, https:\/\/i0.wp.com\/eltrabajo.cl\/portal\/wp-content\/uploads\/2017\/09\/hernan-madrid.jpg?resize=300%2C206&amp;ssl=1 300w, https:\/\/i0.wp.com\/eltrabajo.cl\/portal\/wp-content\/uploads\/2017\/09\/hernan-madrid.jpg?resize=218%2C150&amp;ssl=1 218w, https:\/\/i0.wp.com\/eltrabajo.cl\/portal\/wp-content\/uploads\/2017\/09\/hernan-madrid.jpg?resize=400%2C275&amp;ssl=1 400w\" sizes=\"auto, (max-width: 580px) 100vw, 580px\" \/><figcaption id=\"caption-attachment-81705\" class=\"wp-caption-text\">SE VA.- Finalmente ayer fue despedido el entrenador de Uni\u00f3n San Felipe, Hern\u00e1n Madrid, luego de los reiterados malos resultados con el primer equipo.<\/figcaption><\/figure>\n<p>Luego de la sucesiva seguidilla de malos resultados, la directiva de Uni\u00f3n San Felipe determin\u00f3 ayer en la tarde cesar en sus funciones al entrenador Hern\u00e1n Madrid de sus funciones como Director T\u00e9cnico del primer equipo de Uni\u00f3n San Felipe.<br \/>\nLa determinaci\u00f3n fue comunicada al t\u00e9cnico en horas de ayer y el entrenador se despidi\u00f3 de cada uno de los jugadores del plantel durante la pr\u00e1ctica de ayer en la tarde.<br \/>\nEn estos momentos el equipo se encuentra sin t\u00e9cnico, la dirigencia se encuentra trabajando en la b\u00fasqueda de un entrenador que se especula podr\u00eda ser argentino o chileno, lo concreto es que Hern\u00e1n Madrid dej\u00f3 de ser entrenador de Uni\u00f3n San Felipe, situaci\u00f3n que fue confirmada por el gerente de Uni\u00f3n San Felipe, Eduardo Olivares.<\/p>\n","protected":false},"excerpt":{"rendered":"<p>Luego de la sucesiva seguidilla de malos resultados, la directiva de Uni\u00f3n San Felipe determin\u00f3 ayer en la tarde cesar en sus funciones al entrenador Hern\u00e1n Madrid de sus funciones como Director&#8230;<\/p>\n","protected":false},"author":1,"featured_media":81705,"comment_status":"open","ping_status":"open","sticky":false,"template":"","format":"standard","meta":{"advanced_seo_description":"","jetpack_seo_html_title":"","jetpack_seo_noindex":false,"_jetpack_memberships_contains_paid_content":false,"footnotes":""},"categories":[19],"tags":[],"class_list":["post-81704","post","type-post","status-publish","format-standard","has-post-thumbnail","hentry","category-deportes"],"jetpack_featured_media_url":"https:\/\/i0.wp.com\/eltrabajo.cl\/portal\/wp-content\/uploads\/2017\/09\/hernan-madrid.jpg?fit=580%2C399&ssl=1","jetpack_sharing_enabled":true,"jetpack_likes_enabled":true,"jetpack-related-posts":[],"_links":{"self":[{"href":"https:\/\/eltrabajo.cl\/portal\/wp-json\/wp\/v2\/posts\/81704","targetHints":{"allow":["GET"]}}],"collection":[{"href":"https:\/\/eltrabajo.cl\/portal\/wp-json\/wp\/v2\/posts"}],"about":[{"href":"https:\/\/eltrabajo.cl\/portal\/wp-json\/wp\/v2\/types\/post"}],"author":[{"embeddable":true,"href":"https:\/\/eltrabajo.cl\/portal\/wp-json\/wp\/v2\/users\/1"}],"replies":[{"embeddable":true,"href":"https:\/\/eltrabajo.cl\/portal\/wp-json\/wp\/v2\/comments?post=81704"}],"version-history":[{"count":0,"href":"https:\/\/eltrabajo.cl\/portal\/wp-json\/wp\/v2\/posts\/81704\/revisions"}],"wp:featuredmedia":[{"embeddable":true,"href":"https:\/\/eltrabajo.cl\/portal\/wp-json\/wp\/v2\/media\/81705"}],"wp:attachment":[{"href":"https:\/\/eltrabajo.cl\/portal\/wp-json\/wp\/v2\/media?parent=81704"}],"wp:term":[{"taxonomy":"category","embeddable":true,"href":"https:\/\/eltrabajo.cl\/portal\/wp-json\/wp\/v2\/categories?post=81704"},{"taxonomy":"post_tag","embeddable":true,"href":"https:\/\/eltrabajo.cl\/portal\/wp-json\/wp\/v2\/tags?post=81704"}],"curies":[{"name":"wp","href":"https:\/\/api.w.org\/{rel}","templated":true}]}}