{"id":81707,"date":"2017-09-15T05:06:02","date_gmt":"2017-09-15T09:06:02","guid":{"rendered":"http:\/\/www.eltrabajo.cl\/2017\/?p=81707"},"modified":"2017-09-15T05:06:02","modified_gmt":"2017-09-15T09:06:02","slug":"abuelita-sufrio-serias-lesiones-en-su-rostro-tras-ser-agredida-por-mujer","status":"publish","type":"post","link":"https:\/\/eltrabajo.cl\/portal\/abuelita-sufrio-serias-lesiones-en-su-rostro-tras-ser-agredida-por-mujer\/","title":{"rendered":"Abuelita sufri\u00f3 serias lesiones en su rostro tras ser agredida por mujer"},"content":{"rendered":"<figure id=\"attachment_81708\" aria-describedby=\"caption-attachment-81708\" style=\"width: 580px\" class=\"wp-caption alignnone\"><img data-recalc-dims=\"1\" loading=\"lazy\" decoding=\"async\" class=\"size-full wp-image-81708\" src=\"https:\/\/i0.wp.com\/www.eltrabajo.cl\/2017\/wp-content\/uploads\/2017\/09\/ABUELITA-LESIONADA.jpg?resize=580%2C399\" alt=\"En el sitio del suceso se ven las huellas de sangre que perdi\u00f3 la v\u00edctima de 73 a\u00f1os de edad, como tambi\u00e9n parte de la pala que mantendr\u00eda la atacante. (Foto Radio Aconcagua).\" width=\"580\" height=\"399\" srcset=\"https:\/\/i0.wp.com\/eltrabajo.cl\/portal\/wp-content\/uploads\/2017\/09\/ABUELITA-LESIONADA.jpg?w=580&amp;ssl=1 580w, https:\/\/i0.wp.com\/eltrabajo.cl\/portal\/wp-content\/uploads\/2017\/09\/ABUELITA-LESIONADA.jpg?resize=200%2C138&amp;ssl=1 200w, https:\/\/i0.wp.com\/eltrabajo.cl\/portal\/wp-content\/uploads\/2017\/09\/ABUELITA-LESIONADA.jpg?resize=300%2C206&amp;ssl=1 300w, https:\/\/i0.wp.com\/eltrabajo.cl\/portal\/wp-content\/uploads\/2017\/09\/ABUELITA-LESIONADA.jpg?resize=218%2C150&amp;ssl=1 218w, https:\/\/i0.wp.com\/eltrabajo.cl\/portal\/wp-content\/uploads\/2017\/09\/ABUELITA-LESIONADA.jpg?resize=400%2C275&amp;ssl=1 400w\" sizes=\"auto, (max-width: 580px) 100vw, 580px\" \/><figcaption id=\"caption-attachment-81708\" class=\"wp-caption-text\">En el sitio del suceso se ven las huellas de sangre que perdi\u00f3 la v\u00edctima de 73 a\u00f1os de edad, como tambi\u00e9n parte de la pala que mantendr\u00eda la atacante. (Foto Radio Aconcagua).<\/figcaption><\/figure>\n<ul>\n<li><strong><span style=\"color: #ff0000;\">En aparente venganza por l\u00edo familiar:<\/span>\u00a0V\u00edctima de 73 a\u00f1os de edad fue sometida a diversos ex\u00e1menes de rigor en el Hospital San Camilo, tras la brutal agresi\u00f3n ocurrida en calle Portus con Santo Domingo en San Felipe. Pese a que la agresora es conocida por la afectada, hasta el cierre de esta nota, la acusada no ha sido detenida por Carabineros.<\/strong><\/li>\n<\/ul>\n<p>Una brutal agresi\u00f3n sufri\u00f3 una adulta mayor de 73 a\u00f1os de edad, quien fue agredida por una mujer joven, cayendo al suelo y lesion\u00e1ndose seriamente en el rostro, sangrando considerablemente al punto de dejar un peque\u00f1o charco sobre la acera. Lo anterior tras ser empujada por la agresora, quien aparentemente en venganza por problemas familiares, cometi\u00f3 la desmedida acci\u00f3n en contra de la abuelita.<br \/>\nLos hechos se habr\u00edan originado la tarde de ayer jueves en calle Portus con Santo Domingo en San Felipe, en los momentos que la v\u00edctima circulaba por dicha intersecci\u00f3n, observando a una pareja aparentemente bajo los efectos del alcohol, quienes discut\u00edan.<br \/>\nSorpresivamente esta joven mujer, al percatarse de la presencia de la adulta mayor, sin provocaci\u00f3n alguna se abalanz\u00f3 sobre ella, portando en sus manos una pala para intimidarla, empujando a la v\u00edctima y haci\u00e9ndola caer al suelo, provocando que \u00e9sta se golpeara el rostro en la acera.<br \/>\nSeg\u00fan se pudo conocer, el hombre que acompa\u00f1aba a la agresora intervino en el brutal ataque, impidiendo que la desalmada continuara atacando a la indefensa v\u00edctima, huyendo ambos del sitio del suceso sin prestarle auxilio.<br \/>\nLos antecedentes de este caso se\u00f1alan que la v\u00edctima, previo a sufrir esta agresi\u00f3n, se encontraba hablando v\u00eda celular con su hijo, quien logr\u00f3 escuchar gritos de desesperaci\u00f3n de su madre, presumi\u00e9ndose que la afectada habr\u00eda sido v\u00edctima de un robo en la v\u00eda p\u00fablica.<br \/>\nNo obstante hasta el lugar y despu\u00e9s de mucho esperar concurri\u00f3 personal de Carabineros, quienes adoptaron la denuncia por agresi\u00f3n, mientras la v\u00edctima fue conducida hasta el servicio de urgencias del Hospital San Camilo de San Felipe para asistir a la lesionada.<br \/>\nHasta el cierre de esta nota Carabineros inform\u00f3 que la paciente de iniciales I.R.M., domiciliada en la ciudad de San Felipe, se encontraba internada en dicho centro asistencial, a la espera de ser sometida a ex\u00e1menes de rigor por el cuerpo m\u00e9dico para determinar las lesiones sufridas.<br \/>\nAl mismo tiempo se desconoce el paradero de la agresora, quien fue individualizada por la adulta mayor y su captura podr\u00eda haberse concretado durante el per\u00edodo de flagrancia por parte de la polic\u00eda uniformada, descart\u00e1ndose la ocurrencia de un robo.<br \/>\n<strong>Pablo Salinas Sald\u00edas<\/strong><\/p>\n","protected":false},"excerpt":{"rendered":"<p>En aparente venganza por l\u00edo familiar:\u00a0V\u00edctima de 73 a\u00f1os de edad fue sometida a diversos ex\u00e1menes de rigor en el Hospital San Camilo, tras la brutal agresi\u00f3n ocurrida en calle Portus con&#8230;<\/p>\n","protected":false},"author":1,"featured_media":81708,"comment_status":"open","ping_status":"open","sticky":false,"template":"","format":"standard","meta":{"advanced_seo_description":"","jetpack_seo_html_title":"","jetpack_seo_noindex":false,"_jetpack_memberships_contains_paid_content":false,"footnotes":""},"categories":[21],"tags":[],"class_list":["post-81707","post","type-post","status-publish","format-standard","has-post-thumbnail","hentry","category-policial"],"jetpack_featured_media_url":"https:\/\/i0.wp.com\/eltrabajo.cl\/portal\/wp-content\/uploads\/2017\/09\/ABUELITA-LESIONADA.jpg?fit=580%2C399&ssl=1","jetpack_sharing_enabled":true,"jetpack_likes_enabled":true,"jetpack-related-posts":[],"_links":{"self":[{"href":"https:\/\/eltrabajo.cl\/portal\/wp-json\/wp\/v2\/posts\/81707","targetHints":{"allow":["GET"]}}],"collection":[{"href":"https:\/\/eltrabajo.cl\/portal\/wp-json\/wp\/v2\/posts"}],"about":[{"href":"https:\/\/eltrabajo.cl\/portal\/wp-json\/wp\/v2\/types\/post"}],"author":[{"embeddable":true,"href":"https:\/\/eltrabajo.cl\/portal\/wp-json\/wp\/v2\/users\/1"}],"replies":[{"embeddable":true,"href":"https:\/\/eltrabajo.cl\/portal\/wp-json\/wp\/v2\/comments?post=81707"}],"version-history":[{"count":0,"href":"https:\/\/eltrabajo.cl\/portal\/wp-json\/wp\/v2\/posts\/81707\/revisions"}],"wp:featuredmedia":[{"embeddable":true,"href":"https:\/\/eltrabajo.cl\/portal\/wp-json\/wp\/v2\/media\/81708"}],"wp:attachment":[{"href":"https:\/\/eltrabajo.cl\/portal\/wp-json\/wp\/v2\/media?parent=81707"}],"wp:term":[{"taxonomy":"category","embeddable":true,"href":"https:\/\/eltrabajo.cl\/portal\/wp-json\/wp\/v2\/categories?post=81707"},{"taxonomy":"post_tag","embeddable":true,"href":"https:\/\/eltrabajo.cl\/portal\/wp-json\/wp\/v2\/tags?post=81707"}],"curies":[{"name":"wp","href":"https:\/\/api.w.org\/{rel}","templated":true}]}}