{"id":81711,"date":"2017-09-20T05:00:57","date_gmt":"2017-09-20T09:00:57","guid":{"rendered":"http:\/\/www.eltrabajo.cl\/2017\/?p=81711"},"modified":"2017-09-20T05:00:57","modified_gmt":"2017-09-20T09:00:57","slug":"con-juegos-tipicos-y-asado-internos-armaron-su-fiesta-en-carcel-local","status":"publish","type":"post","link":"https:\/\/eltrabajo.cl\/portal\/con-juegos-tipicos-y-asado-internos-armaron-su-fiesta-en-carcel-local\/","title":{"rendered":"Con juegos t\u00edpicos y asado, internos armaron su fiesta en c\u00e1rcel local"},"content":{"rendered":"<figure id=\"attachment_81713\" aria-describedby=\"caption-attachment-81713\" style=\"width: 580px\" class=\"wp-caption alignnone\"><img data-recalc-dims=\"1\" loading=\"lazy\" decoding=\"async\" class=\"size-full wp-image-81713\" src=\"https:\/\/i0.wp.com\/www.eltrabajo.cl\/2017\/wp-content\/uploads\/2017\/09\/Presos2.jpg?resize=580%2C399\" alt=\"Tambi\u00e9n los reclusos desarrollaron juegos tradicionales al interior del centro penal.\" width=\"580\" height=\"399\" srcset=\"https:\/\/i0.wp.com\/eltrabajo.cl\/portal\/wp-content\/uploads\/2017\/09\/Presos2.jpg?w=580&amp;ssl=1 580w, https:\/\/i0.wp.com\/eltrabajo.cl\/portal\/wp-content\/uploads\/2017\/09\/Presos2.jpg?resize=200%2C138&amp;ssl=1 200w, https:\/\/i0.wp.com\/eltrabajo.cl\/portal\/wp-content\/uploads\/2017\/09\/Presos2.jpg?resize=300%2C206&amp;ssl=1 300w, https:\/\/i0.wp.com\/eltrabajo.cl\/portal\/wp-content\/uploads\/2017\/09\/Presos2.jpg?resize=218%2C150&amp;ssl=1 218w, https:\/\/i0.wp.com\/eltrabajo.cl\/portal\/wp-content\/uploads\/2017\/09\/Presos2.jpg?resize=400%2C275&amp;ssl=1 400w\" sizes=\"auto, (max-width: 580px) 100vw, 580px\" \/><figcaption id=\"caption-attachment-81713\" class=\"wp-caption-text\">Tambi\u00e9n los reclusos desarrollaron juegos tradicionales al interior del centro penal.<\/figcaption><\/figure>\n<p>No cabe duda que una de las fechas m\u00e1s esperadas en todo el pa\u00eds es el 18 de septiembre, y lo mismo ocurre para las personas que se encuentran privadas de libertad. Es por ello que en el Centro de Cumplimiento Penitenciario (CCP) de San Felipe Gendarmer\u00eda tom\u00f3 la decisi\u00f3n de permitir que los reclusos disfrutaran de una jornada de juegos t\u00edpicos y extender el tiempo de las visitas autorizadas para el fin de semana patrio, adem\u00e1s de permitirles realizar un asado.<br \/>\nPor motivos de seguridad y log\u00edstica imputados, condenados y la poblaci\u00f3n aislada pudieron festejar de estas Fiestas Patrias en distintas fechas, toc\u00e1ndoles el pasado viernes a quienes ya se encuentran cumpliendo una condena. En la oportunidad los reos participaron de juegos t\u00edpicos tales como: tirar la cuerda, gincana y carrera de ensacados, entre otros. Adem\u00e1s, y mientras se desarrollaban estas actividades, un grupo se encargaba de asar los anticuchos y repartir empanadas.<br \/>\nEn la oportunidad el jefe del CCP de San Felipe, mayor Felipe Cornejo, destac\u00f3 los beneficios que estas iniciativas traen para la unidad.<br \/>\n\u00abCon el fin de bajar un poco la efervescencia que estas fiestas provocan en las unidades penales, decidimos con el personal realizar un mont\u00f3n de actividades. Toda esta semana hemos estado con juegos criollos. Tomamos todos los resguardos necesarios con el fin de evitar riesgos. Esto baja un poco los niveles de ansiedad, lo que facilita el trabajo del personal\u00bb, dijo Cornejo.<br \/>\nAl interior del establecimiento penitenciario existe un comit\u00e9 conformado exclusivamente por internos. Ellos organizan actividades deportivas, sociales o de otra \u00edndole. Uno de sus integrantes es Fernando Alan, quien destac\u00f3 lo beneficioso que es este tipo de iniciativas.<br \/>\n\u00abHa sido s\u00faper bueno, porque se ha distra\u00eddo la poblaci\u00f3n penal y hemos tenido un buen comportamiento. Gendarmer\u00eda nos ha facilitado estos juegos criollos. Estoy muy contento, porque as\u00ed salimos de la rutina que tenemos en el patio y la gente est\u00e1 contenta porque compartimos todos juntos. El comportamiento que hemos tenido ha sido excelente\u00bb.<br \/>\nRespecto a la visita extendida que tuvieron el s\u00e1bado y domingo, el joven afirm\u00f3 que es muy importante, \u00abporque se extra\u00f1a demasiado, porque yo tengo tres hijos y la mayor\u00eda ac\u00e1 somos padres. Tengo un beb\u00e9 reci\u00e9n nacido y me lo van a traer para conocerlo. Gracias a Dios se me est\u00e1n abriendo las puertas para hacer cosas positivas\u00bb. A todo esto se suma que este lunes y martes tanto imputados como condenados tuvieron la posibilidad de organizar un asado y as\u00ed compartir estas fiestas, pese a estar privados de libertad.<\/p>\n<figure id=\"attachment_81712\" aria-describedby=\"caption-attachment-81712\" style=\"width: 580px\" class=\"wp-caption alignnone\"><img data-recalc-dims=\"1\" loading=\"lazy\" decoding=\"async\" class=\"size-full wp-image-81712\" src=\"https:\/\/i0.wp.com\/www.eltrabajo.cl\/2017\/wp-content\/uploads\/2017\/09\/Presos1.jpg?resize=580%2C400\" alt=\"Gendarmer\u00eda tom\u00f3 la decisi\u00f3n de permitir que los reclusos disfrutaran de una jornada de juegos t\u00edpicos y extender el tiempo de las visitas autorizadas para el fin de semana patrio, adem\u00e1s de permitirles realizar un asado.\" width=\"580\" height=\"400\" srcset=\"https:\/\/i0.wp.com\/eltrabajo.cl\/portal\/wp-content\/uploads\/2017\/09\/Presos1.jpg?w=580&amp;ssl=1 580w, https:\/\/i0.wp.com\/eltrabajo.cl\/portal\/wp-content\/uploads\/2017\/09\/Presos1.jpg?resize=200%2C138&amp;ssl=1 200w, https:\/\/i0.wp.com\/eltrabajo.cl\/portal\/wp-content\/uploads\/2017\/09\/Presos1.jpg?resize=300%2C207&amp;ssl=1 300w, https:\/\/i0.wp.com\/eltrabajo.cl\/portal\/wp-content\/uploads\/2017\/09\/Presos1.jpg?resize=218%2C150&amp;ssl=1 218w, https:\/\/i0.wp.com\/eltrabajo.cl\/portal\/wp-content\/uploads\/2017\/09\/Presos1.jpg?resize=400%2C276&amp;ssl=1 400w\" sizes=\"auto, (max-width: 580px) 100vw, 580px\" \/><figcaption id=\"caption-attachment-81712\" class=\"wp-caption-text\">Gendarmer\u00eda tom\u00f3 la decisi\u00f3n de permitir que los reclusos disfrutaran de una jornada de juegos t\u00edpicos y extender el tiempo de las visitas autorizadas para el fin de semana patrio, adem\u00e1s de permitirles realizar un asado.<\/figcaption><\/figure>\n","protected":false},"excerpt":{"rendered":"<p>No cabe duda que una de las fechas m\u00e1s esperadas en todo el pa\u00eds es el 18 de septiembre, y lo mismo ocurre para las personas que se encuentran privadas de libertad&#8230;.<\/p>\n","protected":false},"author":1,"featured_media":81712,"comment_status":"open","ping_status":"open","sticky":false,"template":"","format":"standard","meta":{"advanced_seo_description":"","jetpack_seo_html_title":"","jetpack_seo_noindex":false,"_jetpack_memberships_contains_paid_content":false,"footnotes":""},"categories":[15],"tags":[],"class_list":["post-81711","post","type-post","status-publish","format-standard","has-post-thumbnail","hentry","category-comunidad"],"jetpack_featured_media_url":"https:\/\/i0.wp.com\/eltrabajo.cl\/portal\/wp-content\/uploads\/2017\/09\/Presos1.jpg?fit=580%2C400&ssl=1","jetpack_sharing_enabled":true,"jetpack_likes_enabled":true,"jetpack-related-posts":[],"_links":{"self":[{"href":"https:\/\/eltrabajo.cl\/portal\/wp-json\/wp\/v2\/posts\/81711","targetHints":{"allow":["GET"]}}],"collection":[{"href":"https:\/\/eltrabajo.cl\/portal\/wp-json\/wp\/v2\/posts"}],"about":[{"href":"https:\/\/eltrabajo.cl\/portal\/wp-json\/wp\/v2\/types\/post"}],"author":[{"embeddable":true,"href":"https:\/\/eltrabajo.cl\/portal\/wp-json\/wp\/v2\/users\/1"}],"replies":[{"embeddable":true,"href":"https:\/\/eltrabajo.cl\/portal\/wp-json\/wp\/v2\/comments?post=81711"}],"version-history":[{"count":0,"href":"https:\/\/eltrabajo.cl\/portal\/wp-json\/wp\/v2\/posts\/81711\/revisions"}],"wp:featuredmedia":[{"embeddable":true,"href":"https:\/\/eltrabajo.cl\/portal\/wp-json\/wp\/v2\/media\/81712"}],"wp:attachment":[{"href":"https:\/\/eltrabajo.cl\/portal\/wp-json\/wp\/v2\/media?parent=81711"}],"wp:term":[{"taxonomy":"category","embeddable":true,"href":"https:\/\/eltrabajo.cl\/portal\/wp-json\/wp\/v2\/categories?post=81711"},{"taxonomy":"post_tag","embeddable":true,"href":"https:\/\/eltrabajo.cl\/portal\/wp-json\/wp\/v2\/tags?post=81711"}],"curies":[{"name":"wp","href":"https:\/\/api.w.org\/{rel}","templated":true}]}}