{"id":81724,"date":"2017-09-20T05:03:12","date_gmt":"2017-09-20T09:03:12","guid":{"rendered":"http:\/\/www.eltrabajo.cl\/2017\/?p=81724"},"modified":"2017-09-20T05:03:12","modified_gmt":"2017-09-20T09:03:12","slug":"ciclista-de-61-anos-fallece-tras-ser-colisionado-por-un-motociclista","status":"publish","type":"post","link":"https:\/\/eltrabajo.cl\/portal\/ciclista-de-61-anos-fallece-tras-ser-colisionado-por-un-motociclista\/","title":{"rendered":"Ciclista de 61 a\u00f1os fallece tras ser colisionado por un motociclista"},"content":{"rendered":"<figure id=\"attachment_81725\" aria-describedby=\"caption-attachment-81725\" style=\"width: 580px\" class=\"wp-caption alignnone\"><img data-recalc-dims=\"1\" loading=\"lazy\" decoding=\"async\" class=\"size-full wp-image-81725\" src=\"https:\/\/i0.wp.com\/www.eltrabajo.cl\/2017\/wp-content\/uploads\/2017\/09\/SAMU-ARCHIVO.jpg?resize=580%2C399\" alt=\"La v\u00edctima fue derivada al Servicio de Urgencia del Hospital San Camilo donde a los pocos minutoa falleci\u00f3. (Archivo). \" width=\"580\" height=\"399\" srcset=\"https:\/\/i0.wp.com\/eltrabajo.cl\/portal\/wp-content\/uploads\/2017\/09\/SAMU-ARCHIVO.jpg?w=580&amp;ssl=1 580w, https:\/\/i0.wp.com\/eltrabajo.cl\/portal\/wp-content\/uploads\/2017\/09\/SAMU-ARCHIVO.jpg?resize=200%2C138&amp;ssl=1 200w, https:\/\/i0.wp.com\/eltrabajo.cl\/portal\/wp-content\/uploads\/2017\/09\/SAMU-ARCHIVO.jpg?resize=300%2C206&amp;ssl=1 300w, https:\/\/i0.wp.com\/eltrabajo.cl\/portal\/wp-content\/uploads\/2017\/09\/SAMU-ARCHIVO.jpg?resize=218%2C150&amp;ssl=1 218w, https:\/\/i0.wp.com\/eltrabajo.cl\/portal\/wp-content\/uploads\/2017\/09\/SAMU-ARCHIVO.jpg?resize=400%2C275&amp;ssl=1 400w\" sizes=\"auto, (max-width: 580px) 100vw, 580px\" \/><figcaption id=\"caption-attachment-81725\" class=\"wp-caption-text\">La v\u00edctima fue derivada al Servicio de Urgencia del Hospital San Camilo donde a los pocos minutoa falleci\u00f3. (Archivo).<\/figcaption><\/figure>\n<ul>\n<li><span style=\"color: #ff0000;\"><strong>Tragedia en sector La Troya de San Felipe:\u00a0Siat de Carabineros investiga las causas basales de este lamentable accidente ocurrido la tarde noche de este viernes.<\/strong><\/span><\/li>\n<\/ul>\n<p>Tras ser derivado de Urgencias hasta el Hospital San Camilo de San Felipe, un ciclista de 61 a\u00f1os de edad falleci\u00f3 luego de haber sido colisionado por el conductor de una motocicleta, quien se desplazaba en direcci\u00f3n al oriente por Calle Salvador Gallardo en el sector La Troya de esta ciudad.<br \/>\nEl accidente de tr\u00e1nsito ocurri\u00f3 alrededor de las 20:25 horas de este viernes, luego que el motociclista adulto, quien por causas que se investigan colision\u00f3 al ciclista, habr\u00eda cruzado la calzada a fin de tomar la pista hacia el oriente, seg\u00fan el reporte de Carabineros.<br \/>\nEn este escenario el conductor del veh\u00edculo menor identificado como Jos\u00e9 Roberto Castro Past\u00e9n, de 61 a\u00f1os de edad, sali\u00f3 eyectado de su m\u00f3vil azot\u00e1ndose contra el pavimento y resultando con lesiones de gravedad, siendo derivado hasta dicho centro hospitalario, falleciendo a los pocos minutos.<br \/>\nEn tanto, el conductor de la motocicleta conduc\u00eda en normal estado de temperancia con su licencia de conducir y documentaci\u00f3n al d\u00eda, indic\u00f3 Carabineros. Agregando que por instrucci\u00f3n del Fiscal de Turno, quedar\u00e1 a la espera de ser citado al Ministerio P\u00fablico.<br \/>\nAsimismo se instruy\u00f3 las diligencias de la Subcomisar\u00eda Investigadora de Accidentes de Tr\u00e1nsito (Siat) de Carabineros para las pericias que determinen el origen de este accidente con resultado de muerte.<br \/>\n<strong>Pablo Salinas Sald\u00edas<\/strong><\/p>\n","protected":false},"excerpt":{"rendered":"<p>Tragedia en sector La Troya de San Felipe:\u00a0Siat de Carabineros investiga las causas basales de este lamentable accidente ocurrido la tarde noche de este viernes. Tras ser derivado de Urgencias hasta el&#8230;<\/p>\n","protected":false},"author":1,"featured_media":81725,"comment_status":"open","ping_status":"open","sticky":false,"template":"","format":"standard","meta":{"advanced_seo_description":"","jetpack_seo_html_title":"","jetpack_seo_noindex":false,"_jetpack_memberships_contains_paid_content":false,"footnotes":""},"categories":[21],"tags":[],"class_list":["post-81724","post","type-post","status-publish","format-standard","has-post-thumbnail","hentry","category-policial"],"jetpack_featured_media_url":"https:\/\/i0.wp.com\/eltrabajo.cl\/portal\/wp-content\/uploads\/2017\/09\/SAMU-ARCHIVO.jpg?fit=580%2C399&ssl=1","jetpack_sharing_enabled":true,"jetpack_likes_enabled":true,"jetpack-related-posts":[],"_links":{"self":[{"href":"https:\/\/eltrabajo.cl\/portal\/wp-json\/wp\/v2\/posts\/81724","targetHints":{"allow":["GET"]}}],"collection":[{"href":"https:\/\/eltrabajo.cl\/portal\/wp-json\/wp\/v2\/posts"}],"about":[{"href":"https:\/\/eltrabajo.cl\/portal\/wp-json\/wp\/v2\/types\/post"}],"author":[{"embeddable":true,"href":"https:\/\/eltrabajo.cl\/portal\/wp-json\/wp\/v2\/users\/1"}],"replies":[{"embeddable":true,"href":"https:\/\/eltrabajo.cl\/portal\/wp-json\/wp\/v2\/comments?post=81724"}],"version-history":[{"count":0,"href":"https:\/\/eltrabajo.cl\/portal\/wp-json\/wp\/v2\/posts\/81724\/revisions"}],"wp:featuredmedia":[{"embeddable":true,"href":"https:\/\/eltrabajo.cl\/portal\/wp-json\/wp\/v2\/media\/81725"}],"wp:attachment":[{"href":"https:\/\/eltrabajo.cl\/portal\/wp-json\/wp\/v2\/media?parent=81724"}],"wp:term":[{"taxonomy":"category","embeddable":true,"href":"https:\/\/eltrabajo.cl\/portal\/wp-json\/wp\/v2\/categories?post=81724"},{"taxonomy":"post_tag","embeddable":true,"href":"https:\/\/eltrabajo.cl\/portal\/wp-json\/wp\/v2\/tags?post=81724"}],"curies":[{"name":"wp","href":"https:\/\/api.w.org\/{rel}","templated":true}]}}