{"id":81727,"date":"2017-09-20T05:02:52","date_gmt":"2017-09-20T09:02:52","guid":{"rendered":"http:\/\/www.eltrabajo.cl\/2017\/?p=81727"},"modified":"2017-09-20T05:02:52","modified_gmt":"2017-09-20T09:02:52","slug":"a-prision-tres-traficantes-de-pasta-base-y-marihuana-en-villa-250-anos","status":"publish","type":"post","link":"https:\/\/eltrabajo.cl\/portal\/a-prision-tres-traficantes-de-pasta-base-y-marihuana-en-villa-250-anos\/","title":{"rendered":"A prisi\u00f3n tres traficantes de pasta base y marihuana en Villa 250 A\u00f1os"},"content":{"rendered":"<figure id=\"attachment_81728\" aria-describedby=\"caption-attachment-81728\" style=\"width: 580px\" class=\"wp-caption alignnone\"><img data-recalc-dims=\"1\" loading=\"lazy\" decoding=\"async\" class=\"size-full wp-image-81728\" src=\"https:\/\/i0.wp.com\/www.eltrabajo.cl\/2017\/wp-content\/uploads\/2017\/09\/DROGAS-VILLA-250.jpg?resize=580%2C400\" alt=\"Las diligencias de Carabineros permitieron sacar de circulaci\u00f3n pasta base de coca\u00edna y marihuana, adem\u00e1s se incaut\u00f3 un total de tres millones de pesos.\" width=\"580\" height=\"400\" srcset=\"https:\/\/i0.wp.com\/eltrabajo.cl\/portal\/wp-content\/uploads\/2017\/09\/DROGAS-VILLA-250.jpg?w=580&amp;ssl=1 580w, https:\/\/i0.wp.com\/eltrabajo.cl\/portal\/wp-content\/uploads\/2017\/09\/DROGAS-VILLA-250.jpg?resize=200%2C138&amp;ssl=1 200w, https:\/\/i0.wp.com\/eltrabajo.cl\/portal\/wp-content\/uploads\/2017\/09\/DROGAS-VILLA-250.jpg?resize=300%2C207&amp;ssl=1 300w, https:\/\/i0.wp.com\/eltrabajo.cl\/portal\/wp-content\/uploads\/2017\/09\/DROGAS-VILLA-250.jpg?resize=218%2C150&amp;ssl=1 218w, https:\/\/i0.wp.com\/eltrabajo.cl\/portal\/wp-content\/uploads\/2017\/09\/DROGAS-VILLA-250.jpg?resize=400%2C276&amp;ssl=1 400w\" sizes=\"auto, (max-width: 580px) 100vw, 580px\" \/><figcaption id=\"caption-attachment-81728\" class=\"wp-caption-text\">Las diligencias de Carabineros permitieron sacar de circulaci\u00f3n pasta base de coca\u00edna y marihuana, adem\u00e1s se incaut\u00f3 un total de tres millones de pesos.<\/figcaption><\/figure>\n<ul>\n<li><strong><span style=\"color: #ff0000;\">Tras operativos de OS7 y Gope de Carabineros:<\/span>\u00a0Tras la incautaci\u00f3n de sustancias il\u00edcitas, Carabineros logr\u00f3 frustrar la comercializaci\u00f3n de estas drogas durante las Fiestas Patrias en la comuna de San Felipe.<\/strong><\/li>\n<\/ul>\n<p>M\u00e1s de medio kilo de marihuana elaborada, 23 gramos de pasta base de coca\u00edna y tres millones de pesos en efectivo, fue el resultado un amplio operativo ejecutado por el OS7 y el Grupo de Operaciones Policiales Especiales (Gope) de Carabineros, que concretaron allanamientos al interior de Villa 250 a\u00f1os de San Felipe, culminando con la detenci\u00f3n de dos mujeres y un hombre, quienes tras ser procesados por la justicia fueron enviados a la c\u00e1rcel.<br \/>\nLas diligencias del caso llevadas a cabo la tarde de este viernes en dos viviendas ubicadas en Calle Uno de dicha villa, se dispusieron luego de las investigaciones policiales en contra de dos mujeres, quienes efectuar\u00edan el comercio il\u00edcito de sustancias prohibidas a los adictos del sector, adquiriendo pasta base y marihuana.<br \/>\nTras una orden judicial de entrada y registro, durante los allanamientos simult\u00e1neos a los inmuebles contaron adem\u00e1s con el apoyo de la Secci\u00f3n de Intervenci\u00f3n Policial de la Prefectura Aconcagua, lo que finalmente permiti\u00f3 el decomiso de las drogas antes se\u00f1aladas, equivalentes a 1.000 dosis, las que ser\u00edan comercializadas durante Fiestas Patrias y el millonario monto de dinero en efectivo decomisado.<br \/>\nLos imputados de iniciales X.C.L.B. (46), J.P.C.M. (29) y F.J.M.P. (24), todos con antecedentes penales por Tr\u00e1fico de drogas, fueron derivados al Juzgado de Garant\u00eda de San Felipe para ser formalizados por la Fiscal\u00eda durante el control detenci\u00f3n.<br \/>\nEn el caso de las dos imputadas, este tribunal asign\u00f3 la cautelar de Prisi\u00f3n Preventiva, sin embargo para el imputado resolvi\u00f3 dejarlo en libertad, lo que oblig\u00f3 a la Fiscal\u00eda a apelar verbalmente ante la Corte de Apelaciones de Valpara\u00edso, quien respondi\u00f3 que el acusado es un peligro para la salud de la sociedad, ordenando su ingreso hasta la c\u00e1rcel mientras el Ministerio P\u00fablico investiga el caso.<br \/>\n<strong>Pablo Salinas Sald\u00edas<\/strong><\/p>\n","protected":false},"excerpt":{"rendered":"<p>Tras operativos de OS7 y Gope de Carabineros:\u00a0Tras la incautaci\u00f3n de sustancias il\u00edcitas, Carabineros logr\u00f3 frustrar la comercializaci\u00f3n de estas drogas durante las Fiestas Patrias en la comuna de San Felipe. M\u00e1s&#8230;<\/p>\n","protected":false},"author":1,"featured_media":81728,"comment_status":"open","ping_status":"open","sticky":false,"template":"","format":"standard","meta":{"advanced_seo_description":"","jetpack_seo_html_title":"","jetpack_seo_noindex":false,"_jetpack_memberships_contains_paid_content":false,"footnotes":""},"categories":[21],"tags":[],"class_list":["post-81727","post","type-post","status-publish","format-standard","has-post-thumbnail","hentry","category-policial"],"jetpack_featured_media_url":"https:\/\/i0.wp.com\/eltrabajo.cl\/portal\/wp-content\/uploads\/2017\/09\/DROGAS-VILLA-250.jpg?fit=580%2C400&ssl=1","jetpack_sharing_enabled":true,"jetpack_likes_enabled":true,"jetpack-related-posts":[],"_links":{"self":[{"href":"https:\/\/eltrabajo.cl\/portal\/wp-json\/wp\/v2\/posts\/81727","targetHints":{"allow":["GET"]}}],"collection":[{"href":"https:\/\/eltrabajo.cl\/portal\/wp-json\/wp\/v2\/posts"}],"about":[{"href":"https:\/\/eltrabajo.cl\/portal\/wp-json\/wp\/v2\/types\/post"}],"author":[{"embeddable":true,"href":"https:\/\/eltrabajo.cl\/portal\/wp-json\/wp\/v2\/users\/1"}],"replies":[{"embeddable":true,"href":"https:\/\/eltrabajo.cl\/portal\/wp-json\/wp\/v2\/comments?post=81727"}],"version-history":[{"count":0,"href":"https:\/\/eltrabajo.cl\/portal\/wp-json\/wp\/v2\/posts\/81727\/revisions"}],"wp:featuredmedia":[{"embeddable":true,"href":"https:\/\/eltrabajo.cl\/portal\/wp-json\/wp\/v2\/media\/81728"}],"wp:attachment":[{"href":"https:\/\/eltrabajo.cl\/portal\/wp-json\/wp\/v2\/media?parent=81727"}],"wp:term":[{"taxonomy":"category","embeddable":true,"href":"https:\/\/eltrabajo.cl\/portal\/wp-json\/wp\/v2\/categories?post=81727"},{"taxonomy":"post_tag","embeddable":true,"href":"https:\/\/eltrabajo.cl\/portal\/wp-json\/wp\/v2\/tags?post=81727"}],"curies":[{"name":"wp","href":"https:\/\/api.w.org\/{rel}","templated":true}]}}