{"id":81730,"date":"2017-09-20T05:04:16","date_gmt":"2017-09-20T09:04:16","guid":{"rendered":"http:\/\/www.eltrabajo.cl\/2017\/?p=81730"},"modified":"2017-09-20T05:04:16","modified_gmt":"2017-09-20T09:04:16","slug":"que-la-juventud-del-tecnico-esta-vez-ayude-al-union-san-felipe","status":"publish","type":"post","link":"https:\/\/eltrabajo.cl\/portal\/que-la-juventud-del-tecnico-esta-vez-ayude-al-union-san-felipe\/","title":{"rendered":"Que la juventud del t\u00e9cnico esta vez \u2018Ayude\u2019 al Uni\u00f3n San Felipe"},"content":{"rendered":"<figure id=\"attachment_81731\" aria-describedby=\"caption-attachment-81731\" style=\"width: 580px\" class=\"wp-caption alignnone\"><img data-recalc-dims=\"1\" loading=\"lazy\" decoding=\"async\" class=\"size-full wp-image-81731\" src=\"https:\/\/i0.wp.com\/www.eltrabajo.cl\/2017\/wp-content\/uploads\/2017\/09\/Damian-Ayude-DT-union-san-felipe.jpg?resize=580%2C399\" alt=\"Dami\u00e1n Ayude,  el nuevo Director T\u00e9cnico  de Uni\u00f3n  San Felipe.\" width=\"580\" height=\"399\" srcset=\"https:\/\/i0.wp.com\/eltrabajo.cl\/portal\/wp-content\/uploads\/2017\/09\/Damian-Ayude-DT-union-san-felipe.jpg?w=580&amp;ssl=1 580w, https:\/\/i0.wp.com\/eltrabajo.cl\/portal\/wp-content\/uploads\/2017\/09\/Damian-Ayude-DT-union-san-felipe.jpg?resize=200%2C138&amp;ssl=1 200w, https:\/\/i0.wp.com\/eltrabajo.cl\/portal\/wp-content\/uploads\/2017\/09\/Damian-Ayude-DT-union-san-felipe.jpg?resize=300%2C206&amp;ssl=1 300w, https:\/\/i0.wp.com\/eltrabajo.cl\/portal\/wp-content\/uploads\/2017\/09\/Damian-Ayude-DT-union-san-felipe.jpg?resize=218%2C150&amp;ssl=1 218w, https:\/\/i0.wp.com\/eltrabajo.cl\/portal\/wp-content\/uploads\/2017\/09\/Damian-Ayude-DT-union-san-felipe.jpg?resize=400%2C275&amp;ssl=1 400w\" sizes=\"auto, (max-width: 580px) 100vw, 580px\" \/><figcaption id=\"caption-attachment-81731\" class=\"wp-caption-text\">Dami\u00e1n Ayude,<br \/>el nuevo Director T\u00e9cnico<br \/>de Uni\u00f3n<br \/>San Felipe.<\/figcaption><\/figure>\n<ul>\n<li><strong><span style=\"color: #ff0000;\">Este martes 19 de septiembre dirigi\u00f3 su primera pr\u00e1ctica con el buzo sanfelipe\u00f1o:<\/span>\u00a0Un nuevo experimento, otra apuesta de la directiva de USFSADP: el trasandino Dami\u00e1n Ayude (35 a\u00f1os) se transform\u00f3 en el nuevo director t\u00e9cnico del Uni\u00f3n San Felipe y ser\u00e1 el encargado de zafarlo de perder la categor\u00eda.<\/strong><\/li>\n<\/ul>\n<p>Dami\u00e1n Ayude, argentino de 35 a\u00f1os, proveniente de Estudiantes de San Luis de la categor\u00eda B Nacional del f\u00fatbol trasandino, ser\u00e1 el encargado de levantar el rendimiento de Uni\u00f3n San Felipe (USF) y el responsable de rescatarlo de la riesgosa zona de descenso en la que se encuentra el Un\u00ed, luego del discreto desempe\u00f1o de Hern\u00e1n Madrid en el torneo de transici\u00f3n de la Primera B del balompi\u00e9 criollo.<br \/>\nLa juventud de Ayude lo transforma inmediatamente en un desconocido para el medio nacional y particularmente para los inquietos hinchas del USF. Su \u00fanico v\u00ednculo con el f\u00fatbol chileno es su compatriota Nicol\u00e1s Larcam\u00f3n, actual Director T\u00e9cnico de Deportes Antofagasta, de quien fuera ayudante en el Deportivo Anzo\u00e1tegui de Venezuela (2015-2016) y quien se ha transformado en su principal nicho de referencias, a la hora de adquirir conocimientos de sus dirigidos y de las caracter\u00edsticas del ascenso chileno.<br \/>\nPese a su corta experiencia y el poco bagaje con el que llega a dirigir a USF, Ayude asume como un gran desaf\u00edo la tarea de sacar al Un\u00ed de la inc\u00f3moda posici\u00f3n en la que se encuentra y reconoce que \u201cpor lo general, cuando hay un cambio en una instituci\u00f3n es porque son momentos complicados, la mayor\u00eda de las veces se da as\u00ed, pero bueno, estoy con mucho optimismo, confiando pleno en el plantel, en el cuerpo t\u00e9cnico que vamos a formar y a dejar todo para salir de esta situaci\u00f3n\u201d, manifest\u00f3 el trasandino<br \/>\nRespecto de su conocimiento del plantel, Ayude agreg\u00f3 que \u201cla verdad es que se dio muy r\u00e1pido el tema de la incorporaci\u00f3n de mi persona, pero bueno estoy viendo, el muchacho que est\u00e1 encargado de los medios audiovisuales me estuvo pasando videos individuales, grupales, de partidos, ya estamos viendo algo de Arica y de Huachipato, todo muy acelerado, porque yo hasta el s\u00e1bado dirig\u00ed en el Nacional B junto a otro cuerpo t\u00e9cnico\u201d, afirm\u00f3, a\u00f1adiendo que tiene la impresi\u00f3n de que el torneo de ascenso chileno es similar al Nacional B argentino:<br \/>\n\u201cSabemos que es un torneo duro, de equipos muy compactos, muy fuertes f\u00edsicamente, que juegan mucho a la segunda pelota, que realizan ataques directos, me estuve asesorando con un gran amigo m\u00edo que est\u00e1 dirigiendo en Antofagasta tambi\u00e9n, tuve la suerte de trabajar en otro pa\u00eds de Sudam\u00e9rica, as\u00ed que estamos prepar\u00e1ndonos, tratando de adquirir conocimientos muy r\u00e1pidamente porque no hay demasiado tiempo y tenemos que salir al ruedo en seguida\u201d, asumi\u00f3<br \/>\nEn cuanto al sistema t\u00e1ctico que emplea, Ayude advirti\u00f3 que \u201clo va a definir con los d\u00edas de trabajo\u201d, aunque reconoce predilecci\u00f3n por el 4-3-3 y el 4-3-1-2, incluyendo un volante enlace.<br \/>\n\u201cIremos viendo lo que necesita el equipo y lo que nos d\u00e9 m\u00e1s resultados para lograr la mayor cantidad de puntos, la idea es trabajar los partidos; ser un equipo s\u00f3lido, corto, bien compacto, no negociar nada, correr todas las pelotas como si fuera la \u00faltima y de no parar nunca de trabajar los partidos hasta el minuto 95\u201d, enfatiz\u00f3 el estratega.<br \/>\nSon tiempos acotados, plazos muy reducidos los que enfrentar\u00e1 Ayude, por lo que reconoce que su trabajo debe apuntar a la efectividad y a que su idea futbol\u00edstica logres instalarse raudamente en el plantel albirrojo. \u201cTenemos que tratar de ser lo m\u00e1s r\u00e1pido posible: con mensajes claros, precisos, porque no hay mucho tiempo, se juega el domingo, se juega la vuelta de la Copa (Chile) con Huachipato, se vuelve a jugar por el torneo; dos partidos de visitantes con viajes en el medio, cuando los equipos viajan hay que pensar en la recuperaci\u00f3n y en esos d\u00edas se trabaja muy poco, as\u00ed que veremos con charlas y videos c\u00f3mo podemos suplir esa falta de trabajo en el campo\u201d, advirti\u00f3<br \/>\nLa etapa que le queda al Un\u00ed en el torneo de transici\u00f3n es dur\u00edsima: lo separan 5 puntos de Uni\u00f3n Calera en la Tabla de Coeficiente de rendimiento y desde el interior de la directiva se especula que con un m\u00ednimo de diez unidades se puede mantener la categor\u00eda, el primer desaf\u00edo ser\u00e1 tratar de sumar al menos un empate en el Carlos Ditborn este domingo a las 5 de la tarde: que el debut del t\u00e9cnico argentino Ayude a conseguir ese objetivo.<\/p>\n","protected":false},"excerpt":{"rendered":"<p>Este martes 19 de septiembre dirigi\u00f3 su primera pr\u00e1ctica con el buzo sanfelipe\u00f1o:\u00a0Un nuevo experimento, otra apuesta de la directiva de USFSADP: el trasandino Dami\u00e1n Ayude (35 a\u00f1os) se transform\u00f3 en el&#8230;<\/p>\n","protected":false},"author":1,"featured_media":81731,"comment_status":"open","ping_status":"open","sticky":false,"template":"","format":"standard","meta":{"advanced_seo_description":"","jetpack_seo_html_title":"","jetpack_seo_noindex":false,"_jetpack_memberships_contains_paid_content":false,"footnotes":""},"categories":[19],"tags":[],"class_list":["post-81730","post","type-post","status-publish","format-standard","has-post-thumbnail","hentry","category-deportes"],"jetpack_featured_media_url":"https:\/\/i0.wp.com\/eltrabajo.cl\/portal\/wp-content\/uploads\/2017\/09\/Damian-Ayude-DT-union-san-felipe.jpg?fit=580%2C399&ssl=1","jetpack_sharing_enabled":true,"jetpack_likes_enabled":true,"jetpack-related-posts":[],"_links":{"self":[{"href":"https:\/\/eltrabajo.cl\/portal\/wp-json\/wp\/v2\/posts\/81730","targetHints":{"allow":["GET"]}}],"collection":[{"href":"https:\/\/eltrabajo.cl\/portal\/wp-json\/wp\/v2\/posts"}],"about":[{"href":"https:\/\/eltrabajo.cl\/portal\/wp-json\/wp\/v2\/types\/post"}],"author":[{"embeddable":true,"href":"https:\/\/eltrabajo.cl\/portal\/wp-json\/wp\/v2\/users\/1"}],"replies":[{"embeddable":true,"href":"https:\/\/eltrabajo.cl\/portal\/wp-json\/wp\/v2\/comments?post=81730"}],"version-history":[{"count":0,"href":"https:\/\/eltrabajo.cl\/portal\/wp-json\/wp\/v2\/posts\/81730\/revisions"}],"wp:featuredmedia":[{"embeddable":true,"href":"https:\/\/eltrabajo.cl\/portal\/wp-json\/wp\/v2\/media\/81731"}],"wp:attachment":[{"href":"https:\/\/eltrabajo.cl\/portal\/wp-json\/wp\/v2\/media?parent=81730"}],"wp:term":[{"taxonomy":"category","embeddable":true,"href":"https:\/\/eltrabajo.cl\/portal\/wp-json\/wp\/v2\/categories?post=81730"},{"taxonomy":"post_tag","embeddable":true,"href":"https:\/\/eltrabajo.cl\/portal\/wp-json\/wp\/v2\/tags?post=81730"}],"curies":[{"name":"wp","href":"https:\/\/api.w.org\/{rel}","templated":true}]}}