{"id":81757,"date":"2017-09-21T05:03:38","date_gmt":"2017-09-21T09:03:38","guid":{"rendered":"http:\/\/www.eltrabajo.cl\/2017\/?p=81757"},"modified":"2017-09-21T05:03:38","modified_gmt":"2017-09-21T09:03:38","slug":"nina-sanfelipena-enfrentara-a-los-mejores-del-karate-en-argentina","status":"publish","type":"post","link":"https:\/\/eltrabajo.cl\/portal\/nina-sanfelipena-enfrentara-a-los-mejores-del-karate-en-argentina\/","title":{"rendered":"Ni\u00f1a sanfelipe\u00f1a enfrentar\u00e1 a los mejores del Karate en Argentina"},"content":{"rendered":"<figure id=\"attachment_81760\" aria-describedby=\"caption-attachment-81760\" style=\"width: 580px\" class=\"wp-caption alignnone\"><img data-recalc-dims=\"1\" loading=\"lazy\" decoding=\"async\" class=\"size-full wp-image-81760\" src=\"https:\/\/i0.wp.com\/www.eltrabajo.cl\/2017\/wp-content\/uploads\/2017\/09\/Karate3.jpg?resize=580%2C348\" alt=\"LA HORA DE LA VERDAD.- Aqu\u00ed tenemos a Hillary calentando motores para este gran compromiso internacional.\" width=\"580\" height=\"348\" srcset=\"https:\/\/i0.wp.com\/eltrabajo.cl\/portal\/wp-content\/uploads\/2017\/09\/Karate3.jpg?w=580&amp;ssl=1 580w, https:\/\/i0.wp.com\/eltrabajo.cl\/portal\/wp-content\/uploads\/2017\/09\/Karate3.jpg?resize=200%2C120&amp;ssl=1 200w, https:\/\/i0.wp.com\/eltrabajo.cl\/portal\/wp-content\/uploads\/2017\/09\/Karate3.jpg?resize=300%2C180&amp;ssl=1 300w, https:\/\/i0.wp.com\/eltrabajo.cl\/portal\/wp-content\/uploads\/2017\/09\/Karate3.jpg?resize=250%2C150&amp;ssl=1 250w, https:\/\/i0.wp.com\/eltrabajo.cl\/portal\/wp-content\/uploads\/2017\/09\/Karate3.jpg?resize=400%2C240&amp;ssl=1 400w\" sizes=\"auto, (max-width: 580px) 100vw, 580px\" \/><figcaption id=\"caption-attachment-81760\" class=\"wp-caption-text\">LA HORA DE LA VERDAD.- Aqu\u00ed tenemos a Hillary calentando motores para este gran compromiso internacional.<\/figcaption><\/figure>\n<ul>\n<li><span style=\"color: #ff0000;\"><strong>Hillary Castillo C\u00e9spedes viaja hoy a Mendoza:<\/strong><\/span><\/li>\n<\/ul>\n<p>Hoy jueves desde tempranas horas de la ma\u00f1ana una ni\u00f1a sanfelipe\u00f1a amante del Karate, emprender\u00e1 su primer viaje al extranjero para participar en un torneo internacional de Artes Marciales. Se trata de Hillary Castillo C\u00e9spedes, jovencita de apenas 13 a\u00f1os de edad e integrante del Hodori Karate San Felipe, dirigido por el Maestro V\u00edctor Caballero Astudillo. El campeonato lleva el nombre de Copa Brian Vidal 2017, se disputar\u00e1 en Mendoza y es organizado por la Escuela Tiang Kung Chien y la Asociaci\u00f3n de Artes Marciales Chinas del Sur Mendocino.<br \/>\nEsta ni\u00f1a actualmente es alumna del Liceo Cordillera, practica el Karate desde que ten\u00eda cinco a\u00f1os y es la m\u00e1s experimentada deportista de la matr\u00edcula de este club local de Karate.<\/p>\n<p><span style=\"color: #ff0000;\"><strong>UNA TRIUNFADORA<\/strong><\/span><br \/>\nDiario El Trabajo habl\u00f3 ayer mi\u00e9rcoles con Castillo, quien emocionada nos confes\u00f3 estar un poco nerviosa, pero con muchas ganas de enfrentar a sus adversarios en tierras trasandinas.<br \/>\n\u00abSoy la mayor de tres hermanas, estoy cursando el 7\u00ba a\u00f1o en el Cordillera, es mi primer campeonato fuera de Chile, siempre he competido ac\u00e1 en el pa\u00eds, pero en regiones nada m\u00e1s, ahora me siento un poco nerviosa, pero eso no afectar\u00e1 supongo mi desempe\u00f1o en los combates. Agradezco a mi Sensei don V\u00edctor, a mis pap\u00e1s Priscilla y Cristian, sin su apoyo dif\u00edcilmente podr\u00eda haber logrado tantas victorias durante todos estos a\u00f1os\u00bb, dijo la joven karateca.<\/p>\n<p><span style=\"color: #ff0000;\"><strong>HABLA EL MAESTRO<\/strong><\/span><br \/>\nNuestro medio tambi\u00e9n habl\u00f3 con el experimentado V\u00edctor Caballero, quien nos explic\u00f3 sobre el proceso de esta ni\u00f1a como deportista, \u00abHodori Karate San Felipe fue invitado por el maestro de Artes Marciales de Kung Fu, Claudio Campos Antoine, de la Academia Lung Chuang Kung Fu, de Los Vilos, ofreci\u00e9ndonos dos cupos dentro de su delegaci\u00f3n, as\u00ed procedimos usar estos cupos, iremos Hillary y mi persona, como parte de la comitiva chilena compuesta por 42 karatecas. En cuanto a esta ni\u00f1a, puedo decir que ella posee el grado de Cinto Verde, Hillary es una deportista muy disciplinada, puntual y bastante responsable con sus entrenamientos y presentaciones en torneos, para nuestra academia es importante este viaje, ya que en conjunto de padres y apoderados ya se est\u00e1 trabajando para asistir el pr\u00f3ximo a\u00f1o a este campeonato como delegaci\u00f3n individual, igualmente ellos se preparan para poder asistir en mayo a Buenos Aires a otro gran campeonato que se realizar\u00e1 en esa fecha\u00bb, coment\u00f3 don V\u00edctor a Diario El Trabajo.<br \/>\n\u00abNosotros como pap\u00e1s de Hillary tambi\u00e9n estamos orgullosos del trabajo que don V\u00edctor ha realizado en estos a\u00f1os por nuestra hija, \u00e9l ha sido muy importante en la formaci\u00f3n de nuestra ni\u00f1a y queremos agradec\u00e9rselo p\u00fablicamente, a Hillary le deseamos lo mejor en este su primer torneo internacional, ojala que regrese con hartos trofeos\u00bb, coment\u00f3 do\u00f1a Priscilla, madre de Hillary.<br \/>\n<strong>Roberto Gonz\u00e1lez Short<\/strong><\/p>\n<figure id=\"attachment_81758\" aria-describedby=\"caption-attachment-81758\" style=\"width: 580px\" class=\"wp-caption alignnone\"><img data-recalc-dims=\"1\" loading=\"lazy\" decoding=\"async\" class=\"size-full wp-image-81758\" src=\"https:\/\/i0.wp.com\/www.eltrabajo.cl\/2017\/wp-content\/uploads\/2017\/09\/Karate1.jpg?resize=580%2C349\" alt=\"NADANDO EN TROFEOS.- Aqu\u00ed tenemos a la joven Hillary Castillo C\u00e9spedes, ni\u00f1a sanfelipe\u00f1a que representar\u00e1 a nuestra ciudad en la Copa Brian Vidal 2017, se disputar\u00e1 en San Rafael de Mendoza, Argentina.\" width=\"580\" height=\"349\" srcset=\"https:\/\/i0.wp.com\/eltrabajo.cl\/portal\/wp-content\/uploads\/2017\/09\/Karate1.jpg?w=580&amp;ssl=1 580w, https:\/\/i0.wp.com\/eltrabajo.cl\/portal\/wp-content\/uploads\/2017\/09\/Karate1.jpg?resize=200%2C120&amp;ssl=1 200w, https:\/\/i0.wp.com\/eltrabajo.cl\/portal\/wp-content\/uploads\/2017\/09\/Karate1.jpg?resize=300%2C181&amp;ssl=1 300w, https:\/\/i0.wp.com\/eltrabajo.cl\/portal\/wp-content\/uploads\/2017\/09\/Karate1.jpg?resize=249%2C150&amp;ssl=1 249w, https:\/\/i0.wp.com\/eltrabajo.cl\/portal\/wp-content\/uploads\/2017\/09\/Karate1.jpg?resize=400%2C241&amp;ssl=1 400w\" sizes=\"auto, (max-width: 580px) 100vw, 580px\" \/><figcaption id=\"caption-attachment-81758\" class=\"wp-caption-text\">NADANDO EN TROFEOS.- Aqu\u00ed tenemos a la joven Hillary Castillo C\u00e9spedes, ni\u00f1a sanfelipe\u00f1a que representar\u00e1 a nuestra ciudad en la Copa Brian Vidal 2017, se disputar\u00e1 en San Rafael de Mendoza, Argentina.<\/figcaption><\/figure>\n<figure id=\"attachment_81759\" aria-describedby=\"caption-attachment-81759\" style=\"width: 580px\" class=\"wp-caption alignnone\"><img data-recalc-dims=\"1\" loading=\"lazy\" decoding=\"async\" class=\"size-full wp-image-81759\" src=\"https:\/\/i0.wp.com\/www.eltrabajo.cl\/2017\/wp-content\/uploads\/2017\/09\/Karate2.jpg?resize=580%2C349\" alt=\"APOYO FAMILIAR.- Don Cristian y do\u00f1a Priscilla siempre apoyan a su hija Hillary en este plan de trabajo personal, la m\u00e1s peque\u00f1ita es Scarlett.\" width=\"580\" height=\"349\" srcset=\"https:\/\/i0.wp.com\/eltrabajo.cl\/portal\/wp-content\/uploads\/2017\/09\/Karate2.jpg?w=580&amp;ssl=1 580w, https:\/\/i0.wp.com\/eltrabajo.cl\/portal\/wp-content\/uploads\/2017\/09\/Karate2.jpg?resize=200%2C120&amp;ssl=1 200w, https:\/\/i0.wp.com\/eltrabajo.cl\/portal\/wp-content\/uploads\/2017\/09\/Karate2.jpg?resize=300%2C181&amp;ssl=1 300w, https:\/\/i0.wp.com\/eltrabajo.cl\/portal\/wp-content\/uploads\/2017\/09\/Karate2.jpg?resize=249%2C150&amp;ssl=1 249w, https:\/\/i0.wp.com\/eltrabajo.cl\/portal\/wp-content\/uploads\/2017\/09\/Karate2.jpg?resize=400%2C241&amp;ssl=1 400w\" sizes=\"auto, (max-width: 580px) 100vw, 580px\" \/><figcaption id=\"caption-attachment-81759\" class=\"wp-caption-text\">APOYO FAMILIAR.- Don Cristian y do\u00f1a Priscilla siempre apoyan a su hija Hillary en este plan de trabajo personal, la m\u00e1s peque\u00f1ita es Scarlett.<\/figcaption><\/figure>\n","protected":false},"excerpt":{"rendered":"<p>Hillary Castillo C\u00e9spedes viaja hoy a Mendoza: Hoy jueves desde tempranas horas de la ma\u00f1ana una ni\u00f1a sanfelipe\u00f1a amante del Karate, emprender\u00e1 su primer viaje al extranjero para participar en un torneo&#8230;<\/p>\n","protected":false},"author":1,"featured_media":81758,"comment_status":"open","ping_status":"open","sticky":false,"template":"","format":"standard","meta":{"advanced_seo_description":"","jetpack_seo_html_title":"","jetpack_seo_noindex":false,"_jetpack_memberships_contains_paid_content":false,"footnotes":""},"categories":[15],"tags":[],"class_list":["post-81757","post","type-post","status-publish","format-standard","has-post-thumbnail","hentry","category-comunidad"],"jetpack_featured_media_url":"https:\/\/i0.wp.com\/eltrabajo.cl\/portal\/wp-content\/uploads\/2017\/09\/Karate1.jpg?fit=580%2C349&ssl=1","jetpack_sharing_enabled":true,"jetpack_likes_enabled":true,"jetpack-related-posts":[],"_links":{"self":[{"href":"https:\/\/eltrabajo.cl\/portal\/wp-json\/wp\/v2\/posts\/81757","targetHints":{"allow":["GET"]}}],"collection":[{"href":"https:\/\/eltrabajo.cl\/portal\/wp-json\/wp\/v2\/posts"}],"about":[{"href":"https:\/\/eltrabajo.cl\/portal\/wp-json\/wp\/v2\/types\/post"}],"author":[{"embeddable":true,"href":"https:\/\/eltrabajo.cl\/portal\/wp-json\/wp\/v2\/users\/1"}],"replies":[{"embeddable":true,"href":"https:\/\/eltrabajo.cl\/portal\/wp-json\/wp\/v2\/comments?post=81757"}],"version-history":[{"count":0,"href":"https:\/\/eltrabajo.cl\/portal\/wp-json\/wp\/v2\/posts\/81757\/revisions"}],"wp:featuredmedia":[{"embeddable":true,"href":"https:\/\/eltrabajo.cl\/portal\/wp-json\/wp\/v2\/media\/81758"}],"wp:attachment":[{"href":"https:\/\/eltrabajo.cl\/portal\/wp-json\/wp\/v2\/media?parent=81757"}],"wp:term":[{"taxonomy":"category","embeddable":true,"href":"https:\/\/eltrabajo.cl\/portal\/wp-json\/wp\/v2\/categories?post=81757"},{"taxonomy":"post_tag","embeddable":true,"href":"https:\/\/eltrabajo.cl\/portal\/wp-json\/wp\/v2\/tags?post=81757"}],"curies":[{"name":"wp","href":"https:\/\/api.w.org\/{rel}","templated":true}]}}