{"id":81762,"date":"2017-09-21T05:04:30","date_gmt":"2017-09-21T09:04:30","guid":{"rendered":"http:\/\/www.eltrabajo.cl\/2017\/?p=81762"},"modified":"2017-09-21T05:04:30","modified_gmt":"2017-09-21T09:04:30","slug":"sin-avances-notorios-continua-investigacion-por-muerte-de-jose-pulgar","status":"publish","type":"post","link":"https:\/\/eltrabajo.cl\/portal\/sin-avances-notorios-continua-investigacion-por-muerte-de-jose-pulgar\/","title":{"rendered":"Sin avances notorios contin\u00faa investigaci\u00f3n por muerte de Jos\u00e9 Pulgar"},"content":{"rendered":"<figure id=\"attachment_81763\" aria-describedby=\"caption-attachment-81763\" style=\"width: 580px\" class=\"wp-caption alignnone\"><img data-recalc-dims=\"1\" loading=\"lazy\" decoding=\"async\" class=\"size-full wp-image-81763\" src=\"https:\/\/i0.wp.com\/www.eltrabajo.cl\/2017\/wp-content\/uploads\/2017\/09\/JOSE-PULGAR.jpg?resize=580%2C697\" alt=\"Jos\u00e9 Tomas Briones Pulgar concurri\u00f3 a urgencia con un fuerte dolor abdominal y una presi\u00f3n arterial de 186\/97. El m\u00e9dico de turno le recet\u00f3 Viadil y lo deriv\u00f3 al domicilio donde finalmente falleci\u00f3. Su familia a\u00fan espera una explicaci\u00f3n.\" width=\"580\" height=\"697\" srcset=\"https:\/\/i0.wp.com\/eltrabajo.cl\/portal\/wp-content\/uploads\/2017\/09\/JOSE-PULGAR.jpg?w=580&amp;ssl=1 580w, https:\/\/i0.wp.com\/eltrabajo.cl\/portal\/wp-content\/uploads\/2017\/09\/JOSE-PULGAR.jpg?resize=125%2C150&amp;ssl=1 125w, https:\/\/i0.wp.com\/eltrabajo.cl\/portal\/wp-content\/uploads\/2017\/09\/JOSE-PULGAR.jpg?resize=250%2C300&amp;ssl=1 250w, https:\/\/i0.wp.com\/eltrabajo.cl\/portal\/wp-content\/uploads\/2017\/09\/JOSE-PULGAR.jpg?resize=400%2C481&amp;ssl=1 400w\" sizes=\"auto, (max-width: 580px) 100vw, 580px\" \/><figcaption id=\"caption-attachment-81763\" class=\"wp-caption-text\">Jos\u00e9 Tomas Briones Pulgar concurri\u00f3 a urgencia con un fuerte dolor abdominal y una presi\u00f3n arterial de 186\/97. El m\u00e9dico de turno le recet\u00f3 Viadil y lo deriv\u00f3 al domicilio donde finalmente falleci\u00f3. Su familia a\u00fan espera una explicaci\u00f3n.<\/figcaption><\/figure>\n<ul>\n<li><span style=\"color: #ff0000;\"><strong>Conocido administrador de sal\u00f3n de Pool:<\/strong><\/span><\/li>\n<\/ul>\n<p>La familia de Jos\u00e9 Tomas Briones Pulgar a\u00fan espera una explicaci\u00f3n satisfactoria para entender por qu\u00e9 raz\u00f3n su hermano muri\u00f3 en su domicilio luego de haber concurrido por asistencia m\u00e9dica hasta el Servicio de Urgencia del Hospital San Camilo.<br \/>\nEl deceso se registr\u00f3 en junio de este a\u00f1o y la familia incluso interpuso una denuncia por presunta negligencia m\u00e9dica en contra de ese servicio.<br \/>\nMar\u00eda Pulgar, hermana del conocido vecino sanfelipe\u00f1o que por a\u00f1os se desempe\u00f1\u00f3 como administrador de un local de pool, se refiere a la situaci\u00f3n actual en que se encuentra la investigaci\u00f3n por dicha denuncia: \u201cAh\u00ed est\u00e1 muerta porque no ha avanzado nada\u2026 nada, o sea me llamaron a declarar, pero dijo el detective que era imposible que el doctor fuera a declarar, ten\u00eda que ir el detective donde el doctor, eso no es lo l\u00f3gico, porque si a m\u00ed me llamaron a declarar, a \u00e9l tambi\u00e9n debieran llamarlo, no el detective ir all\u00e1 a tomarle declaraci\u00f3n, \u00bfo no es lo l\u00f3gico?, por eso est\u00e1 quieta la cosa, as\u00ed es que no s\u00e9 qu\u00e9 hacer\u201d.<br \/>\n<strong>&#8211; \u00bfQu\u00e9 opini\u00f3n le merece todo esto?<\/strong><br \/>\n&#8211; Que aqu\u00ed manda la plata y como yo no tengo plata no puedo adelantar los hechos, no puedo, yo le dije al detective que no tengo c\u00f3mo poner un abogado para hacer la demanda.<br \/>\n<strong>&#8211; Del Servicio de Salud Aconcagua, del Hospital, \u00bfhan tomado contacto con usted para concretar una reuni\u00f3n y explicarle lo que sucedi\u00f3?<\/strong><br \/>\n&#8211; Nada, nadie me ha llamado, nadie se ha acercado a m\u00ed para decirme: \u2018se\u00f1ora, usted corri\u00f3 con todo los gastos del funeral\u2019, yo tuve que pedir un pr\u00e9stamo para el funeral, ya que soy temporera y ahora estoy pagando el pr\u00e9stamo.<br \/>\n<strong>&#8211; \u00bfPara cubrir los gastos del funeral?<\/strong><br \/>\n&#8211; Claro, porque no es una cosa que estuviera esperando, no era cosa que dij\u00e9ramos estaba enfermo para morirse, o sea estaba hipertenso, pero no era una cosa tan tr\u00e1gica.<br \/>\n<strong>&#8211; Se\u00f1ora Mar\u00eda, \u00bfustedes siguen pensando que hubo negligencia m\u00e9dica en la muerte de su hermano?<\/strong><br \/>\n&#8211; S\u00ed, obvio, porque yo he conversado con varias personas que le han dado esas cosas y dicen que es un infarto y el doctor deb\u00eda haber tenido m\u00e1s cuidado en la enfermedad de mi hermano.<br \/>\n<strong>&#8211; \u00bfC\u00f3mo est\u00e1n ustedes como familia?<\/strong><br \/>\n&#8211; Yo todav\u00eda no me repongo, porque es una cosa que sucedi\u00f3 en mi casa, parece que a cada rato lo veo, entonces yo sicol\u00f3gicamente no estoy bien.<\/p>\n<p><span style=\"color: #ff0000;\"><strong>UN POCO DE HISTORIA<\/strong><\/span><br \/>\nRecordar que Jos\u00e9 Tom\u00e1s Briones Pulgar falleci\u00f3 en su casa el 4 de junio de este a\u00f1o, luego de haber concurrido con un fuerte dolor abdominal al Servicio de Urgencia del Hospital San Camilo. En ese lugar el m\u00e9dico de turno le recet\u00f3 Viadil y lo deriv\u00f3 al domicilio donde finalmente falleci\u00f3.<br \/>\nLa familia alega que la muerte de Briones Pulgar se produjo por una negligencia m\u00e9dica, porque lleg\u00f3 con una presi\u00f3n de 186\/97, ah\u00ed en ese momento, seg\u00fan ellos, debiese haber sido atendido con mayor prolijidad, teniendo en cuenta el indicador de la presi\u00f3n arterial, haberle hecho alg\u00fan tipo de examen como electrocardiograma.<br \/>\nEl fallecido en vida fue un conocido administrador de sal\u00f3n de pool, siendo el ultimo uno ubicado en calle Navarro, a pasos de Prat en San Felipe.<br \/>\nLa denuncia fue interpuesta por los familiares el d\u00eda lunes 5 de junio de 2017 en el Ministerio P\u00fablico de San Felipe.<\/p>\n<figure id=\"attachment_81764\" aria-describedby=\"caption-attachment-81764\" style=\"width: 580px\" class=\"wp-caption alignnone\"><img data-recalc-dims=\"1\" loading=\"lazy\" decoding=\"async\" class=\"size-full wp-image-81764\" src=\"https:\/\/i0.wp.com\/www.eltrabajo.cl\/2017\/wp-content\/uploads\/2017\/09\/Maria-Pulgar.jpg?resize=580%2C691\" alt=\"Mar\u00eda Pulgar sostiene en sus manos la foto de su hermano Jos\u00e9.\" width=\"580\" height=\"691\" srcset=\"https:\/\/i0.wp.com\/eltrabajo.cl\/portal\/wp-content\/uploads\/2017\/09\/Maria-Pulgar.jpg?w=580&amp;ssl=1 580w, https:\/\/i0.wp.com\/eltrabajo.cl\/portal\/wp-content\/uploads\/2017\/09\/Maria-Pulgar.jpg?resize=126%2C150&amp;ssl=1 126w, https:\/\/i0.wp.com\/eltrabajo.cl\/portal\/wp-content\/uploads\/2017\/09\/Maria-Pulgar.jpg?resize=252%2C300&amp;ssl=1 252w, https:\/\/i0.wp.com\/eltrabajo.cl\/portal\/wp-content\/uploads\/2017\/09\/Maria-Pulgar.jpg?resize=400%2C477&amp;ssl=1 400w\" sizes=\"auto, (max-width: 580px) 100vw, 580px\" \/><figcaption id=\"caption-attachment-81764\" class=\"wp-caption-text\">Mar\u00eda Pulgar sostiene en sus manos la foto de su hermano Jos\u00e9.<\/figcaption><\/figure>\n","protected":false},"excerpt":{"rendered":"<p>Conocido administrador de sal\u00f3n de Pool: La familia de Jos\u00e9 Tomas Briones Pulgar a\u00fan espera una explicaci\u00f3n satisfactoria para entender por qu\u00e9 raz\u00f3n su hermano muri\u00f3 en su domicilio luego de haber&#8230;<\/p>\n","protected":false},"author":1,"featured_media":81765,"comment_status":"open","ping_status":"open","sticky":false,"template":"","format":"standard","meta":{"advanced_seo_description":"","jetpack_seo_html_title":"","jetpack_seo_noindex":false,"_jetpack_memberships_contains_paid_content":false,"footnotes":""},"categories":[15],"tags":[],"class_list":["post-81762","post","type-post","status-publish","format-standard","has-post-thumbnail","hentry","category-comunidad"],"jetpack_featured_media_url":"https:\/\/i0.wp.com\/eltrabajo.cl\/portal\/wp-content\/uploads\/2017\/09\/Maria-y-jose-Pulgar.jpg?fit=580%2C349&ssl=1","jetpack_sharing_enabled":true,"jetpack_likes_enabled":true,"jetpack-related-posts":[],"_links":{"self":[{"href":"https:\/\/eltrabajo.cl\/portal\/wp-json\/wp\/v2\/posts\/81762","targetHints":{"allow":["GET"]}}],"collection":[{"href":"https:\/\/eltrabajo.cl\/portal\/wp-json\/wp\/v2\/posts"}],"about":[{"href":"https:\/\/eltrabajo.cl\/portal\/wp-json\/wp\/v2\/types\/post"}],"author":[{"embeddable":true,"href":"https:\/\/eltrabajo.cl\/portal\/wp-json\/wp\/v2\/users\/1"}],"replies":[{"embeddable":true,"href":"https:\/\/eltrabajo.cl\/portal\/wp-json\/wp\/v2\/comments?post=81762"}],"version-history":[{"count":0,"href":"https:\/\/eltrabajo.cl\/portal\/wp-json\/wp\/v2\/posts\/81762\/revisions"}],"wp:featuredmedia":[{"embeddable":true,"href":"https:\/\/eltrabajo.cl\/portal\/wp-json\/wp\/v2\/media\/81765"}],"wp:attachment":[{"href":"https:\/\/eltrabajo.cl\/portal\/wp-json\/wp\/v2\/media?parent=81762"}],"wp:term":[{"taxonomy":"category","embeddable":true,"href":"https:\/\/eltrabajo.cl\/portal\/wp-json\/wp\/v2\/categories?post=81762"},{"taxonomy":"post_tag","embeddable":true,"href":"https:\/\/eltrabajo.cl\/portal\/wp-json\/wp\/v2\/tags?post=81762"}],"curies":[{"name":"wp","href":"https:\/\/api.w.org\/{rel}","templated":true}]}}