{"id":81767,"date":"2017-09-21T05:06:56","date_gmt":"2017-09-21T09:06:56","guid":{"rendered":"http:\/\/www.eltrabajo.cl\/2017\/?p=81767"},"modified":"2017-09-21T05:06:56","modified_gmt":"2017-09-21T09:06:56","slug":"a-siete-se-elevo-numero-de-suicidios-durante-fiestas-patrias-en-el-valle","status":"publish","type":"post","link":"https:\/\/eltrabajo.cl\/portal\/a-siete-se-elevo-numero-de-suicidios-durante-fiestas-patrias-en-el-valle\/","title":{"rendered":"A siete se elev\u00f3 n\u00famero de suicidios durante Fiestas Patrias en el Valle"},"content":{"rendered":"<figure id=\"attachment_81768\" aria-describedby=\"caption-attachment-81768\" style=\"width: 580px\" class=\"wp-caption alignnone\"><img data-recalc-dims=\"1\" loading=\"lazy\" decoding=\"async\" class=\"size-full wp-image-81768\" src=\"https:\/\/i0.wp.com\/www.eltrabajo.cl\/2017\/wp-content\/uploads\/2017\/09\/COMISARIO-GINO-GUTIERREZ.jpg?resize=580%2C349\" alt=\"Jefe de la Brigada de Homicidios de la PDI de Los Andes, Comisario Gino Guti\u00e9rrez C\u00e1ceres.\" width=\"580\" height=\"349\" srcset=\"https:\/\/i0.wp.com\/eltrabajo.cl\/portal\/wp-content\/uploads\/2017\/09\/COMISARIO-GINO-GUTIERREZ.jpg?w=580&amp;ssl=1 580w, https:\/\/i0.wp.com\/eltrabajo.cl\/portal\/wp-content\/uploads\/2017\/09\/COMISARIO-GINO-GUTIERREZ.jpg?resize=200%2C120&amp;ssl=1 200w, https:\/\/i0.wp.com\/eltrabajo.cl\/portal\/wp-content\/uploads\/2017\/09\/COMISARIO-GINO-GUTIERREZ.jpg?resize=300%2C181&amp;ssl=1 300w, https:\/\/i0.wp.com\/eltrabajo.cl\/portal\/wp-content\/uploads\/2017\/09\/COMISARIO-GINO-GUTIERREZ.jpg?resize=249%2C150&amp;ssl=1 249w, https:\/\/i0.wp.com\/eltrabajo.cl\/portal\/wp-content\/uploads\/2017\/09\/COMISARIO-GINO-GUTIERREZ.jpg?resize=400%2C241&amp;ssl=1 400w\" sizes=\"auto, (max-width: 580px) 100vw, 580px\" \/><figcaption id=\"caption-attachment-81768\" class=\"wp-caption-text\">Jefe de la Brigada de Homicidios de la PDI de Los Andes, Comisario Gino Guti\u00e9rrez C\u00e1ceres.<\/figcaption><\/figure>\n<ul>\n<li><strong><span style=\"color: #ff0000;\">Alarmante aumento de casos en provincias de San Felipe y Los Andes:\u00a0<\/span>La Brigada de Homicidios de la PDI detall\u00f3 que todos los casos registrados son de sexo masculino, de distinto rango etario, vinculados a problemas de salud mental y enfermedades asociadas. <\/strong><\/li>\n<\/ul>\n<p>Un alarmante aumento en los casos de suicidio se registr\u00f3 durante este largo fin de semana de Fiestas Patrias en las provincias de San Felipe y Los Andes, alcanzando un total de siete personas de sexo masculino que en diversas circunstancias decidieron quitarse la vida.<br \/>\nEn la provincia de San Felipe, el primer caso se registr\u00f3 en la comuna de Putaendo luego que un hombre de iniciales H.E.B. de 44 a\u00f1os de edad, quien manten\u00eda problemas de salud mental y estaba siendo tratado en el Hospital Psiqui\u00e1trico de esa localidad, fue hallado sin vida en un sitio eriazo en el sector La Quebrada, estableci\u00e9ndose la causa de muerte como un suicidio.<br \/>\nEn el segundo caso la polic\u00eda indag\u00f3 la muerte de un hombre de iniciales O.L.E. de 71 a\u00f1os de edad, que se registr\u00f3 este 18 de septiembre en un cruce ferroviario a un costado de la ruta 60 Ch en la comuna de Llay Llay, quien agobiado por una profunda depresi\u00f3n se quit\u00f3 la vida, quedando al descubierto por un transe\u00fante que alert\u00f3 a Carabineros del hallazgo del cuerpo.<br \/>\nEl mismo d\u00eda los efectivos policiales debieron concurrir hasta el sector Los Patos en Putaendo, para verificar la muerte de un hombre de 62 a\u00f1os de edad de iniciales G.M.L. proveniente de la ciudad de Copiap\u00f3, quien decidi\u00f3 quitarse la vida en casa de su hermano.<br \/>\nEl d\u00eda 19 septiembre un nuevo suicidio se registr\u00f3 en una vivienda en el sector Hacienda de Quilpu\u00e9 de San Felipe, luego que un joven de 23 a\u00f1os de edad de iniciales H.T.O. acab\u00f3 con su vida tras cruzar una depresi\u00f3n ex\u00f3gena.<\/p>\n<p><span style=\"color: #ff0000;\"><strong>LOS ANDES<\/strong><\/span><br \/>\nEstos casos se unen a los ocurridos en la comuna de Los Andes, donde este viernes 15 de septiembre, un hombre de 43 a\u00f1os de edad de iniciales C.L.S., se suicid\u00f3 al interior de una vivienda de la Villa Minera Andina. Al d\u00eda siguiente en este mismo conjunto residencial, un hombre de 52 a\u00f1os de edad de iniciales I.D.P.E. fue hallado muerto en circunstancias similares tras sufrir una depresi\u00f3n end\u00f3gena.<br \/>\nEl domingo 17 de septiembre, en tanto, un joven de 22 a\u00f1os de edad de iniciales A.J.T.I. fue encontrado sin vida en las inmediaciones del sector V\u00edctor K\u00f6erner en Los Andes, confirm\u00e1ndose por parte de la polic\u00eda el suicidio por ahorcamiento.<br \/>\nAl respecto el Jefe de la Brigada de Homicidios de la Polic\u00eda de Investigaciones de Los Andes, Comisario Gino Guti\u00e9rrez, manifest\u00f3 a Diario El Trabajo su preocupaci\u00f3n por el n\u00famero de casos registrados en ambas provincias, expresando que \u00abel factor com\u00fan es que todos son varones, distinto rango etario y las causas basales est\u00e1s ligadas a problemas de salud mental, consumo de drogas il\u00edcitas, etc. Es preocupante la cifra en la zona\u00bb.<br \/>\n<strong>Pablo Salinas Sald\u00edas<\/strong><\/p>\n","protected":false},"excerpt":{"rendered":"<p>Alarmante aumento de casos en provincias de San Felipe y Los Andes:\u00a0La Brigada de Homicidios de la PDI detall\u00f3 que todos los casos registrados son de sexo masculino, de distinto rango etario,&#8230;<\/p>\n","protected":false},"author":1,"featured_media":81768,"comment_status":"open","ping_status":"open","sticky":false,"template":"","format":"standard","meta":{"advanced_seo_description":"","jetpack_seo_html_title":"","jetpack_seo_noindex":false,"_jetpack_memberships_contains_paid_content":false,"footnotes":""},"categories":[21],"tags":[],"class_list":["post-81767","post","type-post","status-publish","format-standard","has-post-thumbnail","hentry","category-policial"],"jetpack_featured_media_url":"https:\/\/i0.wp.com\/eltrabajo.cl\/portal\/wp-content\/uploads\/2017\/09\/COMISARIO-GINO-GUTIERREZ.jpg?fit=580%2C349&ssl=1","jetpack_sharing_enabled":true,"jetpack_likes_enabled":true,"jetpack-related-posts":[],"_links":{"self":[{"href":"https:\/\/eltrabajo.cl\/portal\/wp-json\/wp\/v2\/posts\/81767","targetHints":{"allow":["GET"]}}],"collection":[{"href":"https:\/\/eltrabajo.cl\/portal\/wp-json\/wp\/v2\/posts"}],"about":[{"href":"https:\/\/eltrabajo.cl\/portal\/wp-json\/wp\/v2\/types\/post"}],"author":[{"embeddable":true,"href":"https:\/\/eltrabajo.cl\/portal\/wp-json\/wp\/v2\/users\/1"}],"replies":[{"embeddable":true,"href":"https:\/\/eltrabajo.cl\/portal\/wp-json\/wp\/v2\/comments?post=81767"}],"version-history":[{"count":0,"href":"https:\/\/eltrabajo.cl\/portal\/wp-json\/wp\/v2\/posts\/81767\/revisions"}],"wp:featuredmedia":[{"embeddable":true,"href":"https:\/\/eltrabajo.cl\/portal\/wp-json\/wp\/v2\/media\/81768"}],"wp:attachment":[{"href":"https:\/\/eltrabajo.cl\/portal\/wp-json\/wp\/v2\/media?parent=81767"}],"wp:term":[{"taxonomy":"category","embeddable":true,"href":"https:\/\/eltrabajo.cl\/portal\/wp-json\/wp\/v2\/categories?post=81767"},{"taxonomy":"post_tag","embeddable":true,"href":"https:\/\/eltrabajo.cl\/portal\/wp-json\/wp\/v2\/tags?post=81767"}],"curies":[{"name":"wp","href":"https:\/\/api.w.org\/{rel}","templated":true}]}}