{"id":81770,"date":"2017-09-22T05:00:18","date_gmt":"2017-09-22T09:00:18","guid":{"rendered":"http:\/\/www.eltrabajo.cl\/2017\/?p=81770"},"modified":"2017-09-22T05:00:18","modified_gmt":"2017-09-22T09:00:18","slug":"dos-atletas-de-la-esc-sagrado-corazon-al-nacional-de-atletismo-en-santiago","status":"publish","type":"post","link":"https:\/\/eltrabajo.cl\/portal\/dos-atletas-de-la-esc-sagrado-corazon-al-nacional-de-atletismo-en-santiago\/","title":{"rendered":"Dos atletas de la Esc. Sagrado Coraz\u00f3n al Nacional de atletismo en Santiago"},"content":{"rendered":"<figure id=\"attachment_81773\" aria-describedby=\"caption-attachment-81773\" style=\"width: 580px\" class=\"wp-caption alignnone\"><img data-recalc-dims=\"1\" loading=\"lazy\" decoding=\"async\" class=\"size-full wp-image-81773\" src=\"https:\/\/i0.wp.com\/www.eltrabajo.cl\/2017\/wp-content\/uploads\/2017\/09\/Atletismo2-Roberta-N%C3%BA%C3%B1ez-G%C3%A1lvez.jpg?resize=580%2C349\" alt=\"SUE\u00d1A EN GRANDE.- Ella es la ni\u00f1a Roberta N\u00fa\u00f1ez G\u00e1lvez, haciendo una demostraci\u00f3n de lanzamiento de bala para Diario El Trabajo.\" width=\"580\" height=\"349\" srcset=\"https:\/\/i0.wp.com\/eltrabajo.cl\/portal\/wp-content\/uploads\/2017\/09\/Atletismo2-Roberta-N%C3%BA%C3%B1ez-G%C3%A1lvez.jpg?w=580&amp;ssl=1 580w, https:\/\/i0.wp.com\/eltrabajo.cl\/portal\/wp-content\/uploads\/2017\/09\/Atletismo2-Roberta-N%C3%BA%C3%B1ez-G%C3%A1lvez.jpg?resize=200%2C120&amp;ssl=1 200w, https:\/\/i0.wp.com\/eltrabajo.cl\/portal\/wp-content\/uploads\/2017\/09\/Atletismo2-Roberta-N%C3%BA%C3%B1ez-G%C3%A1lvez.jpg?resize=300%2C181&amp;ssl=1 300w, https:\/\/i0.wp.com\/eltrabajo.cl\/portal\/wp-content\/uploads\/2017\/09\/Atletismo2-Roberta-N%C3%BA%C3%B1ez-G%C3%A1lvez.jpg?resize=249%2C150&amp;ssl=1 249w, https:\/\/i0.wp.com\/eltrabajo.cl\/portal\/wp-content\/uploads\/2017\/09\/Atletismo2-Roberta-N%C3%BA%C3%B1ez-G%C3%A1lvez.jpg?resize=400%2C241&amp;ssl=1 400w\" sizes=\"auto, (max-width: 580px) 100vw, 580px\" \/><figcaption id=\"caption-attachment-81773\" class=\"wp-caption-text\">SUE\u00d1A EN GRANDE.- Ella es la ni\u00f1a Roberta N\u00fa\u00f1ez G\u00e1lvez, haciendo una demostraci\u00f3n de lanzamiento de bala para Diario El Trabajo.<\/figcaption><\/figure>\n<ul>\n<li><span style=\"color: #ff0000;\"><strong>Lanzamiento de bala, 80 metros planos y Salto largo:<\/strong><\/span><\/li>\n<\/ul>\n<p>Mucho es lo que en todos los medios del Valle de Aconcagua se ha dicho sobre los categ\u00f3ricos Juegos Deportivos Escolares, lo que es muy bueno, sin embargo poco es lo que conocemos de los j\u00f3venes que tambi\u00e9n corren por sus sue\u00f1os y que pertenecen al segmento de escolares en situaci\u00f3n de discapacidad, como lo son los dos chicos que hoy presentaremos en Diario El Trabajo.<br \/>\nSe trata de la ni\u00f1a Roberta N\u00fa\u00f1ez G\u00e1lvez, de 13 a\u00f1os de edad, y el jovencito Jonathan Briones Flores, tambi\u00e9n de 13 a\u00f1os, ambos estudiantes del Colegio Sagrado Coraz\u00f3n. Ellos desde principios de este a\u00f1o se incorporaron a las competencias de lanzamiento de bala, atletismo en los 80 metros planos y salto largo.<br \/>\n\u00abEstos ni\u00f1os se han esforzado mucho a lo largo de muchos a\u00f1os, pero fue hasta 2017 que empezaron a recibir instrucci\u00f3n profesional en los campos deportivos ya mencionados, el profesor de atletismo Crist\u00f3bal C\u00e9spedes ha hecho un gran trabajo con ellos y lograron hace pocos meses clasificar a los Nacionales en sus respectivas categor\u00edas U14. El se\u00f1or Danilo Pe\u00f1a nos ayud\u00f3 en este proceso de incorporar a un experto para que los alumnos de nuestro colegio pudieran acceder a entrenamientos de gran calidad, por lo que le agradezco mucho su gesti\u00f3n\u00bb, coment\u00f3 a Diario El Trabajo la directora del Colegio Sagrado Coraz\u00f3n, Beatriz Gallardo Morales.<br \/>\nEstos chicos viajar\u00e1n a Santiago el pr\u00f3ximo viernes 20 de octubre, al Nacional de Atletismo, ser\u00e1n hospedados en un hotel capitalino, en el que tambi\u00e9n estar\u00e1n otros atletas del pa\u00eds, todo esto a cargo del IND. Los d\u00edas pasan y estos chicos siguen entrenando duro, recordemos que ellos llegaron a los Regionales de Vi\u00f1a, despu\u00e9s de competir en nuestra comuna, en un grupo de seis deportistas de su edad, luego s\u00f3lo ellos pudieron clasificar a los Nacionales.<br \/>\n<strong>Roberto Gonz\u00e1lez Short<\/strong><\/p>\n<figure id=\"attachment_81771\" aria-describedby=\"caption-attachment-81771\" style=\"width: 580px\" class=\"wp-caption alignnone\"><img data-recalc-dims=\"1\" loading=\"lazy\" decoding=\"async\" class=\"size-full wp-image-81771\" src=\"https:\/\/i0.wp.com\/www.eltrabajo.cl\/2017\/wp-content\/uploads\/2017\/09\/Atletismo_Beatriz-Gallardo.jpg?resize=580%2C523\" alt=\"Directora del Colegio Sagrado Coraz\u00f3n, Beatriz Gallardo Morales.\" width=\"580\" height=\"523\" srcset=\"https:\/\/i0.wp.com\/eltrabajo.cl\/portal\/wp-content\/uploads\/2017\/09\/Atletismo_Beatriz-Gallardo.jpg?w=580&amp;ssl=1 580w, https:\/\/i0.wp.com\/eltrabajo.cl\/portal\/wp-content\/uploads\/2017\/09\/Atletismo_Beatriz-Gallardo.jpg?resize=166%2C150&amp;ssl=1 166w, https:\/\/i0.wp.com\/eltrabajo.cl\/portal\/wp-content\/uploads\/2017\/09\/Atletismo_Beatriz-Gallardo.jpg?resize=300%2C271&amp;ssl=1 300w, https:\/\/i0.wp.com\/eltrabajo.cl\/portal\/wp-content\/uploads\/2017\/09\/Atletismo_Beatriz-Gallardo.jpg?resize=400%2C361&amp;ssl=1 400w\" sizes=\"auto, (max-width: 580px) 100vw, 580px\" \/><figcaption id=\"caption-attachment-81771\" class=\"wp-caption-text\">Directora del Colegio Sagrado Coraz\u00f3n, Beatriz Gallardo Morales.<\/figcaption><\/figure>\n<figure id=\"attachment_81772\" aria-describedby=\"caption-attachment-81772\" style=\"width: 580px\" class=\"wp-caption alignnone\"><img data-recalc-dims=\"1\" loading=\"lazy\" decoding=\"async\" class=\"size-full wp-image-81772\" src=\"https:\/\/i0.wp.com\/www.eltrabajo.cl\/2017\/wp-content\/uploads\/2017\/09\/Atletismo1-Jonathan-Briones-.jpg?resize=580%2C518\" alt=\"Grande Jonathan.- Aqu\u00ed vemos el momento en que Jonathan Briones clasific\u00f3 a los Nacionales en la categor\u00eda U14.\" width=\"580\" height=\"518\" srcset=\"https:\/\/i0.wp.com\/eltrabajo.cl\/portal\/wp-content\/uploads\/2017\/09\/Atletismo1-Jonathan-Briones-.jpg?w=580&amp;ssl=1 580w, https:\/\/i0.wp.com\/eltrabajo.cl\/portal\/wp-content\/uploads\/2017\/09\/Atletismo1-Jonathan-Briones-.jpg?resize=168%2C150&amp;ssl=1 168w, https:\/\/i0.wp.com\/eltrabajo.cl\/portal\/wp-content\/uploads\/2017\/09\/Atletismo1-Jonathan-Briones-.jpg?resize=300%2C268&amp;ssl=1 300w, https:\/\/i0.wp.com\/eltrabajo.cl\/portal\/wp-content\/uploads\/2017\/09\/Atletismo1-Jonathan-Briones-.jpg?resize=400%2C357&amp;ssl=1 400w\" sizes=\"auto, (max-width: 580px) 100vw, 580px\" \/><figcaption id=\"caption-attachment-81772\" class=\"wp-caption-text\">Grande Jonathan.- Aqu\u00ed vemos el momento en que Jonathan Briones clasific\u00f3 a los Nacionales en la categor\u00eda U14.<\/figcaption><\/figure>\n<figure id=\"attachment_81774\" aria-describedby=\"caption-attachment-81774\" style=\"width: 580px\" class=\"wp-caption alignnone\"><img data-recalc-dims=\"1\" loading=\"lazy\" decoding=\"async\" class=\"size-full wp-image-81774\" src=\"https:\/\/i0.wp.com\/www.eltrabajo.cl\/2017\/wp-content\/uploads\/2017\/09\/Atletismo3-Jonathan-Briones-.jpg?resize=580%2C675\" alt=\"LA HORA DE LA VERDAD.- Este chico no salta, vuela por los aires cuando de competir se trata.\" width=\"580\" height=\"675\" srcset=\"https:\/\/i0.wp.com\/eltrabajo.cl\/portal\/wp-content\/uploads\/2017\/09\/Atletismo3-Jonathan-Briones-.jpg?w=580&amp;ssl=1 580w, https:\/\/i0.wp.com\/eltrabajo.cl\/portal\/wp-content\/uploads\/2017\/09\/Atletismo3-Jonathan-Briones-.jpg?resize=129%2C150&amp;ssl=1 129w, https:\/\/i0.wp.com\/eltrabajo.cl\/portal\/wp-content\/uploads\/2017\/09\/Atletismo3-Jonathan-Briones-.jpg?resize=258%2C300&amp;ssl=1 258w, https:\/\/i0.wp.com\/eltrabajo.cl\/portal\/wp-content\/uploads\/2017\/09\/Atletismo3-Jonathan-Briones-.jpg?resize=400%2C466&amp;ssl=1 400w\" sizes=\"auto, (max-width: 580px) 100vw, 580px\" \/><figcaption id=\"caption-attachment-81774\" class=\"wp-caption-text\">LA HORA DE LA VERDAD.- Este chico no salta, vuela por los aires cuando de competir se trata.<\/figcaption><\/figure>\n","protected":false},"excerpt":{"rendered":"<p>Lanzamiento de bala, 80 metros planos y Salto largo: Mucho es lo que en todos los medios del Valle de Aconcagua se ha dicho sobre los categ\u00f3ricos Juegos Deportivos Escolares, lo que&#8230;<\/p>\n","protected":false},"author":1,"featured_media":81773,"comment_status":"open","ping_status":"open","sticky":false,"template":"","format":"standard","meta":{"advanced_seo_description":"","jetpack_seo_html_title":"","jetpack_seo_noindex":false,"_jetpack_memberships_contains_paid_content":false,"footnotes":""},"categories":[15],"tags":[],"class_list":["post-81770","post","type-post","status-publish","format-standard","has-post-thumbnail","hentry","category-comunidad"],"jetpack_featured_media_url":"https:\/\/i0.wp.com\/eltrabajo.cl\/portal\/wp-content\/uploads\/2017\/09\/Atletismo2-Roberta-N%C3%BA%C3%B1ez-G%C3%A1lvez.jpg?fit=580%2C349&ssl=1","jetpack_sharing_enabled":true,"jetpack_likes_enabled":true,"jetpack-related-posts":[],"_links":{"self":[{"href":"https:\/\/eltrabajo.cl\/portal\/wp-json\/wp\/v2\/posts\/81770","targetHints":{"allow":["GET"]}}],"collection":[{"href":"https:\/\/eltrabajo.cl\/portal\/wp-json\/wp\/v2\/posts"}],"about":[{"href":"https:\/\/eltrabajo.cl\/portal\/wp-json\/wp\/v2\/types\/post"}],"author":[{"embeddable":true,"href":"https:\/\/eltrabajo.cl\/portal\/wp-json\/wp\/v2\/users\/1"}],"replies":[{"embeddable":true,"href":"https:\/\/eltrabajo.cl\/portal\/wp-json\/wp\/v2\/comments?post=81770"}],"version-history":[{"count":0,"href":"https:\/\/eltrabajo.cl\/portal\/wp-json\/wp\/v2\/posts\/81770\/revisions"}],"wp:featuredmedia":[{"embeddable":true,"href":"https:\/\/eltrabajo.cl\/portal\/wp-json\/wp\/v2\/media\/81773"}],"wp:attachment":[{"href":"https:\/\/eltrabajo.cl\/portal\/wp-json\/wp\/v2\/media?parent=81770"}],"wp:term":[{"taxonomy":"category","embeddable":true,"href":"https:\/\/eltrabajo.cl\/portal\/wp-json\/wp\/v2\/categories?post=81770"},{"taxonomy":"post_tag","embeddable":true,"href":"https:\/\/eltrabajo.cl\/portal\/wp-json\/wp\/v2\/tags?post=81770"}],"curies":[{"name":"wp","href":"https:\/\/api.w.org\/{rel}","templated":true}]}}