{"id":81776,"date":"2017-09-22T05:01:59","date_gmt":"2017-09-22T09:01:59","guid":{"rendered":"http:\/\/www.eltrabajo.cl\/2017\/?p=81776"},"modified":"2017-09-22T05:01:59","modified_gmt":"2017-09-22T09:01:59","slug":"carabineros-patrulla-en-bicicleta-por-el-damero-central-de-la-ciudad","status":"publish","type":"post","link":"https:\/\/eltrabajo.cl\/portal\/carabineros-patrulla-en-bicicleta-por-el-damero-central-de-la-ciudad\/","title":{"rendered":"Carabineros patrulla en bicicleta por el damero central de la ciudad"},"content":{"rendered":"<figure id=\"attachment_81778\" aria-describedby=\"caption-attachment-81778\" style=\"width: 580px\" class=\"wp-caption alignnone\"><img data-recalc-dims=\"1\" loading=\"lazy\" decoding=\"async\" class=\"size-full wp-image-81778\" src=\"https:\/\/i0.wp.com\/www.eltrabajo.cl\/2017\/wp-content\/uploads\/2017\/09\/patrulla-carabineros-bicicleta.jpg?resize=580%2C350\" alt=\"Las bicicletas fueron adquiridas por la Municipalidad con el apoyo de empresas privadas y traspasadas en comodato a Carabineros.\" width=\"580\" height=\"350\" srcset=\"https:\/\/i0.wp.com\/eltrabajo.cl\/portal\/wp-content\/uploads\/2017\/09\/patrulla-carabineros-bicicleta.jpg?w=580&amp;ssl=1 580w, https:\/\/i0.wp.com\/eltrabajo.cl\/portal\/wp-content\/uploads\/2017\/09\/patrulla-carabineros-bicicleta.jpg?resize=200%2C121&amp;ssl=1 200w, https:\/\/i0.wp.com\/eltrabajo.cl\/portal\/wp-content\/uploads\/2017\/09\/patrulla-carabineros-bicicleta.jpg?resize=300%2C181&amp;ssl=1 300w, https:\/\/i0.wp.com\/eltrabajo.cl\/portal\/wp-content\/uploads\/2017\/09\/patrulla-carabineros-bicicleta.jpg?resize=249%2C150&amp;ssl=1 249w, https:\/\/i0.wp.com\/eltrabajo.cl\/portal\/wp-content\/uploads\/2017\/09\/patrulla-carabineros-bicicleta.jpg?resize=400%2C241&amp;ssl=1 400w\" sizes=\"auto, (max-width: 580px) 100vw, 580px\" \/><figcaption id=\"caption-attachment-81778\" class=\"wp-caption-text\">Las bicicletas fueron adquiridas por la Municipalidad con el apoyo de empresas privadas y traspasadas en comodato a Carabineros.<\/figcaption><\/figure>\n<p><strong>LOS ANDES.-<\/strong> A partir de ahora ser\u00e1 com\u00fan ver a personal de Carabineros patrullando en bicicleta por el damero central de la ciudad, ello en el marco del plan \u2018Recuperando el Centro Para Los Andes\u2019 que impulsa la municipalidad en conjunto con las polic\u00edas.<br \/>\nEn total son cuatro bicicletas que ser\u00e1n utilizadas por personal especialmente preparado f\u00edsicamente para poder realizar estos patrullajes en el centro, como una forma de prevenir los delitos y actuar m\u00e1s r\u00e1pidamente en caso que \u00e9stos se produzcan.<br \/>\nEn la ocasi\u00f3n, el alcalde Manuel Rivera, agradeci\u00f3 la gesti\u00f3n del Jefe de la V Zona de Carabineros, General Jaime Barria, quien fue el que agiliz\u00f3 los procedimientos administrativos para que esta iniciativa pudiera concretarse en el corto plazo y de esa manera ayudar a los patrullajes preventivos en el centro.<br \/>\nEl alcalde se\u00f1al\u00f3 que estas bicicletas tienen requerimientos t\u00e9cnicos espec\u00edficos que Carabineros valida, como por ejemplo el tema de los frenos, \u201c y por eso nos demoramos un poco en este proyecto pero ya lo concretamos y eso es lo que importa y es lo que los vecinos esperan para tener una ciudad m\u00e1s segura\u201d.<br \/>\nFinalmente, el Prefecto de Carabineros de Aconcagua, Coronel Pablo Salgado, coment\u00f3 que con estos veh\u00edculos Carabineros puede patrullar de manera silenciosa el centro de la ciudad y acceder m\u00e1s r\u00e1pidamente al lugar donde se est\u00e9 cometiendo un delito, a diferencia del Ret\u00e9n M\u00f3vil que est\u00e1 estacionado en un solo lugar o las motos que tienen tambi\u00e9n dificultades para desplazarse, debiendo hacerlo solo por las calles.<br \/>\nA\u00f1adi\u00f3 que la presencia de estos Carabineros en bicicleta tambi\u00e9n servir\u00e1 como un elemento disuasivo.<\/p>\n","protected":false},"excerpt":{"rendered":"<p>LOS ANDES.- A partir de ahora ser\u00e1 com\u00fan ver a personal de Carabineros patrullando en bicicleta por el damero central de la ciudad, ello en el marco del plan \u2018Recuperando el Centro&#8230;<\/p>\n","protected":false},"author":1,"featured_media":81778,"comment_status":"open","ping_status":"open","sticky":false,"template":"","format":"standard","meta":{"advanced_seo_description":"","jetpack_seo_html_title":"","jetpack_seo_noindex":false,"_jetpack_memberships_contains_paid_content":false,"footnotes":""},"categories":[1],"tags":[],"class_list":["post-81776","post","type-post","status-publish","format-standard","has-post-thumbnail","hentry","category-cronica"],"jetpack_featured_media_url":"https:\/\/i0.wp.com\/eltrabajo.cl\/portal\/wp-content\/uploads\/2017\/09\/patrulla-carabineros-bicicleta.jpg?fit=580%2C350&ssl=1","jetpack_sharing_enabled":true,"jetpack_likes_enabled":true,"jetpack-related-posts":[],"_links":{"self":[{"href":"https:\/\/eltrabajo.cl\/portal\/wp-json\/wp\/v2\/posts\/81776","targetHints":{"allow":["GET"]}}],"collection":[{"href":"https:\/\/eltrabajo.cl\/portal\/wp-json\/wp\/v2\/posts"}],"about":[{"href":"https:\/\/eltrabajo.cl\/portal\/wp-json\/wp\/v2\/types\/post"}],"author":[{"embeddable":true,"href":"https:\/\/eltrabajo.cl\/portal\/wp-json\/wp\/v2\/users\/1"}],"replies":[{"embeddable":true,"href":"https:\/\/eltrabajo.cl\/portal\/wp-json\/wp\/v2\/comments?post=81776"}],"version-history":[{"count":0,"href":"https:\/\/eltrabajo.cl\/portal\/wp-json\/wp\/v2\/posts\/81776\/revisions"}],"wp:featuredmedia":[{"embeddable":true,"href":"https:\/\/eltrabajo.cl\/portal\/wp-json\/wp\/v2\/media\/81778"}],"wp:attachment":[{"href":"https:\/\/eltrabajo.cl\/portal\/wp-json\/wp\/v2\/media?parent=81776"}],"wp:term":[{"taxonomy":"category","embeddable":true,"href":"https:\/\/eltrabajo.cl\/portal\/wp-json\/wp\/v2\/categories?post=81776"},{"taxonomy":"post_tag","embeddable":true,"href":"https:\/\/eltrabajo.cl\/portal\/wp-json\/wp\/v2\/tags?post=81776"}],"curies":[{"name":"wp","href":"https:\/\/api.w.org\/{rel}","templated":true}]}}