{"id":81780,"date":"2017-09-22T05:02:00","date_gmt":"2017-09-22T09:02:00","guid":{"rendered":"http:\/\/www.eltrabajo.cl\/2017\/?p=81780"},"modified":"2017-09-22T05:02:00","modified_gmt":"2017-09-22T09:02:00","slug":"duelo-entre-san-marcos-y-el-uni-uni-cerrara-la-fecha-de-la-primera-b","status":"publish","type":"post","link":"https:\/\/eltrabajo.cl\/portal\/duelo-entre-san-marcos-y-el-uni-uni-cerrara-la-fecha-de-la-primera-b\/","title":{"rendered":"Duelo entre San Marcos y el Un\u00ed Un\u00ed cerrar\u00e1 la fecha de la Primera B"},"content":{"rendered":"<figure id=\"attachment_81781\" aria-describedby=\"caption-attachment-81781\" style=\"width: 580px\" class=\"wp-caption alignnone\"><img data-recalc-dims=\"1\" loading=\"lazy\" decoding=\"async\" class=\"size-full wp-image-81781\" src=\"https:\/\/i0.wp.com\/www.eltrabajo.cl\/2017\/wp-content\/uploads\/2017\/09\/uni-uni-2.jpg?resize=580%2C348\" alt=\"El equipo de Dami\u00e1n Ayude cargar\u00e1 con la obligaci\u00f3n de sumar en Arica para salir de la apremiante situaci\u00f3n por la que est\u00e1 atravesando en la actualidad.\" width=\"580\" height=\"348\" srcset=\"https:\/\/i0.wp.com\/eltrabajo.cl\/portal\/wp-content\/uploads\/2017\/09\/uni-uni-2.jpg?w=580&amp;ssl=1 580w, https:\/\/i0.wp.com\/eltrabajo.cl\/portal\/wp-content\/uploads\/2017\/09\/uni-uni-2.jpg?resize=200%2C120&amp;ssl=1 200w, https:\/\/i0.wp.com\/eltrabajo.cl\/portal\/wp-content\/uploads\/2017\/09\/uni-uni-2.jpg?resize=300%2C180&amp;ssl=1 300w, https:\/\/i0.wp.com\/eltrabajo.cl\/portal\/wp-content\/uploads\/2017\/09\/uni-uni-2.jpg?resize=250%2C150&amp;ssl=1 250w, https:\/\/i0.wp.com\/eltrabajo.cl\/portal\/wp-content\/uploads\/2017\/09\/uni-uni-2.jpg?resize=400%2C240&amp;ssl=1 400w\" sizes=\"auto, (max-width: 580px) 100vw, 580px\" \/><figcaption id=\"caption-attachment-81781\" class=\"wp-caption-text\">El equipo de Dami\u00e1n Ayude cargar\u00e1 con la obligaci\u00f3n de sumar en Arica para salir de la apremiante situaci\u00f3n por la que est\u00e1 atravesando en la actualidad.<\/figcaption><\/figure>\n<p>Para Uni\u00f3n San Felipe las pr\u00f3ximas dos jornadas del Torneo de Transici\u00f3n resultar\u00e1n fundamentales para poder tomar el ox\u00edgeno suficiente que le permita alejarse de los \u00faltimos puestos de la tabla del promedio, en la cual est\u00e1 seriamente comprometido con el descenso.<br \/>\nEl desaf\u00edo para el conjunto sanfelipe\u00f1o no ser\u00e1 menor ya que deber\u00e1 enfrentar a San Marcos de Arica, un equipo \u2018ducho\u2019, avezado y que tiene grandes posibilidades de subir a la Primera A.<br \/>\nDespu\u00e9s del receso por Fiestas Patrias, este fin de semana volver\u00e1 el f\u00fatbol profesional y el duelo entre nortinos y sanfelipe\u00f1o fue confirmado para las cinco de la tarde del pr\u00f3ximo domingo en el m\u00edtico estadio Carlos Dittborn en la \u2018ciudad de la eterna primavera\u2019.<br \/>\nLa fecha 8 del torneo de Transici\u00f3n de la Primera B ser\u00e1 abierta ma\u00f1ana s\u00e1bado con el juego entre Santiago Morning y Rangers. Ese mismo d\u00eda tambi\u00e9n aparece agendado el pleito entre Iberia y Magallanes, mientras que el resto de la fecha se jugar\u00e1 de manera \u00edntegra durante el domingo.<\/p>\n<p>Programaci\u00f3n 8\u00aa fecha<br \/>\nS\u00e1bado 23 de septiembre<br \/>\n12:30 horas, Santiago Morning \u2013 Rangers<br \/>\n19:00 horas, Iberia \u2013 Magallanes<br \/>\nDomingo 24 de septiembre<br \/>\n15:30 horas, Uni\u00f3n La Calera \u2013 Coquimbo Unido<br \/>\n15:30 horas, Deportes La Serena \u2013 Copiap\u00f3<br \/>\n15:30 horas, Valdivia \u2013 \u00d1ublense<br \/>\n16:00 horas, Cobresal \u2013 Barnechea<br \/>\n16:00 horas, Cobreloa \u2013 Puerto Montt<br \/>\n17:00 horas, San Marcos \u2013 Uni\u00f3n San Felipe<\/p>\n<p><img data-recalc-dims=\"1\" loading=\"lazy\" decoding=\"async\" class=\"alignnone size-full wp-image-81782\" src=\"https:\/\/i0.wp.com\/www.eltrabajo.cl\/2017\/wp-content\/uploads\/2017\/09\/tabla-de-rendimiento.jpg?resize=640%2C594\" alt=\"\" width=\"640\" height=\"594\" srcset=\"https:\/\/i0.wp.com\/eltrabajo.cl\/portal\/wp-content\/uploads\/2017\/09\/tabla-de-rendimiento.jpg?w=902&amp;ssl=1 902w, https:\/\/i0.wp.com\/eltrabajo.cl\/portal\/wp-content\/uploads\/2017\/09\/tabla-de-rendimiento.jpg?resize=162%2C150&amp;ssl=1 162w, https:\/\/i0.wp.com\/eltrabajo.cl\/portal\/wp-content\/uploads\/2017\/09\/tabla-de-rendimiento.jpg?resize=300%2C278&amp;ssl=1 300w, https:\/\/i0.wp.com\/eltrabajo.cl\/portal\/wp-content\/uploads\/2017\/09\/tabla-de-rendimiento.jpg?resize=768%2C713&amp;ssl=1 768w, https:\/\/i0.wp.com\/eltrabajo.cl\/portal\/wp-content\/uploads\/2017\/09\/tabla-de-rendimiento.jpg?resize=400%2C371&amp;ssl=1 400w\" sizes=\"auto, (max-width: 640px) 100vw, 640px\" \/><\/p>\n","protected":false},"excerpt":{"rendered":"<p>Para Uni\u00f3n San Felipe las pr\u00f3ximas dos jornadas del Torneo de Transici\u00f3n resultar\u00e1n fundamentales para poder tomar el ox\u00edgeno suficiente que le permita alejarse de los \u00faltimos puestos de la tabla del&#8230;<\/p>\n","protected":false},"author":1,"featured_media":81781,"comment_status":"open","ping_status":"open","sticky":false,"template":"","format":"standard","meta":{"advanced_seo_description":"","jetpack_seo_html_title":"","jetpack_seo_noindex":false,"_jetpack_memberships_contains_paid_content":false,"footnotes":""},"categories":[19],"tags":[],"class_list":["post-81780","post","type-post","status-publish","format-standard","has-post-thumbnail","hentry","category-deportes"],"jetpack_featured_media_url":"https:\/\/i0.wp.com\/eltrabajo.cl\/portal\/wp-content\/uploads\/2017\/09\/uni-uni-2.jpg?fit=580%2C348&ssl=1","jetpack_sharing_enabled":true,"jetpack_likes_enabled":true,"jetpack-related-posts":[],"_links":{"self":[{"href":"https:\/\/eltrabajo.cl\/portal\/wp-json\/wp\/v2\/posts\/81780","targetHints":{"allow":["GET"]}}],"collection":[{"href":"https:\/\/eltrabajo.cl\/portal\/wp-json\/wp\/v2\/posts"}],"about":[{"href":"https:\/\/eltrabajo.cl\/portal\/wp-json\/wp\/v2\/types\/post"}],"author":[{"embeddable":true,"href":"https:\/\/eltrabajo.cl\/portal\/wp-json\/wp\/v2\/users\/1"}],"replies":[{"embeddable":true,"href":"https:\/\/eltrabajo.cl\/portal\/wp-json\/wp\/v2\/comments?post=81780"}],"version-history":[{"count":0,"href":"https:\/\/eltrabajo.cl\/portal\/wp-json\/wp\/v2\/posts\/81780\/revisions"}],"wp:featuredmedia":[{"embeddable":true,"href":"https:\/\/eltrabajo.cl\/portal\/wp-json\/wp\/v2\/media\/81781"}],"wp:attachment":[{"href":"https:\/\/eltrabajo.cl\/portal\/wp-json\/wp\/v2\/media?parent=81780"}],"wp:term":[{"taxonomy":"category","embeddable":true,"href":"https:\/\/eltrabajo.cl\/portal\/wp-json\/wp\/v2\/categories?post=81780"},{"taxonomy":"post_tag","embeddable":true,"href":"https:\/\/eltrabajo.cl\/portal\/wp-json\/wp\/v2\/tags?post=81780"}],"curies":[{"name":"wp","href":"https:\/\/api.w.org\/{rel}","templated":true}]}}