{"id":81784,"date":"2017-09-22T05:03:38","date_gmt":"2017-09-22T09:03:38","guid":{"rendered":"http:\/\/www.eltrabajo.cl\/2017\/?p=81784"},"modified":"2017-09-22T05:03:38","modified_gmt":"2017-09-22T09:03:38","slug":"con-escultura-de-tres-metros-putaendo-rinde-homenaje-a-las-temporeras","status":"publish","type":"post","link":"https:\/\/eltrabajo.cl\/portal\/con-escultura-de-tres-metros-putaendo-rinde-homenaje-a-las-temporeras\/","title":{"rendered":"Con escultura de tres metros Putaendo rinde homenaje a las temporeras"},"content":{"rendered":"<figure id=\"attachment_81785\" aria-describedby=\"caption-attachment-81785\" style=\"width: 580px\" class=\"wp-caption alignnone\"><img data-recalc-dims=\"1\" loading=\"lazy\" decoding=\"async\" class=\"size-full wp-image-81785\" src=\"https:\/\/i0.wp.com\/www.eltrabajo.cl\/2017\/wp-content\/uploads\/2017\/09\/Inauguraci%C3%B3n-Temporera-1.jpg?resize=580%2C350\" alt=\"Autoridades presentes en la inauguraci\u00f3n del monumento de tres metros de altura que rinde homenaje a la mujer temporera.\" width=\"580\" height=\"350\" srcset=\"https:\/\/i0.wp.com\/eltrabajo.cl\/portal\/wp-content\/uploads\/2017\/09\/Inauguraci%C3%B3n-Temporera-1.jpg?w=580&amp;ssl=1 580w, https:\/\/i0.wp.com\/eltrabajo.cl\/portal\/wp-content\/uploads\/2017\/09\/Inauguraci%C3%B3n-Temporera-1.jpg?resize=200%2C121&amp;ssl=1 200w, https:\/\/i0.wp.com\/eltrabajo.cl\/portal\/wp-content\/uploads\/2017\/09\/Inauguraci%C3%B3n-Temporera-1.jpg?resize=300%2C181&amp;ssl=1 300w, https:\/\/i0.wp.com\/eltrabajo.cl\/portal\/wp-content\/uploads\/2017\/09\/Inauguraci%C3%B3n-Temporera-1.jpg?resize=249%2C150&amp;ssl=1 249w, https:\/\/i0.wp.com\/eltrabajo.cl\/portal\/wp-content\/uploads\/2017\/09\/Inauguraci%C3%B3n-Temporera-1.jpg?resize=400%2C241&amp;ssl=1 400w\" sizes=\"auto, (max-width: 580px) 100vw, 580px\" \/><figcaption id=\"caption-attachment-81785\" class=\"wp-caption-text\">Autoridades presentes en la inauguraci\u00f3n del monumento de tres metros de altura que rinde homenaje a la mujer temporera.<\/figcaption><\/figure>\n<ul>\n<li><strong><span style=\"color: #ff0000;\">Obra adorna el Parque Puente Cimbra:<\/span>\u00a0Con la presencia de la Ministra del Trabajo, Alejandra Krauss, el municipio encabezado por el Alcalde Guillermo Reyes present\u00f3 al p\u00fablico un monumento que busca inmortalizar el legado de miles de mujeres campesinas de la comuna y Aconcagua.<\/strong><\/li>\n<\/ul>\n<p><strong>PUTAENDO.-<\/strong> Alegr\u00eda, orgullo y valoraci\u00f3n de las mujeres temporeras de Putaendo marcaron la ceremonia de inauguraci\u00f3n del monumento en honor a las miles de damas que han trabajado en faenas frut\u00edcolas.<br \/>\nCon recursos propios, el municipio y el Concejo Municipal, liderado por el alcalde Guillermo Reyes, quisieron homenajear a las temporeras del pa\u00eds. La escultura de casi tres metros est\u00e1 ubicada en el Parque Puente Cimbra y refleja la fortaleza de la mujer, su abnegada labor y su conexi\u00f3n con la tierra.<br \/>\n\u201c\u00c9ste era un sue\u00f1o nuestro. Ellas son las personas que aportaron y lograron que la fruticultura del pa\u00eds se masificara y alcanzara el reconocimiento mundial que hoy tiene. Creo que todos en Putaendo tenemos alguna familiar o amiga que ha trabajado como temporera y nos parece necesario ensalzar su esfuerzo\u201d, explic\u00f3 la m\u00e1xima autoridad comunal.<br \/>\nLa actividad cont\u00f3 con la presencia de la Ministra del Trabajo, Alejandra Krauss. La secretaria de Estado destac\u00f3 la importancia de la mujer en las diferentes actividades humanas y agradeci\u00f3 que el municipio tenga este gesto que simboliza la importancia de las mujeres en sus faenas agr\u00edcolas.<br \/>\n\u201cEstoy feliz de compartir con la gente de Putaendo, porque para la presidenta Michelle Bachelet las mujeres son esenciales en cada uno de los roles que jugamos en esta vida y particularmente la labor de la mujer temporera que ha dado tantos frutos por tantos a\u00f1os a nuestro pa\u00eds, que genera riqueza, que genera identidad y que genera justicia social\u201d, afirm\u00f3 la Ministra Krauss.<br \/>\nLa escultura fue realizada por Sergio Le\u00f3n Romero a trav\u00e9s de la uni\u00f3n de peque\u00f1as placas de acero galvanizadas. Con los pies descalzos, una mujer est\u00e1 sacando un durazno de la rama de un \u00e1rbol con una de sus manos, mientras su otra extremidad est\u00e1 sosteniendo un capacho con los carozos que ya ha recogido.<br \/>\n\u201cLa idea es contextualizar en los a\u00f1os 60 y 70 lo que era la imagen de las temporeras. Hicimos unos resabios muy rom\u00e1nticos a la historia cl\u00e1sica de la mujer de campo. Hay detalles de Violeta Parra y fuimos mezclando detalles de diferentes mujeres, pero sobre todo de las mujeres de la zona centro norte\u201d, detall\u00f3 el escultor.<\/p>\n<figure id=\"attachment_81786\" aria-describedby=\"caption-attachment-81786\" style=\"width: 580px\" class=\"wp-caption alignnone\"><img data-recalc-dims=\"1\" loading=\"lazy\" decoding=\"async\" class=\"size-full wp-image-81786\" src=\"https:\/\/i0.wp.com\/www.eltrabajo.cl\/2017\/wp-content\/uploads\/2017\/09\/Inauguraci%C3%B3n-Temporera-2.jpg?resize=580%2C652\" alt=\"En el Parque Puente Cimbra qued\u00f3 ubicada la estatua de la mujer temporera, una obra de gran valor no solo art\u00edstico, sino tambi\u00e9n simb\u00f3lico.\" width=\"580\" height=\"652\" srcset=\"https:\/\/i0.wp.com\/eltrabajo.cl\/portal\/wp-content\/uploads\/2017\/09\/Inauguraci%C3%B3n-Temporera-2.jpg?w=580&amp;ssl=1 580w, https:\/\/i0.wp.com\/eltrabajo.cl\/portal\/wp-content\/uploads\/2017\/09\/Inauguraci%C3%B3n-Temporera-2.jpg?resize=133%2C150&amp;ssl=1 133w, https:\/\/i0.wp.com\/eltrabajo.cl\/portal\/wp-content\/uploads\/2017\/09\/Inauguraci%C3%B3n-Temporera-2.jpg?resize=267%2C300&amp;ssl=1 267w, https:\/\/i0.wp.com\/eltrabajo.cl\/portal\/wp-content\/uploads\/2017\/09\/Inauguraci%C3%B3n-Temporera-2.jpg?resize=400%2C450&amp;ssl=1 400w\" sizes=\"auto, (max-width: 580px) 100vw, 580px\" \/><figcaption id=\"caption-attachment-81786\" class=\"wp-caption-text\">En el Parque Puente Cimbra qued\u00f3 ubicada la estatua de la mujer temporera, una obra de gran valor no solo art\u00edstico, sino tambi\u00e9n simb\u00f3lico.<\/figcaption><\/figure>\n","protected":false},"excerpt":{"rendered":"<p>Obra adorna el Parque Puente Cimbra:\u00a0Con la presencia de la Ministra del Trabajo, Alejandra Krauss, el municipio encabezado por el Alcalde Guillermo Reyes present\u00f3 al p\u00fablico un monumento que busca inmortalizar el&#8230;<\/p>\n","protected":false},"author":1,"featured_media":81785,"comment_status":"open","ping_status":"open","sticky":false,"template":"","format":"standard","meta":{"advanced_seo_description":"","jetpack_seo_html_title":"","jetpack_seo_noindex":false,"_jetpack_memberships_contains_paid_content":false,"footnotes":""},"categories":[1],"tags":[],"class_list":["post-81784","post","type-post","status-publish","format-standard","has-post-thumbnail","hentry","category-cronica"],"jetpack_featured_media_url":"https:\/\/i0.wp.com\/eltrabajo.cl\/portal\/wp-content\/uploads\/2017\/09\/Inauguraci%C3%B3n-Temporera-1.jpg?fit=580%2C350&ssl=1","jetpack_sharing_enabled":true,"jetpack_likes_enabled":true,"jetpack-related-posts":[],"_links":{"self":[{"href":"https:\/\/eltrabajo.cl\/portal\/wp-json\/wp\/v2\/posts\/81784","targetHints":{"allow":["GET"]}}],"collection":[{"href":"https:\/\/eltrabajo.cl\/portal\/wp-json\/wp\/v2\/posts"}],"about":[{"href":"https:\/\/eltrabajo.cl\/portal\/wp-json\/wp\/v2\/types\/post"}],"author":[{"embeddable":true,"href":"https:\/\/eltrabajo.cl\/portal\/wp-json\/wp\/v2\/users\/1"}],"replies":[{"embeddable":true,"href":"https:\/\/eltrabajo.cl\/portal\/wp-json\/wp\/v2\/comments?post=81784"}],"version-history":[{"count":0,"href":"https:\/\/eltrabajo.cl\/portal\/wp-json\/wp\/v2\/posts\/81784\/revisions"}],"wp:featuredmedia":[{"embeddable":true,"href":"https:\/\/eltrabajo.cl\/portal\/wp-json\/wp\/v2\/media\/81785"}],"wp:attachment":[{"href":"https:\/\/eltrabajo.cl\/portal\/wp-json\/wp\/v2\/media?parent=81784"}],"wp:term":[{"taxonomy":"category","embeddable":true,"href":"https:\/\/eltrabajo.cl\/portal\/wp-json\/wp\/v2\/categories?post=81784"},{"taxonomy":"post_tag","embeddable":true,"href":"https:\/\/eltrabajo.cl\/portal\/wp-json\/wp\/v2\/tags?post=81784"}],"curies":[{"name":"wp","href":"https:\/\/api.w.org\/{rel}","templated":true}]}}