{"id":81788,"date":"2017-09-22T05:04:21","date_gmt":"2017-09-22T09:04:21","guid":{"rendered":"http:\/\/www.eltrabajo.cl\/2017\/?p=81788"},"modified":"2017-09-22T05:04:21","modified_gmt":"2017-09-22T09:04:21","slug":"cuarta-cicletada-familiar-se-desarrollara-el-domingo-en-sector-de-los-campos","status":"publish","type":"post","link":"https:\/\/eltrabajo.cl\/portal\/cuarta-cicletada-familiar-se-desarrollara-el-domingo-en-sector-de-los-campos\/","title":{"rendered":"Cuarta cicletada familiar se desarrollar\u00e1 el domingo en sector de Los Campos"},"content":{"rendered":"<figure id=\"attachment_81789\" aria-describedby=\"caption-attachment-81789\" style=\"width: 580px\" class=\"wp-caption alignnone\"><img data-recalc-dims=\"1\" loading=\"lazy\" decoding=\"async\" class=\"size-full wp-image-81789\" src=\"https:\/\/i0.wp.com\/www.eltrabajo.cl\/2017\/wp-content\/uploads\/2017\/09\/Cicletada-tercera-bellavista.jpg?resize=580%2C349\" alt=\"En la foto de archivo, la tercera cicletada familiar rural, organizada por el departamento de Deportes y Actividad F\u00edsica municipal y la Mesa de Promoci\u00f3n de la Salud, realizada el domingo 27 de agosto en Bellavista.\" width=\"580\" height=\"349\" srcset=\"https:\/\/i0.wp.com\/eltrabajo.cl\/portal\/wp-content\/uploads\/2017\/09\/Cicletada-tercera-bellavista.jpg?w=580&amp;ssl=1 580w, https:\/\/i0.wp.com\/eltrabajo.cl\/portal\/wp-content\/uploads\/2017\/09\/Cicletada-tercera-bellavista.jpg?resize=200%2C120&amp;ssl=1 200w, https:\/\/i0.wp.com\/eltrabajo.cl\/portal\/wp-content\/uploads\/2017\/09\/Cicletada-tercera-bellavista.jpg?resize=300%2C181&amp;ssl=1 300w, https:\/\/i0.wp.com\/eltrabajo.cl\/portal\/wp-content\/uploads\/2017\/09\/Cicletada-tercera-bellavista.jpg?resize=249%2C150&amp;ssl=1 249w, https:\/\/i0.wp.com\/eltrabajo.cl\/portal\/wp-content\/uploads\/2017\/09\/Cicletada-tercera-bellavista.jpg?resize=400%2C241&amp;ssl=1 400w\" sizes=\"auto, (max-width: 580px) 100vw, 580px\" \/><figcaption id=\"caption-attachment-81789\" class=\"wp-caption-text\">En la foto de archivo, la tercera cicletada familiar rural, organizada por el departamento de Deportes y Actividad F\u00edsica municipal y la Mesa de Promoci\u00f3n de la Salud, realizada el domingo 27 de agosto en Bellavista.<\/figcaption><\/figure>\n<ul>\n<li><span style=\"color: #ff0000;\"><strong>El martes 26, en tanto, se medir\u00e1n en el estadio municipal las selecciones U15 de Chile y Paraguay:<\/strong><\/span><\/li>\n<\/ul>\n<p>En el sector de Los Campos, l\u00edmite con Rinconada de Los Andes (direcci\u00f3n poniente del Cruce Los Villares), se llevar\u00e1 a cabo este domingo desde las 10 de la ma\u00f1ana, la cuarta cicletada familiar del a\u00f1o 2017, actividad impulsada por la mesa de promoci\u00f3n de la salud y el Departamento de Deportes de la Municipalidad de San Felipe.<br \/>\nTal como ya se realiz\u00f3 en una primera oportunidad, el punto de partida ser\u00e1 en la cancha del Club San Carlos y el recorrido se extender\u00e1 por seis kil\u00f3metros. As\u00ed lo dio a conocer Danilo Pe\u00f1a, encargado del Departamento de Deportes del municipio sanfelipe\u00f1o, quien extendi\u00f3 la invitaci\u00f3n a esta cita para todos los amantes de la actividad f\u00edsica del Valle de Aconcagua.<br \/>\n\u201cEsperamos a toda la gente de la comuna y de la provincia de San Felipe, que participen y puedan estar con nosotros&#8230; es un recorrido que todos pueden realizar sin ninguna dificultad, cabe destacar que tendremos nuevamente bicicletas de regalo para los participantes, as\u00ed que est\u00e1n todos invitados\u201d, asegur\u00f3 Pe\u00f1a.<\/p>\n<p><span style=\"color: #ff0000;\"><strong>SELECCI\u00d3N CHILENA SUB 15<\/strong><\/span><br \/>\nEl martes, el Estadio Municipal de San Felipe ser\u00e1 escenario de un partido internacional, pues desde las 18 horas, la Selecci\u00f3n Chilena Sub 15 \u2013con Cristian \u2018El Flaco\u2019 Leiva como Director T\u00e9cnico-, enfrentar\u00e1 a su similar de Paraguay, duelo que tendr\u00e1 como preliminar el enfrentamiento entre las selecciones escolares U15 de San Felipe y Llay Llay.<br \/>\n\u201cEst\u00e1n todos cordialmente invitados, la entrada es completamente gratuita, as\u00ed que esperamos tener un lindo fin de semana y un gran comienzo de otra en cuanto a deportes se refiere\u201d, apunt\u00f3 Pe\u00f1a, haciendo alusi\u00f3n tambi\u00e9n al torneo de voleibol juvenil damas que se disputar\u00e1 ma\u00f1ana s\u00e1bado en el gimnasio Samuel Tapia Guerrero, ex Sala M\u00faltiple.<\/p>\n<figure id=\"attachment_81790\" aria-describedby=\"caption-attachment-81790\" style=\"width: 580px\" class=\"wp-caption alignnone\"><img data-recalc-dims=\"1\" loading=\"lazy\" decoding=\"async\" class=\"size-full wp-image-81790\" src=\"https:\/\/i0.wp.com\/www.eltrabajo.cl\/2017\/wp-content\/uploads\/2017\/09\/danilo-pe%C3%B1a.jpg?resize=580%2C349\" alt=\"Danilo Pe\u00f1a, encargado del Departamento de Deportes y Actividad F\u00edsica de la Municipalidad de San Felipe.\" width=\"580\" height=\"349\" srcset=\"https:\/\/i0.wp.com\/eltrabajo.cl\/portal\/wp-content\/uploads\/2017\/09\/danilo-pe%C3%B1a.jpg?w=580&amp;ssl=1 580w, https:\/\/i0.wp.com\/eltrabajo.cl\/portal\/wp-content\/uploads\/2017\/09\/danilo-pe%C3%B1a.jpg?resize=200%2C120&amp;ssl=1 200w, https:\/\/i0.wp.com\/eltrabajo.cl\/portal\/wp-content\/uploads\/2017\/09\/danilo-pe%C3%B1a.jpg?resize=300%2C181&amp;ssl=1 300w, https:\/\/i0.wp.com\/eltrabajo.cl\/portal\/wp-content\/uploads\/2017\/09\/danilo-pe%C3%B1a.jpg?resize=249%2C150&amp;ssl=1 249w, https:\/\/i0.wp.com\/eltrabajo.cl\/portal\/wp-content\/uploads\/2017\/09\/danilo-pe%C3%B1a.jpg?resize=400%2C241&amp;ssl=1 400w\" sizes=\"auto, (max-width: 580px) 100vw, 580px\" \/><figcaption id=\"caption-attachment-81790\" class=\"wp-caption-text\">Danilo Pe\u00f1a, encargado del Departamento de Deportes y Actividad F\u00edsica de la Municipalidad de San Felipe.<\/figcaption><\/figure>\n","protected":false},"excerpt":{"rendered":"<p>El martes 26, en tanto, se medir\u00e1n en el estadio municipal las selecciones U15 de Chile y Paraguay: En el sector de Los Campos, l\u00edmite con Rinconada de Los Andes (direcci\u00f3n poniente&#8230;<\/p>\n","protected":false},"author":1,"featured_media":81789,"comment_status":"open","ping_status":"open","sticky":false,"template":"","format":"standard","meta":{"advanced_seo_description":"","jetpack_seo_html_title":"","jetpack_seo_noindex":false,"_jetpack_memberships_contains_paid_content":false,"footnotes":""},"categories":[1],"tags":[],"class_list":["post-81788","post","type-post","status-publish","format-standard","has-post-thumbnail","hentry","category-cronica"],"jetpack_featured_media_url":"https:\/\/i0.wp.com\/eltrabajo.cl\/portal\/wp-content\/uploads\/2017\/09\/Cicletada-tercera-bellavista.jpg?fit=580%2C349&ssl=1","jetpack_sharing_enabled":true,"jetpack_likes_enabled":true,"jetpack-related-posts":[],"_links":{"self":[{"href":"https:\/\/eltrabajo.cl\/portal\/wp-json\/wp\/v2\/posts\/81788","targetHints":{"allow":["GET"]}}],"collection":[{"href":"https:\/\/eltrabajo.cl\/portal\/wp-json\/wp\/v2\/posts"}],"about":[{"href":"https:\/\/eltrabajo.cl\/portal\/wp-json\/wp\/v2\/types\/post"}],"author":[{"embeddable":true,"href":"https:\/\/eltrabajo.cl\/portal\/wp-json\/wp\/v2\/users\/1"}],"replies":[{"embeddable":true,"href":"https:\/\/eltrabajo.cl\/portal\/wp-json\/wp\/v2\/comments?post=81788"}],"version-history":[{"count":0,"href":"https:\/\/eltrabajo.cl\/portal\/wp-json\/wp\/v2\/posts\/81788\/revisions"}],"wp:featuredmedia":[{"embeddable":true,"href":"https:\/\/eltrabajo.cl\/portal\/wp-json\/wp\/v2\/media\/81789"}],"wp:attachment":[{"href":"https:\/\/eltrabajo.cl\/portal\/wp-json\/wp\/v2\/media?parent=81788"}],"wp:term":[{"taxonomy":"category","embeddable":true,"href":"https:\/\/eltrabajo.cl\/portal\/wp-json\/wp\/v2\/categories?post=81788"},{"taxonomy":"post_tag","embeddable":true,"href":"https:\/\/eltrabajo.cl\/portal\/wp-json\/wp\/v2\/tags?post=81788"}],"curies":[{"name":"wp","href":"https:\/\/api.w.org\/{rel}","templated":true}]}}