{"id":81792,"date":"2017-09-22T05:05:25","date_gmt":"2017-09-22T09:05:25","guid":{"rendered":"http:\/\/www.eltrabajo.cl\/2017\/?p=81792"},"modified":"2017-09-22T05:05:25","modified_gmt":"2017-09-22T09:05:25","slug":"core-aprobo-recursos-para-camiones-recolectores-de-basura-en-llay-llay","status":"publish","type":"post","link":"https:\/\/eltrabajo.cl\/portal\/core-aprobo-recursos-para-camiones-recolectores-de-basura-en-llay-llay\/","title":{"rendered":"Core aprob\u00f3 recursos para camiones recolectores de basura en Llay Llay"},"content":{"rendered":"<figure id=\"attachment_81793\" aria-describedby=\"caption-attachment-81793\" style=\"width: 580px\" class=\"wp-caption alignnone\"><img data-recalc-dims=\"1\" loading=\"lazy\" decoding=\"async\" class=\"size-full wp-image-81793\" src=\"https:\/\/i0.wp.com\/www.eltrabajo.cl\/2017\/wp-content\/uploads\/2017\/09\/alcalde-edgardo-gonzalez-y-cores-sottolichio-y-reyes.jpg?resize=580%2C348\" alt=\"El Alcalde de Llay Llay, Edgardo Gonz\u00e1lez (al centro) junto a los consejeros regionales Mario Sottolichio (izquierda) e Iv\u00e1n Reyes, quienes junto al Core Rolando Stevenson apoyaron el proyecto.\" width=\"580\" height=\"348\" srcset=\"https:\/\/i0.wp.com\/eltrabajo.cl\/portal\/wp-content\/uploads\/2017\/09\/alcalde-edgardo-gonzalez-y-cores-sottolichio-y-reyes.jpg?w=580&amp;ssl=1 580w, https:\/\/i0.wp.com\/eltrabajo.cl\/portal\/wp-content\/uploads\/2017\/09\/alcalde-edgardo-gonzalez-y-cores-sottolichio-y-reyes.jpg?resize=200%2C120&amp;ssl=1 200w, https:\/\/i0.wp.com\/eltrabajo.cl\/portal\/wp-content\/uploads\/2017\/09\/alcalde-edgardo-gonzalez-y-cores-sottolichio-y-reyes.jpg?resize=300%2C180&amp;ssl=1 300w, https:\/\/i0.wp.com\/eltrabajo.cl\/portal\/wp-content\/uploads\/2017\/09\/alcalde-edgardo-gonzalez-y-cores-sottolichio-y-reyes.jpg?resize=250%2C150&amp;ssl=1 250w, https:\/\/i0.wp.com\/eltrabajo.cl\/portal\/wp-content\/uploads\/2017\/09\/alcalde-edgardo-gonzalez-y-cores-sottolichio-y-reyes.jpg?resize=400%2C240&amp;ssl=1 400w\" sizes=\"auto, (max-width: 580px) 100vw, 580px\" \/><figcaption id=\"caption-attachment-81793\" class=\"wp-caption-text\">El Alcalde de Llay Llay, Edgardo Gonz\u00e1lez (al centro) junto a los consejeros regionales Mario Sottolichio (izquierda) e Iv\u00e1n Reyes, quienes junto al Core Rolando Stevenson apoyaron el proyecto.<\/figcaption><\/figure>\n<ul>\n<li><span style=\"color: #ff0000;\"><strong>Inversi\u00f3n de m\u00e1s de 270 millones de pesos:<\/strong><\/span><\/li>\n<\/ul>\n<p><strong>LLAY LLAY.-<\/strong> La ma\u00f1ana de ayer el Alcalde de Llay Llay asisti\u00f3 a la sesi\u00f3n del Consejo Regional (Core) de Valpara\u00edso, en donde se aprobaron m\u00e1s de 270 millones de pesos para la comuna, los que ser\u00e1n destinados a la adquisici\u00f3n de dos nuevos camiones recolectores de residuos domiciliarios, una gran necesidad para la comunidad.<br \/>\nEl Alcalde Edgardo Gonz\u00e1lez coment\u00f3 que \u00ablogramos la aprobaci\u00f3n de recursos para la adquisici\u00f3n de estos dos camiones de recolecci\u00f3n de residuos domiciliarios, para responder de mejor forma al crecimiento y necesidades de nuestra comuna. Quiero agradecer el gran apoyo de nuestros Consejeros Regionales\u00a0Iv\u00e1n Reyes Figueroa, Mario Sottolichio y\u00a0Rolando Stevenson, quienes se la jugaron por nosotros\u00bb, enfatiz\u00f3 el edil.<br \/>\nAl respecto el Consejero Regional Iv\u00e1n Reyes dijo que \u00abcuando se es capaz de trabajar con una mirada de territorio y no pol\u00edtica, porque yo no pertenezco a la coalici\u00f3n del Alcalde, pero pertenezco a la provincia de San Felipe y Llay Llay es una comuna de la cual nosotros siempre hemos estado preocupados y hemos sido capaces de poder trabajar en conjunto, cuando el Gobierno Regional aprueba proyectos, no est\u00e1 favoreciendo s\u00f3lo al Alcalde, sino beneficiando a una comunidad completa, y hoy han visto que con la presencia del Alcalde en el Consejo Regional hemos sido capaces en forma transversal de aprobar este proyecto que sabemos y entendemos que es una necesidad que el municipio tiene, y destaco que el Alcalde haya estado hoy ac\u00e1, preocupado de que estos proyectos sean aprobados y eso se valora, mi compromiso es seguir trabajando con Edgardo, porque es un Alcalde joven, con una mirada distinta, es transversal y entiende que todos nos necesitamos para conseguir recursos que van en beneficio de la comuna\u00bb, enfatiz\u00f3 Reyes.<br \/>\nPor su parte el Core Mario Sottolichio, expres\u00f3 estar muy contento de poder aprobar nuevamente una iniciativa tan importante y necesaria para la comuna de Llay Llay. \u00abTener condiciones \u00f3ptimas para el retiro de los residuos domiciliarios, es para la vida del medio ambiente y para la vida de los ciudadanos fundamental, nosotros estamos en una sociedad que produce mucha basura y las exigencias de retiro son cada vez m\u00e1s importantes y yo espero que estos dos camiones sirvan para eso y disponible siempre para todos los proyectos que el municipio y yo estimemos que son conveniente para la calidad de vida de todos quienes habitan la comuna del viento viento\u00bb, concluy\u00f3 el Consejero Regional.<\/p>\n","protected":false},"excerpt":{"rendered":"<p>Inversi\u00f3n de m\u00e1s de 270 millones de pesos: LLAY LLAY.- La ma\u00f1ana de ayer el Alcalde de Llay Llay asisti\u00f3 a la sesi\u00f3n del Consejo Regional (Core) de Valpara\u00edso, en donde se&#8230;<\/p>\n","protected":false},"author":1,"featured_media":81793,"comment_status":"open","ping_status":"open","sticky":false,"template":"","format":"standard","meta":{"advanced_seo_description":"","jetpack_seo_html_title":"","jetpack_seo_noindex":false,"_jetpack_memberships_contains_paid_content":false,"footnotes":""},"categories":[1],"tags":[],"class_list":["post-81792","post","type-post","status-publish","format-standard","has-post-thumbnail","hentry","category-cronica"],"jetpack_featured_media_url":"https:\/\/i0.wp.com\/eltrabajo.cl\/portal\/wp-content\/uploads\/2017\/09\/alcalde-edgardo-gonzalez-y-cores-sottolichio-y-reyes.jpg?fit=580%2C348&ssl=1","jetpack_sharing_enabled":true,"jetpack_likes_enabled":true,"jetpack-related-posts":[],"_links":{"self":[{"href":"https:\/\/eltrabajo.cl\/portal\/wp-json\/wp\/v2\/posts\/81792","targetHints":{"allow":["GET"]}}],"collection":[{"href":"https:\/\/eltrabajo.cl\/portal\/wp-json\/wp\/v2\/posts"}],"about":[{"href":"https:\/\/eltrabajo.cl\/portal\/wp-json\/wp\/v2\/types\/post"}],"author":[{"embeddable":true,"href":"https:\/\/eltrabajo.cl\/portal\/wp-json\/wp\/v2\/users\/1"}],"replies":[{"embeddable":true,"href":"https:\/\/eltrabajo.cl\/portal\/wp-json\/wp\/v2\/comments?post=81792"}],"version-history":[{"count":0,"href":"https:\/\/eltrabajo.cl\/portal\/wp-json\/wp\/v2\/posts\/81792\/revisions"}],"wp:featuredmedia":[{"embeddable":true,"href":"https:\/\/eltrabajo.cl\/portal\/wp-json\/wp\/v2\/media\/81793"}],"wp:attachment":[{"href":"https:\/\/eltrabajo.cl\/portal\/wp-json\/wp\/v2\/media?parent=81792"}],"wp:term":[{"taxonomy":"category","embeddable":true,"href":"https:\/\/eltrabajo.cl\/portal\/wp-json\/wp\/v2\/categories?post=81792"},{"taxonomy":"post_tag","embeddable":true,"href":"https:\/\/eltrabajo.cl\/portal\/wp-json\/wp\/v2\/tags?post=81792"}],"curies":[{"name":"wp","href":"https:\/\/api.w.org\/{rel}","templated":true}]}}