{"id":81795,"date":"2017-09-22T05:06:39","date_gmt":"2017-09-22T09:06:39","guid":{"rendered":"http:\/\/www.eltrabajo.cl\/2017\/?p=81795"},"modified":"2017-09-22T05:06:39","modified_gmt":"2017-09-22T09:06:39","slug":"directora-de-salud-se-refirio-a-como-los-titulares-de-prensa-inducen-al-suicidio","status":"publish","type":"post","link":"https:\/\/eltrabajo.cl\/portal\/directora-de-salud-se-refirio-a-como-los-titulares-de-prensa-inducen-al-suicidio\/","title":{"rendered":"Directora de Salud se refiri\u00f3 a c\u00f3mo los titulares de prensa inducen al suicidio"},"content":{"rendered":"<figure id=\"attachment_81796\" aria-describedby=\"caption-attachment-81796\" style=\"width: 580px\" class=\"wp-caption alignnone\"><img data-recalc-dims=\"1\" loading=\"lazy\" decoding=\"async\" class=\"size-full wp-image-81796\" src=\"https:\/\/i0.wp.com\/www.eltrabajo.cl\/2017\/wp-content\/uploads\/2017\/09\/Vilma-Olave.jpg?resize=580%2C350\" alt=\"La Doctora Vilma Olave durante una conversaci\u00f3n con los vecinos de Panquehue durante su visita al nuevo Cesfam.\" width=\"580\" height=\"350\" srcset=\"https:\/\/i0.wp.com\/eltrabajo.cl\/portal\/wp-content\/uploads\/2017\/09\/Vilma-Olave.jpg?w=580&amp;ssl=1 580w, https:\/\/i0.wp.com\/eltrabajo.cl\/portal\/wp-content\/uploads\/2017\/09\/Vilma-Olave.jpg?resize=200%2C121&amp;ssl=1 200w, https:\/\/i0.wp.com\/eltrabajo.cl\/portal\/wp-content\/uploads\/2017\/09\/Vilma-Olave.jpg?resize=300%2C181&amp;ssl=1 300w, https:\/\/i0.wp.com\/eltrabajo.cl\/portal\/wp-content\/uploads\/2017\/09\/Vilma-Olave.jpg?resize=249%2C150&amp;ssl=1 249w, https:\/\/i0.wp.com\/eltrabajo.cl\/portal\/wp-content\/uploads\/2017\/09\/Vilma-Olave.jpg?resize=400%2C241&amp;ssl=1 400w\" sizes=\"auto, (max-width: 580px) 100vw, 580px\" \/><figcaption id=\"caption-attachment-81796\" class=\"wp-caption-text\">La Doctora Vilma Olave durante una conversaci\u00f3n con los vecinos de Panquehue durante su visita al nuevo Cesfam.<\/figcaption><\/figure>\n<p>La Directora del Servicio de Salud Aconcagua, Dra. Vilma Olave, dijo que lamentaba profundamente los fallecimientos por suicidios que han ocurrido durante septiembre. Sin embargo en parte una de las causas, tiene que ver con la informaci\u00f3n entregada a trav\u00e9s de la prensa, lo que puede inducir a una persona que lo est\u00e1 pensando a tomar la decisi\u00f3n definitiva de quitarse la vida.<br \/>\n\u201cPrimero manifestar que este es un problema social, impredecible y que est\u00e1 causado por m\u00faltiples factores, y uno de ellos est\u00e1 claramente vinculado a la relaci\u00f3n con la familia, con las amistades, trabajo, sistema econ\u00f3mico, pero tambi\u00e9n est\u00e1 modulado por la informaci\u00f3n que se entrega a trav\u00e9s de la prensa, uno de los factores de riesgo para que sigan ocurriendo estos eventos es la informaci\u00f3n\u201d.<br \/>\n<strong>&#8211; \u00bfLa informaci\u00f3n entregada puede inducir a una persona al suicidio?<\/strong><br \/>\n&#8211; S\u00ed, a una persona que lo est\u00e1 pensando, un titular puede hacer que tome la decisi\u00f3n.<br \/>\n<strong>&#8211; \u00bfHay estudios de aquello?<\/strong><br \/>\n&#8211; S\u00ed, hay estudios.<br \/>\nComent\u00f3 que respecto al n\u00famero de suicidios, durante los \u00faltimos tres a\u00f1os en el Valle del Aconcagua ha habido una disminuci\u00f3n importante: \u201cNosotros hasta el a\u00f1o 2014 hemos tenido alrededor de 35 suicidios al a\u00f1o, durante los \u00faltimos tres a\u00f1os se han producido 24 suicidios en el a\u00f1o, dentro de esos todav\u00eda el 2017 es una a\u00f1o que est\u00e1 dentro de las cifras probables. Ahora c\u00f3mo hemos logrado eso, primero trabajando a nivel de toda la regi\u00f3n en una mesa de prevenci\u00f3n de suicidios, existe en Chile un plan de prevenci\u00f3n del suicidio, y adem\u00e1s no s\u00f3lo trabajamos el sector salud, por eso es una mesa intersectorial, ac\u00e1 trabaja educaci\u00f3n, Senda, obviamente nosotros como Servicio de Salud, los municipios, es decir todos los sectores involucrados en los gobiernos municipales y provinciales participan en este trabajo\u201d, dijo.<br \/>\nLos trabajos de la mesa de prevenci\u00f3n se realizan en los colegios, junto con ello capacitaci\u00f3n tanto a la prensa, como a los profesionales para mejorar la capacidad resolutiva que existe frente a las personas que est\u00e1n enfrentando una crisis suicida.<br \/>\n<strong>&#8211; \u00bfCu\u00e1les son las principales causas o patrones del suicidio en el Valle de Aconcagua?<\/strong><br \/>\n&#8211; El perfil de las personas ac\u00e1 en Aconcagua es muy distinto al perfil que existe en el resto del pa\u00eds, y a nivel mundial, recordemos que el suicidio viene a ser dentro de las tres primeras causas de muerte a nivel mundial, insisto el problema social impredecible, de hecho una de las l\u00edneas de trabajo en el plan nacional de prevenci\u00f3n del suicidio, es estudiar cada caso, y respecto de eso hay algunas cosas que decir; primero que en su mayor\u00eda no son personas que est\u00e9n atendi\u00e9ndose en el sistema de atenci\u00f3n ni p\u00fablico ni privado, y entonces esto llama a la reflexi\u00f3n, sin embargo quiero manifestar que es importante recalcar que en esto todos podemos hacer algo por evitar que nuestro familiar, nuestro vecino, compa\u00f1ero de trabajo, estudio, llegue a una situaci\u00f3n en la cual piense en el suicidio como una alternativa.<br \/>\nCabe reiterar que durante fiestas patrias, en ambas provincias, hubo un total de siete suicidios.<\/p>\n<p><strong>N. de la R.-<\/strong> Diario El Trabajo adopt\u00f3 en el a\u00f1o 2005 una pol\u00edtica respecto a los casos de suicidio, la cual hizo p\u00fablica a trav\u00e9s de una nota editorial de la \u00e9poca, y que consiste b\u00e1sicamente en informar escuetamente sobre estos casos, sin entregar demasiados detalles, y otorg\u00e1ndoles baja connotaci\u00f3n en la medida de lo posible, es decir sin considerarlos como titular principal de portada. Somos probablemente el \u00fanico medio de prensa que ha adoptado una pol\u00edtica en este sentido, much\u00edsimos a\u00f1os antes que las autoridades de Salud a nivel pa\u00eds se percataran de esta relaci\u00f3n suicidio-informaci\u00f3n. Es as\u00ed como otros casos recientes de suicidios ni siquiera fueron informados por Diario El Trabajo. No obstante, existen circunstancias especiales en las que nuestra misi\u00f3n de informar con responsabilidad nos obliga a optar por el mal menor, y en este sentido, siete casos de suicidio en un fin de semana largo es una situaci\u00f3n alarmante de la cual Diario El Trabajo est\u00e1 obligado a informar asignando la importancia que corresponde para cumplir con la misi\u00f3n de \u2018vigilancia del entorno\u2019 que nos asiste como medio de comunicaci\u00f3n.<\/p>\n","protected":false},"excerpt":{"rendered":"<p>La Directora del Servicio de Salud Aconcagua, Dra. Vilma Olave, dijo que lamentaba profundamente los fallecimientos por suicidios que han ocurrido durante septiembre. Sin embargo en parte una de las causas, tiene&#8230;<\/p>\n","protected":false},"author":1,"featured_media":81796,"comment_status":"open","ping_status":"open","sticky":false,"template":"","format":"standard","meta":{"advanced_seo_description":"","jetpack_seo_html_title":"","jetpack_seo_noindex":false,"_jetpack_memberships_contains_paid_content":false,"footnotes":""},"categories":[1],"tags":[],"class_list":["post-81795","post","type-post","status-publish","format-standard","has-post-thumbnail","hentry","category-cronica"],"jetpack_featured_media_url":"https:\/\/i0.wp.com\/eltrabajo.cl\/portal\/wp-content\/uploads\/2017\/09\/Vilma-Olave.jpg?fit=580%2C350&ssl=1","jetpack_sharing_enabled":true,"jetpack_likes_enabled":true,"jetpack-related-posts":[],"_links":{"self":[{"href":"https:\/\/eltrabajo.cl\/portal\/wp-json\/wp\/v2\/posts\/81795","targetHints":{"allow":["GET"]}}],"collection":[{"href":"https:\/\/eltrabajo.cl\/portal\/wp-json\/wp\/v2\/posts"}],"about":[{"href":"https:\/\/eltrabajo.cl\/portal\/wp-json\/wp\/v2\/types\/post"}],"author":[{"embeddable":true,"href":"https:\/\/eltrabajo.cl\/portal\/wp-json\/wp\/v2\/users\/1"}],"replies":[{"embeddable":true,"href":"https:\/\/eltrabajo.cl\/portal\/wp-json\/wp\/v2\/comments?post=81795"}],"version-history":[{"count":0,"href":"https:\/\/eltrabajo.cl\/portal\/wp-json\/wp\/v2\/posts\/81795\/revisions"}],"wp:featuredmedia":[{"embeddable":true,"href":"https:\/\/eltrabajo.cl\/portal\/wp-json\/wp\/v2\/media\/81796"}],"wp:attachment":[{"href":"https:\/\/eltrabajo.cl\/portal\/wp-json\/wp\/v2\/media?parent=81795"}],"wp:term":[{"taxonomy":"category","embeddable":true,"href":"https:\/\/eltrabajo.cl\/portal\/wp-json\/wp\/v2\/categories?post=81795"},{"taxonomy":"post_tag","embeddable":true,"href":"https:\/\/eltrabajo.cl\/portal\/wp-json\/wp\/v2\/tags?post=81795"}],"curies":[{"name":"wp","href":"https:\/\/api.w.org\/{rel}","templated":true}]}}