{"id":81798,"date":"2017-09-22T05:07:38","date_gmt":"2017-09-22T09:07:38","guid":{"rendered":"http:\/\/www.eltrabajo.cl\/2017\/?p=81798"},"modified":"2017-09-22T05:07:38","modified_gmt":"2017-09-22T09:07:38","slug":"en-libertad-quedaron-dos-sujetos-acusados-de-perpetrar-robo-en-el-asiento","status":"publish","type":"post","link":"https:\/\/eltrabajo.cl\/portal\/en-libertad-quedaron-dos-sujetos-acusados-de-perpetrar-robo-en-el-asiento\/","title":{"rendered":"En libertad quedaron dos sujetos acusados de perpetrar robo en El Asiento"},"content":{"rendered":"<figure id=\"attachment_81799\" aria-describedby=\"caption-attachment-81799\" style=\"width: 580px\" class=\"wp-caption alignnone\"><img data-recalc-dims=\"1\" loading=\"lazy\" decoding=\"async\" class=\"size-full wp-image-81799\" src=\"https:\/\/i0.wp.com\/www.eltrabajo.cl\/2017\/wp-content\/uploads\/2017\/09\/VILLA-SANTA-TERESITA.jpg?resize=580%2C350\" alt=\"Un amplio operativo por parte de Carabineros se registr\u00f3 cerca de la medianoche de este jueves en la Villa Santa Teresita de San Felipe. (Fotograf\u00eda: Patricio Alvarado).\" width=\"580\" height=\"350\" srcset=\"https:\/\/i0.wp.com\/eltrabajo.cl\/portal\/wp-content\/uploads\/2017\/09\/VILLA-SANTA-TERESITA.jpg?w=580&amp;ssl=1 580w, https:\/\/i0.wp.com\/eltrabajo.cl\/portal\/wp-content\/uploads\/2017\/09\/VILLA-SANTA-TERESITA.jpg?resize=200%2C121&amp;ssl=1 200w, https:\/\/i0.wp.com\/eltrabajo.cl\/portal\/wp-content\/uploads\/2017\/09\/VILLA-SANTA-TERESITA.jpg?resize=300%2C181&amp;ssl=1 300w, https:\/\/i0.wp.com\/eltrabajo.cl\/portal\/wp-content\/uploads\/2017\/09\/VILLA-SANTA-TERESITA.jpg?resize=249%2C150&amp;ssl=1 249w, https:\/\/i0.wp.com\/eltrabajo.cl\/portal\/wp-content\/uploads\/2017\/09\/VILLA-SANTA-TERESITA.jpg?resize=400%2C241&amp;ssl=1 400w\" sizes=\"auto, (max-width: 580px) 100vw, 580px\" \/><figcaption id=\"caption-attachment-81799\" class=\"wp-caption-text\">Un amplio operativo por parte de Carabineros se registr\u00f3 cerca de la medianoche de este jueves en la Villa Santa Teresita de San Felipe. (Fotograf\u00eda: Patricio Alvarado).<\/figcaption><\/figure>\n<ul>\n<li><strong><span style=\"color: #ff0000;\">Al menos cinco antisociales escaparon a la Villa Santa Teresita:<\/span> Carabineros al proceder a la detenci\u00f3n de los individuos, fueron agredidos a pedradas por residentes de la Villa Santa Teresita de San Felipe.<\/strong><\/li>\n<\/ul>\n<p>En libertad y con m\u00ednimas cautelares quedaron dos sujetos tras su formalizaci\u00f3n en tribunales, quienes habr\u00edan protagonizado un robo con intimidaci\u00f3n junto a otros tres individuos al interior de una vivienda ubicada en el sector El Asiento, sustrayendo diversos electrodom\u00e9sticos y luego escapar hasta la Villa Santa Teresita de San Felipe.<br \/>\nSeg\u00fan el informe de Carabineros, al menos cinco individuos habr\u00edan invadido la propiedad de la v\u00edctima, la que fue intimidada por estos sujetos para sustraer especies como televisores, celulares y otros artefactos, escapando a bordo de un veh\u00edculo por la ruta E-71 en direcci\u00f3n a San Felipe.<br \/>\nLa Capit\u00e1n Carolina Fern\u00e1ndez sostuvo que \u201cel personal policial ubic\u00f3 el m\u00f3vil abordado por estos individuos en el callej\u00f3n Los Naranjos, quienes al advertir la presencia policial huyen en direcci\u00f3n a la Villa Santa Teresita, lugar donde descienden junto con las especies en un domicilio, logrando Carabineros detener a dos de ellos mientras los tres restantes huyen\u201d.<br \/>\nLa oficial policial agreg\u00f3 que los vecinos de ese conjunto habitacional comenzaron a agredir a pedradas y otros objetos contundentes al personal policial para impedir las detenciones de los antisociales: \u201cSe detuvo a una mujer adulta que ocasion\u00f3 da\u00f1os a un veh\u00edculo fiscal de Carabineros\u201d.<br \/>\nLos detenidos fueron identificados como Jonathan D\u00edaz D\u00edaz y Roberto Toro Romero, quienes fueron formalizados la ma\u00f1ana de ayer jueves en el Juzgado de Garant\u00eda de San Felipe por el delito de robo con intimidaci\u00f3n, fij\u00e1ndose como cautelares la firma mensual en Carabineros, arraigo nacional y la prohibici\u00f3n de acercarse a la v\u00edctima de estos hechos dentro de los pr\u00f3ximos 90 d\u00edas decretados para la investigaci\u00f3n del caso.<br \/>\nRespecto a la imputada Paulina Araya D\u00edaz fue formalizada por da\u00f1os simples y maltrato de obra a Carabineros. La Fiscal\u00eda ofreci\u00f3 la suspensi\u00f3n condicional del procedimiento, fijando como condici\u00f3n la firma mensual en el Ministerio P\u00fablico.<br \/>\n<strong>Pablo Salinas Sald\u00edas <\/strong><\/p>\n","protected":false},"excerpt":{"rendered":"<p>Al menos cinco antisociales escaparon a la Villa Santa Teresita: Carabineros al proceder a la detenci\u00f3n de los individuos, fueron agredidos a pedradas por residentes de la Villa Santa Teresita de San&#8230;<\/p>\n","protected":false},"author":1,"featured_media":81799,"comment_status":"open","ping_status":"open","sticky":false,"template":"","format":"standard","meta":{"advanced_seo_description":"","jetpack_seo_html_title":"","jetpack_seo_noindex":false,"_jetpack_memberships_contains_paid_content":false,"footnotes":""},"categories":[21],"tags":[],"class_list":["post-81798","post","type-post","status-publish","format-standard","has-post-thumbnail","hentry","category-policial"],"jetpack_featured_media_url":"https:\/\/i0.wp.com\/eltrabajo.cl\/portal\/wp-content\/uploads\/2017\/09\/VILLA-SANTA-TERESITA.jpg?fit=580%2C350&ssl=1","jetpack_sharing_enabled":true,"jetpack_likes_enabled":true,"jetpack-related-posts":[],"_links":{"self":[{"href":"https:\/\/eltrabajo.cl\/portal\/wp-json\/wp\/v2\/posts\/81798","targetHints":{"allow":["GET"]}}],"collection":[{"href":"https:\/\/eltrabajo.cl\/portal\/wp-json\/wp\/v2\/posts"}],"about":[{"href":"https:\/\/eltrabajo.cl\/portal\/wp-json\/wp\/v2\/types\/post"}],"author":[{"embeddable":true,"href":"https:\/\/eltrabajo.cl\/portal\/wp-json\/wp\/v2\/users\/1"}],"replies":[{"embeddable":true,"href":"https:\/\/eltrabajo.cl\/portal\/wp-json\/wp\/v2\/comments?post=81798"}],"version-history":[{"count":0,"href":"https:\/\/eltrabajo.cl\/portal\/wp-json\/wp\/v2\/posts\/81798\/revisions"}],"wp:featuredmedia":[{"embeddable":true,"href":"https:\/\/eltrabajo.cl\/portal\/wp-json\/wp\/v2\/media\/81799"}],"wp:attachment":[{"href":"https:\/\/eltrabajo.cl\/portal\/wp-json\/wp\/v2\/media?parent=81798"}],"wp:term":[{"taxonomy":"category","embeddable":true,"href":"https:\/\/eltrabajo.cl\/portal\/wp-json\/wp\/v2\/categories?post=81798"},{"taxonomy":"post_tag","embeddable":true,"href":"https:\/\/eltrabajo.cl\/portal\/wp-json\/wp\/v2\/tags?post=81798"}],"curies":[{"name":"wp","href":"https:\/\/api.w.org\/{rel}","templated":true}]}}