{"id":81801,"date":"2017-09-22T05:08:37","date_gmt":"2017-09-22T09:08:37","guid":{"rendered":"http:\/\/www.eltrabajo.cl\/2017\/?p=81801"},"modified":"2017-09-22T05:08:37","modified_gmt":"2017-09-22T09:08:37","slug":"a-61-dias-de-carcel-efectiva-condenan-a-padre-por-cuasidelito-de-homicidio-de-su-hijo","status":"publish","type":"post","link":"https:\/\/eltrabajo.cl\/portal\/a-61-dias-de-carcel-efectiva-condenan-a-padre-por-cuasidelito-de-homicidio-de-su-hijo\/","title":{"rendered":"A 61 d\u00edas de c\u00e1rcel efectiva condenan a padre por cuasidelito de homicidio de su hijo"},"content":{"rendered":"<figure id=\"attachment_81802\" aria-describedby=\"caption-attachment-81802\" style=\"width: 580px\" class=\"wp-caption alignnone\"><img data-recalc-dims=\"1\" loading=\"lazy\" decoding=\"async\" class=\"size-full wp-image-81802\" src=\"https:\/\/i0.wp.com\/www.eltrabajo.cl\/2017\/wp-content\/uploads\/2017\/09\/accidente-moto-ni%C3%B1o-1.jpg?resize=580%2C348\" alt=\"El fatal accidente ocurri\u00f3 en la avenida Chacabuco de San Felipe, falleciendo un ni\u00f1o de 7 a\u00f1os de edad.\" width=\"580\" height=\"348\" srcset=\"https:\/\/i0.wp.com\/eltrabajo.cl\/portal\/wp-content\/uploads\/2017\/09\/accidente-moto-ni%C3%B1o-1.jpg?w=580&amp;ssl=1 580w, https:\/\/i0.wp.com\/eltrabajo.cl\/portal\/wp-content\/uploads\/2017\/09\/accidente-moto-ni%C3%B1o-1.jpg?resize=200%2C120&amp;ssl=1 200w, https:\/\/i0.wp.com\/eltrabajo.cl\/portal\/wp-content\/uploads\/2017\/09\/accidente-moto-ni%C3%B1o-1.jpg?resize=300%2C180&amp;ssl=1 300w, https:\/\/i0.wp.com\/eltrabajo.cl\/portal\/wp-content\/uploads\/2017\/09\/accidente-moto-ni%C3%B1o-1.jpg?resize=250%2C150&amp;ssl=1 250w, https:\/\/i0.wp.com\/eltrabajo.cl\/portal\/wp-content\/uploads\/2017\/09\/accidente-moto-ni%C3%B1o-1.jpg?resize=400%2C240&amp;ssl=1 400w\" sizes=\"auto, (max-width: 580px) 100vw, 580px\" \/><figcaption id=\"caption-attachment-81802\" class=\"wp-caption-text\">El fatal accidente ocurri\u00f3 en la avenida Chacabuco de San Felipe, falleciendo un ni\u00f1o de 7 a\u00f1os de edad.<\/figcaption><\/figure>\n<ul>\n<li><strong><span style=\"color: #ff0000;\">Menor de 7 a\u00f1os falleci\u00f3 al caer de motocicleta:<\/span>\u00a0La sentencia fue impuesta por el Tribunal Oral en Lo Penal de San Felipe por el accidente de tr\u00e1nsito ocurrido el a\u00f1o 2013 en la avenida Chacabuco de esta ciudad.<\/strong><\/li>\n<\/ul>\n<p>A una pena efectiva de c\u00e1rcel de 61 d\u00edas fue la sentencia impuesta por el Tribunal Oral en Lo Penal de San Felipe en contra de Jos\u00edas Eduardo Astudillo Castillo, por cuasidelito de homicidio de su peque\u00f1o hijo de 7 a\u00f1os de edad identificado como Jos\u00edas Felipe Astudillo Celtiani, quien falleci\u00f3 tras caer de una motocicleta conducida por su padre en la avenida Chacabuco de esta ciudad.<br \/>\nComo se recordar\u00e1 la Fiscal\u00eda llev\u00f3 a juicio a Astudillo por su responsabilidad en el hecho ocurrido el d\u00eda 27 de septiembre del a\u00f1o 2013, alrededor de las 10:00 horas, en los momentos que el entonces imputado conduc\u00eda su motocicleta marca Spitz, modelo TXM placa patente TG 0231, por la avenida Chacabuco de San Felipe, llevando como pasajero en el asiento trasero a su hijo Jos\u00edas Felipe de 7 a\u00f1os\u00a0de edad.<br \/>\nLos planteamientos del Ministerio P\u00fablico revelaron que el conductor, al momento de cruzar por calle Traslavi\u00f1a, efectu\u00f3 maniobras de sobrepaso antirreglamentarias por la derecha de los m\u00f3viles que lo anteced\u00edan, por la segunda pista de circulaci\u00f3n, a una velocidad no razonable ni prudente.<br \/>\nLa acusaci\u00f3n de la Fiscal\u00eda sostuvo que a ra\u00edz de estas maniobras origin\u00f3 que Astudillo perdiera el control de su veh\u00edculo, volcando y chocando contra un autom\u00f3vil, quedando en la trayectoria de un bus de la locomoci\u00f3n colectiva, siendo aplastado por \u00e9ste.<br \/>\nA consecuencia de este grave accidente el peque\u00f1o Jos\u00edas result\u00f3 con un traumatismo esquel\u00e9tico visceral que le provoc\u00f3 la muerte en el lugar, constatada por personal del Samu que concurri\u00f3 al sitio del suceso.<br \/>\nEl veredicto de la terna de jueces de este tribunal consider\u00f3 culpable a Astudillo Castillo por cuasidelito de homicidio en contra de su hijo, siendo sentenciado a 61 d\u00edas de c\u00e1rcel de manera efectiva por su responsabilidad en este grave accidente.<br \/>\n<strong>Pablo Salinas Sald\u00edas<\/strong><\/p>\n","protected":false},"excerpt":{"rendered":"<p>Menor de 7 a\u00f1os falleci\u00f3 al caer de motocicleta:\u00a0La sentencia fue impuesta por el Tribunal Oral en Lo Penal de San Felipe por el accidente de tr\u00e1nsito ocurrido el a\u00f1o 2013 en&#8230;<\/p>\n","protected":false},"author":1,"featured_media":81802,"comment_status":"open","ping_status":"open","sticky":false,"template":"","format":"standard","meta":{"advanced_seo_description":"","jetpack_seo_html_title":"","jetpack_seo_noindex":false,"_jetpack_memberships_contains_paid_content":false,"footnotes":""},"categories":[21],"tags":[],"class_list":["post-81801","post","type-post","status-publish","format-standard","has-post-thumbnail","hentry","category-policial"],"jetpack_featured_media_url":"https:\/\/i0.wp.com\/eltrabajo.cl\/portal\/wp-content\/uploads\/2017\/09\/accidente-moto-ni%C3%B1o-1.jpg?fit=580%2C348&ssl=1","jetpack_sharing_enabled":true,"jetpack_likes_enabled":true,"jetpack-related-posts":[],"_links":{"self":[{"href":"https:\/\/eltrabajo.cl\/portal\/wp-json\/wp\/v2\/posts\/81801","targetHints":{"allow":["GET"]}}],"collection":[{"href":"https:\/\/eltrabajo.cl\/portal\/wp-json\/wp\/v2\/posts"}],"about":[{"href":"https:\/\/eltrabajo.cl\/portal\/wp-json\/wp\/v2\/types\/post"}],"author":[{"embeddable":true,"href":"https:\/\/eltrabajo.cl\/portal\/wp-json\/wp\/v2\/users\/1"}],"replies":[{"embeddable":true,"href":"https:\/\/eltrabajo.cl\/portal\/wp-json\/wp\/v2\/comments?post=81801"}],"version-history":[{"count":0,"href":"https:\/\/eltrabajo.cl\/portal\/wp-json\/wp\/v2\/posts\/81801\/revisions"}],"wp:featuredmedia":[{"embeddable":true,"href":"https:\/\/eltrabajo.cl\/portal\/wp-json\/wp\/v2\/media\/81802"}],"wp:attachment":[{"href":"https:\/\/eltrabajo.cl\/portal\/wp-json\/wp\/v2\/media?parent=81801"}],"wp:term":[{"taxonomy":"category","embeddable":true,"href":"https:\/\/eltrabajo.cl\/portal\/wp-json\/wp\/v2\/categories?post=81801"},{"taxonomy":"post_tag","embeddable":true,"href":"https:\/\/eltrabajo.cl\/portal\/wp-json\/wp\/v2\/tags?post=81801"}],"curies":[{"name":"wp","href":"https:\/\/api.w.org\/{rel}","templated":true}]}}