{"id":81804,"date":"2017-09-25T05:00:39","date_gmt":"2017-09-25T09:00:39","guid":{"rendered":"http:\/\/www.eltrabajo.cl\/2017\/?p=81804"},"modified":"2017-09-25T05:00:39","modified_gmt":"2017-09-25T09:00:39","slug":"regularizaran-a-estudiantes-migrantes-en-colegios-y-escuelas-de-la-provincia","status":"publish","type":"post","link":"https:\/\/eltrabajo.cl\/portal\/regularizaran-a-estudiantes-migrantes-en-colegios-y-escuelas-de-la-provincia\/","title":{"rendered":"Regularizar\u00e1n a estudiantes migrantes en colegios y escuelas de la provincia"},"content":{"rendered":"<figure id=\"attachment_81805\" aria-describedby=\"caption-attachment-81805\" style=\"width: 580px\" class=\"wp-caption alignnone\"><img data-recalc-dims=\"1\" loading=\"lazy\" decoding=\"async\" class=\"size-full wp-image-81805\" src=\"https:\/\/i0.wp.com\/www.eltrabajo.cl\/2017\/wp-content\/uploads\/2017\/09\/Migrantes2.jpg?resize=580%2C349\" alt=\"Directores de escuelas de nuestra provincia atendieron con diligencia este llamado para desarrollar este plan.\" width=\"580\" height=\"349\" srcset=\"https:\/\/i0.wp.com\/eltrabajo.cl\/portal\/wp-content\/uploads\/2017\/09\/Migrantes2.jpg?w=580&amp;ssl=1 580w, https:\/\/i0.wp.com\/eltrabajo.cl\/portal\/wp-content\/uploads\/2017\/09\/Migrantes2.jpg?resize=200%2C120&amp;ssl=1 200w, https:\/\/i0.wp.com\/eltrabajo.cl\/portal\/wp-content\/uploads\/2017\/09\/Migrantes2.jpg?resize=300%2C181&amp;ssl=1 300w, https:\/\/i0.wp.com\/eltrabajo.cl\/portal\/wp-content\/uploads\/2017\/09\/Migrantes2.jpg?resize=249%2C150&amp;ssl=1 249w, https:\/\/i0.wp.com\/eltrabajo.cl\/portal\/wp-content\/uploads\/2017\/09\/Migrantes2.jpg?resize=400%2C241&amp;ssl=1 400w\" sizes=\"auto, (max-width: 580px) 100vw, 580px\" \/><figcaption id=\"caption-attachment-81805\" class=\"wp-caption-text\">Directores de escuelas de nuestra provincia atendieron con diligencia este llamado para desarrollar este plan.<\/figcaption><\/figure>\n<ul>\n<li><span style=\"color: #ff0000;\"><strong>\u2018Plan de Atenci\u00f3n a Migrantes Chile Te Recibe\u2019:<\/strong><\/span><\/li>\n<\/ul>\n<p>Gracias al trabajo mancomunado entre la Gobernaci\u00f3n de San Felipe, el Mineduc y el Registro Civil, se proceder\u00e1 dentro de los pr\u00f3ximos meses a regularizar la situaci\u00f3n migratoria de m\u00e1s de 90 ni\u00f1os y adolescentes extranjeros que hoy se encuentran estudiando en los establecimientos educacionales de la provincia sin c\u00e9dula de identidad.<br \/>\nLuego que se anunciara por el Gobierno la implementaci\u00f3n a nivel nacional del Plan de Atenci\u00f3n a Migrantes Chile Te Recibe, el que propone equiparar derechos a todos los ni\u00f1os y adolescentes extranjeros en situaci\u00f3n documental irregular en el pa\u00eds, los directores de colegios y escuelas de de San Felipe conocieron las directrices para que este proceso se realice de forma r\u00e1pida y eficiente.<br \/>\nClave ser\u00e1 la participaci\u00f3n del Registro Civil e Identificaci\u00f3n, cuyo director regional, Omar Morales, se reuni\u00f3 en compa\u00f1\u00eda del gobernador Eduardo Le\u00f3n con 30 directores para explicarles el papel que jugar\u00e1 este servicio a la hora de entregar a la brevedad posible las c\u00e9dulas a los estudiantes extranjeros que a\u00fan no la poseen.<br \/>\n\u00abTenemos que avanzar en esto, y el Registro Civil se suma al grupo de tareas que junto a la Gobernaci\u00f3n y el Mineduc van a acelerar los procesos de visa. La diferencia es que inmediatamente entregada de visa, el Registro Civil realizar\u00e1 a hacer la captura de la informaci\u00f3n, es decir, la captura digital para la entrega de la c\u00e9dula en un plazo no superior a quince d\u00edas h\u00e1biles\u00bb, explic\u00f3 Morales, quien adem\u00e1s agreg\u00f3 que se pondr\u00e1n a disposici\u00f3n de este proceso todos los recursos que posee este servicio para acelerar la tramitaci\u00f3n documental.<br \/>\n\u00abJustamente, la prestaci\u00f3n implica que en el momento de la entrega de las visas se haga en los establecimientos educacionales donde nosotros vamos a estar con nuestros funcionarios en unidades m\u00f3viles, no va a ser necesario que concurran a las oficinas del registro civil, que ustedes saben siempre tienen mucha demanda, y si es necesario abriremos los d\u00edas s\u00e1bado y si adem\u00e1s se requiere en horas adicionales a la atenci\u00f3n de p\u00fablico para la atenci\u00f3n a las personas migrantes\u00bb, recalc\u00f3 el director regional del Registro Civil Valpara\u00edso.<br \/>\nY es que regularizar a la brevedad a las y los estudiantes extranjeros es de suma importancia tanto para que los ni\u00f1os y adolescentes en esta situaci\u00f3n reciban los beneficios que entrega el Ministerio de Educaci\u00f3n a todos los alumnos del pa\u00eds, as\u00ed como tambi\u00e9n para los establecimientos educacionales, quienes no pueden recibir subvenciones si es que la n\u00f3mina de estudiantes no se entrega con el RUT correspondiente a cada uno de ellos.<br \/>\n\u00abActualmente tenemos un grupo de 45 alumnos de distintas naciones de Latinoam\u00e9rica y sin duda el que no tengan su documentaci\u00f3n al d\u00eda impide a las escuelas entregar beneficios que por cierto son parte de los derechos de nuestros ni\u00f1os\u00bb, precis\u00f3 Ximena Baquedano, directora de la Escuela Jos\u00e9 de San Mart\u00edn de San Felipe, establecimiento que tiene la mayor cantidad de estudiantes provenientes del extranjero en la provincia.<br \/>\nEn tanto, el gobernador Eduardo Le\u00f3n, recalc\u00f3 que este proceso equipara la cancha en derechos para los estudiantes sin importar de donde provengan.<br \/>\n\u00abLa idea en el marco de estos tratados es que los ni\u00f1os est\u00e9n totalmente legales con su carnet de identidad. Hay una estimaci\u00f3n global que da cuenta de 90 ni\u00f1os y adolescentes que les falta el tr\u00e1mite de visaci\u00f3n y el carnet de identidad. Esto va a requerir un esfuerzo adicional por parte del Departamento de Extranjer\u00eda de la Gobernaci\u00f3n, de la PDI, de la Deprov y del Registro Civil. Queremos que nuestros ni\u00f1os crezcan todos junto, y no queremos estudiantes de primera y segunda clase\u00bb, concluy\u00f3 la m\u00e1xima autoridad provincial.<br \/>\nVale destacar que el proceso de visa durante la actual administraci\u00f3n ha sido reducido a costo cero para ni\u00f1os y adolescentes extranjeros. No as\u00ed, el tr\u00e1mite de emisi\u00f3n de c\u00e9dula de identidad, el que tiene un costo que no supera los $4.500, pero en el caso que la persona no cuente con los medios econ\u00f3micos, la Gobernaci\u00f3n, a trav\u00e9s de los programas sociales, se har\u00e1 cargo del copago de este tr\u00e1mite.<\/p>\n","protected":false},"excerpt":{"rendered":"<p>\u2018Plan de Atenci\u00f3n a Migrantes Chile Te Recibe\u2019: Gracias al trabajo mancomunado entre la Gobernaci\u00f3n de San Felipe, el Mineduc y el Registro Civil, se proceder\u00e1 dentro de los pr\u00f3ximos meses a&#8230;<\/p>\n","protected":false},"author":1,"featured_media":81805,"comment_status":"open","ping_status":"open","sticky":false,"template":"","format":"standard","meta":{"advanced_seo_description":"","jetpack_seo_html_title":"","jetpack_seo_noindex":false,"_jetpack_memberships_contains_paid_content":false,"footnotes":""},"categories":[1],"tags":[],"class_list":["post-81804","post","type-post","status-publish","format-standard","has-post-thumbnail","hentry","category-cronica"],"jetpack_featured_media_url":"https:\/\/i0.wp.com\/eltrabajo.cl\/portal\/wp-content\/uploads\/2017\/09\/Migrantes2.jpg?fit=580%2C349&ssl=1","jetpack_sharing_enabled":true,"jetpack_likes_enabled":true,"jetpack-related-posts":[],"_links":{"self":[{"href":"https:\/\/eltrabajo.cl\/portal\/wp-json\/wp\/v2\/posts\/81804","targetHints":{"allow":["GET"]}}],"collection":[{"href":"https:\/\/eltrabajo.cl\/portal\/wp-json\/wp\/v2\/posts"}],"about":[{"href":"https:\/\/eltrabajo.cl\/portal\/wp-json\/wp\/v2\/types\/post"}],"author":[{"embeddable":true,"href":"https:\/\/eltrabajo.cl\/portal\/wp-json\/wp\/v2\/users\/1"}],"replies":[{"embeddable":true,"href":"https:\/\/eltrabajo.cl\/portal\/wp-json\/wp\/v2\/comments?post=81804"}],"version-history":[{"count":0,"href":"https:\/\/eltrabajo.cl\/portal\/wp-json\/wp\/v2\/posts\/81804\/revisions"}],"wp:featuredmedia":[{"embeddable":true,"href":"https:\/\/eltrabajo.cl\/portal\/wp-json\/wp\/v2\/media\/81805"}],"wp:attachment":[{"href":"https:\/\/eltrabajo.cl\/portal\/wp-json\/wp\/v2\/media?parent=81804"}],"wp:term":[{"taxonomy":"category","embeddable":true,"href":"https:\/\/eltrabajo.cl\/portal\/wp-json\/wp\/v2\/categories?post=81804"},{"taxonomy":"post_tag","embeddable":true,"href":"https:\/\/eltrabajo.cl\/portal\/wp-json\/wp\/v2\/tags?post=81804"}],"curies":[{"name":"wp","href":"https:\/\/api.w.org\/{rel}","templated":true}]}}