{"id":81807,"date":"2017-09-25T05:01:35","date_gmt":"2017-09-25T09:01:35","guid":{"rendered":"http:\/\/www.eltrabajo.cl\/2017\/?p=81807"},"modified":"2017-09-25T05:01:35","modified_gmt":"2017-09-25T09:01:35","slug":"en-san-felipe-se-desarrolla-el-x-encuentro-internacional-de-folklore","status":"publish","type":"post","link":"https:\/\/eltrabajo.cl\/portal\/en-san-felipe-se-desarrolla-el-x-encuentro-internacional-de-folklore\/","title":{"rendered":"En San Felipe se desarrolla el X Encuentro Internacional de Folklore"},"content":{"rendered":"<figure id=\"attachment_81810\" aria-describedby=\"caption-attachment-81810\" style=\"width: 580px\" class=\"wp-caption alignnone\"><img data-recalc-dims=\"1\" loading=\"lazy\" decoding=\"async\" class=\"size-full wp-image-81810\" src=\"https:\/\/i0.wp.com\/www.eltrabajo.cl\/2017\/wp-content\/uploads\/2017\/09\/Folklore2.jpg?resize=580%2C350\" alt=\"La delegaci\u00f3n de Turqu\u00eda destaca dentro de los pa\u00edses participantes.\" width=\"580\" height=\"350\" srcset=\"https:\/\/i0.wp.com\/eltrabajo.cl\/portal\/wp-content\/uploads\/2017\/09\/Folklore2.jpg?w=580&amp;ssl=1 580w, https:\/\/i0.wp.com\/eltrabajo.cl\/portal\/wp-content\/uploads\/2017\/09\/Folklore2.jpg?resize=200%2C121&amp;ssl=1 200w, https:\/\/i0.wp.com\/eltrabajo.cl\/portal\/wp-content\/uploads\/2017\/09\/Folklore2.jpg?resize=300%2C181&amp;ssl=1 300w, https:\/\/i0.wp.com\/eltrabajo.cl\/portal\/wp-content\/uploads\/2017\/09\/Folklore2.jpg?resize=249%2C150&amp;ssl=1 249w, https:\/\/i0.wp.com\/eltrabajo.cl\/portal\/wp-content\/uploads\/2017\/09\/Folklore2.jpg?resize=400%2C241&amp;ssl=1 400w\" sizes=\"auto, (max-width: 580px) 100vw, 580px\" \/><figcaption id=\"caption-attachment-81810\" class=\"wp-caption-text\">La delegaci\u00f3n de Turqu\u00eda destaca dentro de los pa\u00edses participantes.<\/figcaption><\/figure>\n<ul>\n<li><span style=\"color: #ff0000;\"><strong>Participan nueve naciones de distintos continentes:\u00a0Actividad es financiada por el Fondo de Apoyo a la Educaci\u00f3n P\u00fablica de 2017 y con subvenci\u00f3n municipal aprobada por el Concejo municipal sanfelipe\u00f1o.<\/strong><\/span><\/li>\n<\/ul>\n<p>Hasta el pr\u00f3ximo 30 de septiembre se estar\u00e1 desarrollando en San Felipe el X Encuentro Internacional de Folklore, iniciativa que es respaldada por la Direcci\u00f3n de Educaci\u00f3n Municipal (Daem) de la comuna y que cuenta con la participaci\u00f3n de ballets de distintos continentes.<br \/>\nTurqu\u00eda, Senegal, Egipto, Ecuador, Uruguay y Colombia, son part\u00edcipes de este encuentro multicultural que tiene por objetivo orientar y acercar la cultura y el arte a los alumnos del sistema educativo municipalizado sanfelipe\u00f1o.<br \/>\nAs\u00ed lo confirm\u00f3 Juan Cabrera Fuentes, director del Ballet Folcl\u00f3rico del Valle de Aconcagua, Bafova, y director de la actividad, quien manifest\u00f3 que \u00abhemos convocado no s\u00f3lo a los pa\u00edses de Latinoam\u00e9rica, sino que tambi\u00e9n hemos enmarcado la actividad con pa\u00edses de Europa, Medio Oriente e Isla Rapa Nui, principalmente surge porque trabajo en el sistema de educaci\u00f3n municipal y me gusta mostrar esta cultura a los estudiantes de la regi\u00f3n y principalmente del Valle de Aconcagua, el foco principal es mostrar otras culturas a los estudiantes\u00bb, expres\u00f3 Cabrera.<br \/>\nEl evento considera itinerancias con diversas propuestas esc\u00e9nicas, musicales y culturales; encuentros, exposiciones donde participar\u00e1n alumnos con las distintas delegaciones visitantes. Destaca la jornada de hoy lunes, cuando se realiza una muestra en el gimnasio del Liceo Roberto Humeres, y posteriormente, un pasacalle por las principales arterias sanfelipe\u00f1as, donde cada grupo mostrar\u00e1 a los sanfelipe\u00f1os, la m\u00fasica y danzas que los caracterizan.<br \/>\n\u00abLa diversidad cultural que hoy tenemos en el pa\u00eds es muy potente, as\u00ed que la idea es que ellos tambi\u00e9n se acerquen a ver esta actividad, para que se vean reflejados con la tierra que ellos dejan\u00bb, asegur\u00f3 el director del evento, haciendo referencia al contexto cultural que vive San Felipe y el Valle de Aconcagua con la presencia masiva de inmigrantes.<br \/>\nPor su parte el director de la Daem San Felipe, Iv\u00e1n Silva Padilla, se mostr\u00f3 muy contento del desarrollo de este evento, argumentando que beneficiar\u00e1 no s\u00f3lo a los estudiantes de San Felipe, sino que a todo el Valle de Aconcagua.<br \/>\n\u00abEl que nuestros ni\u00f1os puedan compartir con otras culturas, es muy dif\u00edcil que ellos puedan conseguir en otro lado, este trabajo con Juan lo estamos implementando desde los cuatro a\u00f1os que llevo, incrementando pa\u00edses en este gran evento y bueno, culminamos este a\u00f1o con nueve pa\u00edses, nueve escuelas municipales y cerca de 4.000 alumnos que tendr\u00e1n participaci\u00f3n en esta actividad\u00bb, culmin\u00f3 Silva.<\/p>\n<figure id=\"attachment_81808\" aria-describedby=\"caption-attachment-81808\" style=\"width: 580px\" class=\"wp-caption alignnone\"><img data-recalc-dims=\"1\" loading=\"lazy\" decoding=\"async\" class=\"size-full wp-image-81808\" src=\"https:\/\/i0.wp.com\/www.eltrabajo.cl\/2017\/wp-content\/uploads\/2017\/09\/Folklore_Juan-Cabrera.jpg?resize=580%2C577\" alt=\"Juan Cabrera Fuentes, director del Ballet Folcl\u00f3rico del Valle de Aconcagua, Bafova.\" width=\"580\" height=\"577\" srcset=\"https:\/\/i0.wp.com\/eltrabajo.cl\/portal\/wp-content\/uploads\/2017\/09\/Folklore_Juan-Cabrera.jpg?w=580&amp;ssl=1 580w, https:\/\/i0.wp.com\/eltrabajo.cl\/portal\/wp-content\/uploads\/2017\/09\/Folklore_Juan-Cabrera.jpg?resize=151%2C150&amp;ssl=1 151w, https:\/\/i0.wp.com\/eltrabajo.cl\/portal\/wp-content\/uploads\/2017\/09\/Folklore_Juan-Cabrera.jpg?resize=300%2C298&amp;ssl=1 300w, https:\/\/i0.wp.com\/eltrabajo.cl\/portal\/wp-content\/uploads\/2017\/09\/Folklore_Juan-Cabrera.jpg?resize=400%2C398&amp;ssl=1 400w, https:\/\/i0.wp.com\/eltrabajo.cl\/portal\/wp-content\/uploads\/2017\/09\/Folklore_Juan-Cabrera.jpg?resize=144%2C144&amp;ssl=1 144w\" sizes=\"auto, (max-width: 580px) 100vw, 580px\" \/><figcaption id=\"caption-attachment-81808\" class=\"wp-caption-text\">Juan Cabrera Fuentes, director del Ballet Folcl\u00f3rico del Valle de Aconcagua, Bafova.<\/figcaption><\/figure>\n<figure id=\"attachment_81809\" aria-describedby=\"caption-attachment-81809\" style=\"width: 580px\" class=\"wp-caption alignnone\"><img data-recalc-dims=\"1\" loading=\"lazy\" decoding=\"async\" class=\"size-full wp-image-81809\" src=\"https:\/\/i0.wp.com\/www.eltrabajo.cl\/2017\/wp-content\/uploads\/2017\/09\/Folklore1.jpg?resize=580%2C350\" alt=\"Nueve pa\u00edses participan en el X Encuentro Internacional de Folclore de San Felipe.\" width=\"580\" height=\"350\" srcset=\"https:\/\/i0.wp.com\/eltrabajo.cl\/portal\/wp-content\/uploads\/2017\/09\/Folklore1.jpg?w=580&amp;ssl=1 580w, https:\/\/i0.wp.com\/eltrabajo.cl\/portal\/wp-content\/uploads\/2017\/09\/Folklore1.jpg?resize=200%2C121&amp;ssl=1 200w, https:\/\/i0.wp.com\/eltrabajo.cl\/portal\/wp-content\/uploads\/2017\/09\/Folklore1.jpg?resize=300%2C181&amp;ssl=1 300w, https:\/\/i0.wp.com\/eltrabajo.cl\/portal\/wp-content\/uploads\/2017\/09\/Folklore1.jpg?resize=249%2C150&amp;ssl=1 249w, https:\/\/i0.wp.com\/eltrabajo.cl\/portal\/wp-content\/uploads\/2017\/09\/Folklore1.jpg?resize=400%2C241&amp;ssl=1 400w\" sizes=\"auto, (max-width: 580px) 100vw, 580px\" \/><figcaption id=\"caption-attachment-81809\" class=\"wp-caption-text\">Nueve pa\u00edses participan en el X Encuentro Internacional de Folclore de San Felipe.<\/figcaption><\/figure>\n","protected":false},"excerpt":{"rendered":"<p>Participan nueve naciones de distintos continentes:\u00a0Actividad es financiada por el Fondo de Apoyo a la Educaci\u00f3n P\u00fablica de 2017 y con subvenci\u00f3n municipal aprobada por el Concejo municipal sanfelipe\u00f1o. Hasta el pr\u00f3ximo&#8230;<\/p>\n","protected":false},"author":1,"featured_media":81809,"comment_status":"open","ping_status":"open","sticky":false,"template":"","format":"standard","meta":{"advanced_seo_description":"","jetpack_seo_html_title":"","jetpack_seo_noindex":false,"_jetpack_memberships_contains_paid_content":false,"footnotes":""},"categories":[1],"tags":[],"class_list":["post-81807","post","type-post","status-publish","format-standard","has-post-thumbnail","hentry","category-cronica"],"jetpack_featured_media_url":"https:\/\/i0.wp.com\/eltrabajo.cl\/portal\/wp-content\/uploads\/2017\/09\/Folklore1.jpg?fit=580%2C350&ssl=1","jetpack_sharing_enabled":true,"jetpack_likes_enabled":true,"jetpack-related-posts":[],"_links":{"self":[{"href":"https:\/\/eltrabajo.cl\/portal\/wp-json\/wp\/v2\/posts\/81807","targetHints":{"allow":["GET"]}}],"collection":[{"href":"https:\/\/eltrabajo.cl\/portal\/wp-json\/wp\/v2\/posts"}],"about":[{"href":"https:\/\/eltrabajo.cl\/portal\/wp-json\/wp\/v2\/types\/post"}],"author":[{"embeddable":true,"href":"https:\/\/eltrabajo.cl\/portal\/wp-json\/wp\/v2\/users\/1"}],"replies":[{"embeddable":true,"href":"https:\/\/eltrabajo.cl\/portal\/wp-json\/wp\/v2\/comments?post=81807"}],"version-history":[{"count":0,"href":"https:\/\/eltrabajo.cl\/portal\/wp-json\/wp\/v2\/posts\/81807\/revisions"}],"wp:featuredmedia":[{"embeddable":true,"href":"https:\/\/eltrabajo.cl\/portal\/wp-json\/wp\/v2\/media\/81809"}],"wp:attachment":[{"href":"https:\/\/eltrabajo.cl\/portal\/wp-json\/wp\/v2\/media?parent=81807"}],"wp:term":[{"taxonomy":"category","embeddable":true,"href":"https:\/\/eltrabajo.cl\/portal\/wp-json\/wp\/v2\/categories?post=81807"},{"taxonomy":"post_tag","embeddable":true,"href":"https:\/\/eltrabajo.cl\/portal\/wp-json\/wp\/v2\/tags?post=81807"}],"curies":[{"name":"wp","href":"https:\/\/api.w.org\/{rel}","templated":true}]}}